{"id":30217,"date":"2018-02-28T11:21:16","date_gmt":"2018-02-28T10:21:16","guid":{"rendered":"http:\/\/www.invarena.cz\/?p=30217"},"modified":"2018-02-28T11:21:16","modified_gmt":"2018-02-28T10:21:16","slug":"z-naletu-vyvazla-jen-s-jizvami-jina-neslysici-zahynula","status":"publish","type":"post","link":"https:\/\/www.invarena.cz\/?p=30217","title":{"rendered":"Z n\u00e1letu vyv\u00e1zla jen s jizvami, jin\u00e1 nesly\u0161\u00edc\u00ed zahynula"},"content":{"rendered":"<p><strong>Seri\u00e1l P\u0159\u00edb\u011bhy pam\u011btn\u00edk\u016f skrze autentick\u00e1 vypr\u00e1v\u011bn\u00ed p\u0159ipom\u00edn\u00e1 historick\u00e9 ud\u00e1losti a osobnosti 20. stolet\u00ed. V dne\u0161n\u00edm d\u00edle p\u0159ipomeneme skrze vypr\u00e1v\u011bn\u00ed Hedviky Mikul\u00e1\u0161ov\u00e9 osud nesly\u0161\u00edc\u00edch lid\u00ed za II. sv\u011btov\u00e9 v\u00e1lky.<\/strong><br \/>\n<!--more--><br \/>\nNejhor\u0161\u00ed pro ni byl tehdej\u0161\u00ed vzd\u011bl\u00e1vac\u00ed syst\u00e9m. &#8222;Znakov\u00fd jazyk byl zak\u00e1zan\u00fd. U\u010ditel\u00e9 jen psali slova na tabuli a my si je opisovali. V\u016fbec jsme ale nev\u011bd\u011bli, co \u010dteme. Nikdo n\u00e1m ta slova nevysv\u011btlil,&#8220; vzpom\u00edn\u00e1 Mikul\u00e1\u0161ov\u00e1, kter\u00e1 za\u017eila \u00fatrapy II. sv\u011btov\u00e9 v\u00e1lky, odsun N\u011bmc\u016f a bombardov\u00e1n\u00ed Prahy. <\/p>\n<p>Hedvika Mikul\u00e1\u0161ov\u00e1, rozen\u00e1 P\u00e1len\u00ed\u010dkov\u00e1 se narodila 17. \u0159\u00edjna 1925 jako sly\u0161\u00edc\u00ed d\u00edt\u011b do sly\u0161\u00edc\u00ed rodiny. U\u017e od narozen\u00ed byla ale \u010dasto nemocn\u00e1 a ve dvou letech po t\u011b\u017ek\u00fdch spalni\u010dk\u00e1ch zcela ohluchla. Pro jej\u00ed matku to byl \u0161ok.<br \/>\n&#8222;Maminka byla stra\u0161n\u011b zmaten\u00e1. Nev\u011bd\u011bla, co se mnou bude, kdy\u017e nesly\u0161\u00edm a neum\u00edm ani mluvit.<br \/>\nHodn\u011b se o m\u011b b\u00e1la. Na\u0161t\u011bst\u00ed tu ale byla moje teta, skv\u011bl\u00e1 pan\u00ed, kter\u00e1 se v\u0161\u00edm pomohla a o v\u0161echno se postarala. Pr\u00e1v\u011b ona mi na\u0161la \u0161kolu v Radlic\u00edch.&#8220; Tak se mal\u00e1 Hedvika dostala z \u00daholic, kter\u00e9 le\u017e\u00ed nedaleko Prahy, p\u0159\u00edmo do hlavn\u00edho m\u011bsta do V\u00fdmolova \u00fastavu pro hluchon\u011bm\u00e9 d\u011bti (dnes M\u0160, Z\u0160 a S\u0160 pro sluchov\u011b posti\u017een\u00e9 Praha 5, Radlice).<br \/>\nZnamenalo to ale odlou\u010den\u00ed od rodi\u010d\u016f a pobyt na intern\u00e1tu, co\u017e bylo pro \u0161estilet\u00e9 d\u00edt\u011b hodn\u011b stresuj\u00edc\u00ed.<br \/>\nMaminka za n\u00ed jezdila jen jednou za m\u011bs\u00edc, Hedvika byla osam\u011bl\u00e1 a \u0161kolu \u0161patn\u011b sn\u00e1\u0161ela.<br \/>\n&#8222;N\u00e1stup do \u0161koly pro m\u011b byl hrozn\u00fd. Necht\u011bla jsem tam b\u00fdt. Po\u0159\u00e1d jsem jen plakala a plakala. Na\u0161t\u011bst\u00ed m\u011b ale pravideln\u011b nav\u0161t\u011bvovala teta, kter\u00e1 bydlela v Praze. V\u017edy jednou za t\u00fdden nebo za 14 dn\u00ed zkontrolovala, jestli jsem v po\u0159\u00e1dku, nic mi nechyb\u00ed nebo nem\u00e1m t\u0159eba hlad. V\u017edycky mi navrch n\u011bco p\u0159ivezla,&#8220; vzpom\u00edn\u00e1 pan\u00ed Mikul\u00e1\u0161ov\u00e1. <\/p>\n<p>\u0160KOLA PRO NESLY\u0160\u00cdC\u00cd<\/p>\n<p>Nejv\u011bt\u0161\u00edm \u00faskal\u00edm \u0161koly byl p\u0159\u00edstup u\u010ditel\u016f k d\u011btem, ti toti\u017e nesly\u0161\u00edc\u00edm zakazovali pou\u017e\u00edvat znakov\u00fd jazyk, v\u016fbec ho nevyu\u017e\u00edvali p\u0159i v\u00fduce a d\u011bti byly odk\u00e1zan\u00e9 na odez\u00edr\u00e1n\u00ed ze rt\u016f.<br \/>\n&#8222;Znakov\u00fd jazyk byl zak\u00e1zan\u00fd. U\u010ditel\u00e9 jen psali slova na tabuli a my si je opisovali a oni si tam zat\u00edm d\u011blali n\u011bco sami pro sebe. Kdy\u017e jsme m\u011bli slova opsan\u00e1, museli jsme je nahlas \u010d\u00edst. U\u010ditel\u00e9 byli spokojen\u00ed, ale my vlastn\u011b ani nev\u011bd\u011bli, co \u010dteme. Nikdo n\u00e1m ta slova nevysv\u011btlil.&#8220; Se zp\u016fsobem v\u00fduky ve \u0161kole byl velmi nespokojen\u00fd Hedvi\u010din otec, kter\u00fd se jednoho dne neudr\u017eel a vyrazil do Prahy, kde panu \u0159editeli od plic \u0159ekl, co si o jeho \u0161kole a v\u00fdukov\u00fdch metod\u00e1ch mysl\u00ed.<br \/>\n&#8222;J\u00e1 se tenkr\u00e1t hrozn\u011b b\u00e1la, \u017ee a\u017e tat\u00ednek odjede, tak se mi v\u0161ichni u\u010ditel\u00e9 budou mst\u00edt. \u0158editel mi ale \u0159ekl, abych se neb\u00e1la a pokud by se n\u011bco takov\u00e9ho stalo, m\u00e1m mu to hned \u0159\u00edci,&#8220; vzpom\u00edn\u00e1 pan\u00ed Mikul\u00e1\u0161ov\u00e1. Pan \u0159editel si vzal slova pana P\u00e1len\u00ed\u010dka k srdci a za\u010dal alespo\u0148 chodit na kontroly. Tak zjistil, \u017ee jsou d\u011bti u\u017e skoro dosp\u011bl\u00e9 a p\u0159itom po\u0159\u00e1d nic neum\u00ed a ni\u010demu po\u0159\u00e1dn\u011b nerozum\u00ed. Pan\u00ed Mikul\u00e1\u0161ov\u00e1 vzpom\u00edn\u00e1, \u017ee tehdy neum\u011bla j\u00edt ani do obchodu a nakoupit si, proto\u017ee nev\u011bd\u011bla, jak se co jmenuje. I p\u0159es kontroly se ve v\u00fduce nic nezlep\u0161ilo. &#8222;Po\u0159\u00e1d dokola jsme jen opakovali a opakovali a neu\u010dili jsme se nic nov\u00e9ho. Vzpom\u00edn\u00e1m si, \u017ee jsme chodili na proch\u00e1zky v\u017edy ve dvojstupu jako voj\u00e1ci.<br \/>\nKdy\u017e jsme do\u0161li na louku za \u0161kolou, sedli jsme si a cht\u011bli si pov\u00eddat ve znakov\u00e9m jazyce, ale u\u010ditel\u00e9 n\u00e1s hned ok\u0159ikli, a\u0165 mezi sebou jen mluv\u00edme. Zkou\u0161eli jsme to, ale bylo to na nic. Ve \u0161kole n\u00e1s nav\u00edc neu\u010dili ani po\u0159\u00e1dn\u011b vyslovovat, v\u016fbec n\u00e1m neopravovali v\u00fdslovnost a \u0159\u00edkali jen &#8222;Dob\u0159e, dob\u0159e&#8220;. Kdy\u017e jsem pak doma mluvila t\u0159eba na tat\u00ednka, v\u016fbec mi nerozum\u011bl a hrozn\u011b se zlobil.&#8220;<br \/>\nAby Hedvika um\u011bla alespo\u0148 n\u011bco, dou\u010dovala se o pr\u00e1zdnin\u00e1ch se sly\u0161\u00edc\u00edmi kamar\u00e1dkami a hlavn\u011b s tetou. I p\u0159es v\u0161echny \u00fatrapy pan\u00ed Hedvika nakonec z\u00e1kladn\u00ed \u0161kolu vychodila a nastoupila na u\u010dili\u0161t\u011b pro \u0161vadleny, kde se u\u010dila spole\u010dn\u011b se sly\u0161\u00edc\u00edmi spolu\u017ea\u010dkami. <\/p>\n<p>KV\u016eLI Z\u00c1KAZU SV\u00cdCEN\u00cd P\u0158I\u0160LA NESLY\u0160\u00cdC\u00cd O \u017dIVOT <\/p>\n<p>Celou z\u00e1kladn\u00ed \u0161kolu studovala pan\u00ed Hedvika v dob\u011b prob\u00edhaj\u00edc\u00ed II. sv\u011btov\u00e9 v\u00e1lky. Za v\u00e1lky m\u011bla velk\u00e9 \u0161t\u011bst\u00ed, kdy\u017e p\u0159e\u017eila v roce 1945 bombardov\u00e1n\u00ed Prahy. Na\u0161t\u011bst\u00ed vyv\u00e1zla jen s p\u00e1r jizvami na ruce, kter\u00e9 j\u00ed zbyly po z\u00e1sahu \u0161rapnel\u016f z bomby. H\u016f\u0159 dopadla jin\u00e1 nesly\u0161\u00edc\u00ed d\u00edvka, kter\u00e1 kv\u016fli z\u00e1kazu sv\u00edcen\u00ed b\u011bhem ve\u010dern\u00edch n\u00e1let\u016f nevid\u011bla proj\u00ed\u017ed\u011bj\u00edc\u00ed trolejbus, kter\u00fd ji zajel. &#8222;To v\u0161e se stalo jen kv\u016fli tomu z\u00e1kazu sv\u00edcen\u00ed! \u0158idi\u010d trolejbusu ji prost\u011b nemohl vid\u011bt, nesm\u011bl m\u00edt dokonce ani rozsv\u00edcen\u00e1 sv\u011btla na trolejbusu. Proto\u017ee byla nesly\u0161\u00edc\u00ed, nem\u011bla \u0161anci ten trolejbus sly\u0161et a tak zem\u0159ela. Lid\u00e9 hrozn\u011b nad\u00e1vali, a\u017e tam p\u0159i\u0161li i n\u011bme\u010dt\u00ed voj\u00e1ci, t\u011blo t\u00e9 d\u00edvky ohledali a \u0159ekli, \u017ee je mrtv\u00e1. Sanitka ji pak odvezla pry\u010d,&#8220; vzpom\u00edn\u00e1 Hedvika Mikul\u00e1\u0161ov\u00e1 na smrtelnou nehodu. <\/p>\n<p>S MAN\u017dELEM VYCHOVALI DVA SYNY <\/p>\n<p>Kdy\u017e bylo pan\u00ed Hedvice 24 let, provdala se za Bohumila Mikul\u00e1\u0161e, nesly\u0161\u00edc\u00edho fotbalov\u00e9ho reprezentanta, kter\u00fd poch\u00e1zel ze Slovenska.<br \/>\nS man\u017eelem se sezn\u00e1mila na fotbalov\u00e9m z\u00e1pase v roce 1946, kdy slovensk\u00fd t\u00fdm p\u0159ijel do Prahy. Krom\u011b v\u00edt\u011bzstv\u00ed ve fotbale z\u00edskal Bohumil Mikul\u00e1\u0161 po del\u0161\u00edm sna\u017een\u00ed tak\u00e9 srdce pan\u00ed Hedviky. S man\u017eelem vychovali spole\u010dn\u011b dva sly\u0161\u00edc\u00ed syny, se kter\u00fdmi komunikovali \u010d\u00e1ste\u010dn\u011b znakov\u00fdm jazykem a \u010d\u00e1ste\u010dn\u011b pomoc\u00ed mluven\u00ed a odez\u00edr\u00e1n\u00ed. B\u011bhem \u017eivota pracovala pan\u00ed Hedvika jako \u0161vadlena v krej\u010dovstv\u00ed ve Vodi\u010dkov\u011b ulici v Praze a pozd\u011bji tak\u00e9 ve Vinohradsk\u00e9m divadle jako \u0161vadlena divadeln\u00edch kost\u00fdm\u016f. Po smrti man\u017eela \u017eije pan\u00ed Hedvika sama v pra\u017esk\u00e9m byt\u011b a t\u011b\u0161\u00ed se z n\u00e1v\u0161t\u011bv sv\u00fdch syn\u016f, jedn\u00e9 vnu\u010dky, jednoho vnuka a n\u011bkolika pravnou\u010dat.<br \/>\nKa\u017ed\u00fd \u010dtvrtek se tak\u00e9 setk\u00e1v\u00e1 se sv\u00fdmi p\u0159\u00e1teli z \u010cesk\u00e9 unie nesly\u0161\u00edc\u00edch.<\/p>\n<p>ELI\u0160KA \u010cERN\u00c1<br \/>\nPra\u017esk\u00fd den\u00edk<br \/>\nhttp:\/\/www.prazsky.denik.cz\/ <\/p>\n","protected":false},"excerpt":{"rendered":"<div class=\"mh-excerpt\"><p>Seri\u00e1l P\u0159\u00edb\u011bhy pam\u011btn\u00edk\u016f skrze autentick\u00e1 vypr\u00e1v\u011bn\u00ed p\u0159ipom\u00edn\u00e1 historick\u00e9 ud\u00e1losti a osobnosti 20. stolet\u00ed. V dne\u0161n\u00edm d\u00edle p\u0159ipomeneme skrze vypr\u00e1v\u011bn\u00ed Hedviky Mikul\u00e1\u0161ov\u00e9 osud nesly\u0161\u00edc\u00edch lid\u00ed za <a class=\"mh-excerpt-more\" href=\"https:\/\/www.invarena.cz\/?p=30217\" title=\"Z n\u00e1letu vyv\u00e1zla jen s jizvami, jin\u00e1 nesly\u0161\u00edc\u00ed zahynula\">[&#8230;]<\/a><\/p>\n<\/div>","protected":false},"author":1,"featured_media":3624,"comment_status":"open","ping_status":"closed","sticky":false,"template":"","format":"standard","meta":{"footnotes":""},"categories":[9],"tags":[],"class_list":["post-30217","post","type-post","status-publish","format-standard","has-post-thumbnail","hentry","category-zpravy"],"_links":{"self":[{"href":"https:\/\/www.invarena.cz\/index.php?rest_route=\/wp\/v2\/posts\/30217","targetHints":{"allow":["GET"]}}],"collection":[{"href":"https:\/\/www.invarena.cz\/index.php?rest_route=\/wp\/v2\/posts"}],"about":[{"href":"https:\/\/www.invarena.cz\/index.php?rest_route=\/wp\/v2\/types\/post"}],"author":[{"embeddable":true,"href":"https:\/\/www.invarena.cz\/index.php?rest_route=\/wp\/v2\/users\/1"}],"replies":[{"embeddable":true,"href":"https:\/\/www.invarena.cz\/index.php?rest_route=%2Fwp%2Fv2%2Fcomments&post=30217"}],"version-history":[{"count":0,"href":"https:\/\/www.invarena.cz\/index.php?rest_route=\/wp\/v2\/posts\/30217\/revisions"}],"wp:featuredmedia":[{"embeddable":true,"href":"https:\/\/www.invarena.cz\/index.php?rest_route=\/wp\/v2\/media\/3624"}],"wp:attachment":[{"href":"https:\/\/www.invarena.cz\/index.php?rest_route=%2Fwp%2Fv2%2Fmedia&parent=30217"}],"wp:term":[{"taxonomy":"category","embeddable":true,"href":"https:\/\/www.invarena.cz\/index.php?rest_route=%2Fwp%2Fv2%2Fcategories&post=30217"},{"taxonomy":"post_tag","embeddable":true,"href":"https:\/\/www.invarena.cz\/index.php?rest_route=%2Fwp%2Fv2%2Ftags&post=30217"}],"curies":[{"name":"wp","href":"https:\/\/api.w.org\/{rel}","templated":true}]}}