{"id":30222,"date":"2018-02-28T11:41:32","date_gmt":"2018-02-28T10:41:32","guid":{"rendered":"http:\/\/www.invarena.cz\/?p=30222"},"modified":"2018-02-28T11:41:32","modified_gmt":"2018-02-28T10:41:32","slug":"prace-ve-specialni-kavarne","status":"publish","type":"post","link":"https:\/\/www.invarena.cz\/?p=30222","title":{"rendered":"Pr\u00e1ce ve speci\u00e1ln\u00ed kav\u00e1rn\u011b"},"content":{"rendered":"<p><strong>Maj\u00ed fyzick\u00e9 a psychick\u00e9 pot\u00ed\u017ee a \u0161patn\u011b se jim sh\u00e1n\u00ed pr\u00e1ce, p\u0159esto jsou v Plzni m\u00edsta, kde sv\u00e9 uplatn\u011bn\u00ed tito lid\u00e9 najdou, nap\u0159\u00edklad v obchodech s oble\u010den\u00edm, anebo v kav\u00e1rn\u011b. <\/strong><!--more--><\/p>\n<p>Zuzana DUZBABOV\u00c1, redaktorka<br \/>\nSpeci\u00e1ln\u00edch kav\u00e1ren je po Plzni hned n\u011bkolik, a\u0165 u\u017e ta, kde po v\u00e1s lezou ko\u010dky, a\u017e po obsluhou slo\u017eenou \u010dist\u011b z nesly\u0161\u00edc\u00edch. A sv\u00e9 uplatn\u011bn\u00ed na\u0161li i ti s psychick\u00fdmi poruchami, nap\u0159\u00edklad tady Martina. <\/p>\n<p>pan\u00ed Martina, serv\u00edrka<br \/>\nM\u011bla jsem hroznej probl\u00e9m sehnat pr\u00e1ci, vlastn\u011b tady v Plzni a okol\u00ed je to nemysliteln\u00fd, s prac\u00ed je to katastrofa tady. <\/p>\n<p>Zuzana DUZBABOV\u00c1, redaktorka<br \/>\nO mo\u017enosti, \u017ee by mohla pracovat v kav\u00e1rn\u011b jako serv\u00edrka se dozv\u011bd\u011bla p\u0159i posledn\u00edm pobytu v nemocnici. <\/p>\n<p>pan\u00ed Martina, serv\u00edrka<br \/>\nJsem nemocn\u00e1 psychicky a s prac\u00ed je to kalamita, no, sehnat pr\u00e1ci, sna\u017eila jsem si sehnat pr\u00e1ci norm\u00e1ln\u011b,ale poka\u017ed\u00fd kdy\u017e jsem marodila dva, t\u0159i m\u011bs\u00edce, tak to se nedalo. <\/p>\n<p>Zuzana DUZBABOV\u00c1, redaktorka<br \/>\nKav\u00e1rnu, kterou m\u016f\u017eete vid\u011bt za mnou provozuje Diakonie Z\u00e1pad a pr\u00e1ci tady na\u0161lo osm zdravotn\u011b znev\u00fdhodn\u011bn\u00fdch lid\u00ed. A nen\u00ed jedinou, jej\u00ed pobo\u010dka v Prokopov\u011b ulici funguje u\u017e t\u0159in\u00e1ct\u00fdm rokem. <\/p>\n<p>Ladislav NOV\u00dd, provozn\u00ed \u0159editel restaurace<br \/>\nM\u00e1me tady lidi s ment\u00e1ln\u00edm posti\u017een\u00edm, m\u00e1me tady lidi s du\u0161evn\u00edma onemocn\u011bn\u00edma anebo lidi prost\u011b, kter\u00fd maj\u00ed jenom \u0161patn\u00fd z\u00e1da a na to maj\u00ed invalidn\u00ed d\u016fchod. <\/p>\n<p>Zuzana DUZBABOV\u00c1, redaktorka<br \/>\nNaj\u00edt si klasickou pr\u00e1ci a vyhov\u011bt po\u017eadavk\u016fm zam\u011bstnavatele je pro n\u011b nemo\u017en\u00e9. <\/p>\n<p>Ladislav NOV\u00dd, provozn\u00ed \u0159editel restaurace<br \/>\nV\u0161ichni cht\u011bj\u00ed, aby p\u0159i\u0161el \u010dlov\u011bk, kter\u00fd bude pracovat na osm hodin a bude d\u011blat to a to a maximum pod velk\u00fdm stresem, my se sna\u017e\u00edme, aby jsme to uzp\u016fsobili tak, aby tady byli spokojen\u00ed. <\/p>\n<p>Zuzana DUZBABOV\u00c1, redaktorka<br \/>\nSpeci\u00e1ln\u00ed kav\u00e1rna ale nen\u00ed jedin\u00fdm projektem, dal\u0161\u00edm je nap\u0159\u00edklad zdrav\u00e1 sva\u010dina, nebo obchod s oble\u010den\u00edm. <\/p>\n<p>Pro Televizi Barrandov &#8211; Zuzana Duzbabov\u00e1. <\/p>\n","protected":false},"excerpt":{"rendered":"<div class=\"mh-excerpt\"><p>Maj\u00ed fyzick\u00e9 a psychick\u00e9 pot\u00ed\u017ee a \u0161patn\u011b se jim sh\u00e1n\u00ed pr\u00e1ce, p\u0159esto jsou v Plzni m\u00edsta, kde sv\u00e9 uplatn\u011bn\u00ed tito lid\u00e9 najdou, nap\u0159\u00edklad v obchodech <a class=\"mh-excerpt-more\" href=\"https:\/\/www.invarena.cz\/?p=30222\" title=\"Pr\u00e1ce ve speci\u00e1ln\u00ed kav\u00e1rn\u011b\">[&#8230;]<\/a><\/p>\n<\/div>","protected":false},"author":1,"featured_media":18163,"comment_status":"open","ping_status":"closed","sticky":false,"template":"","format":"standard","meta":{"footnotes":""},"categories":[9],"tags":[],"class_list":["post-30222","post","type-post","status-publish","format-standard","has-post-thumbnail","hentry","category-zpravy"],"_links":{"self":[{"href":"https:\/\/www.invarena.cz\/index.php?rest_route=\/wp\/v2\/posts\/30222","targetHints":{"allow":["GET"]}}],"collection":[{"href":"https:\/\/www.invarena.cz\/index.php?rest_route=\/wp\/v2\/posts"}],"about":[{"href":"https:\/\/www.invarena.cz\/index.php?rest_route=\/wp\/v2\/types\/post"}],"author":[{"embeddable":true,"href":"https:\/\/www.invarena.cz\/index.php?rest_route=\/wp\/v2\/users\/1"}],"replies":[{"embeddable":true,"href":"https:\/\/www.invarena.cz\/index.php?rest_route=%2Fwp%2Fv2%2Fcomments&post=30222"}],"version-history":[{"count":0,"href":"https:\/\/www.invarena.cz\/index.php?rest_route=\/wp\/v2\/posts\/30222\/revisions"}],"wp:featuredmedia":[{"embeddable":true,"href":"https:\/\/www.invarena.cz\/index.php?rest_route=\/wp\/v2\/media\/18163"}],"wp:attachment":[{"href":"https:\/\/www.invarena.cz\/index.php?rest_route=%2Fwp%2Fv2%2Fmedia&parent=30222"}],"wp:term":[{"taxonomy":"category","embeddable":true,"href":"https:\/\/www.invarena.cz\/index.php?rest_route=%2Fwp%2Fv2%2Fcategories&post=30222"},{"taxonomy":"post_tag","embeddable":true,"href":"https:\/\/www.invarena.cz\/index.php?rest_route=%2Fwp%2Fv2%2Ftags&post=30222"}],"curies":[{"name":"wp","href":"https:\/\/api.w.org\/{rel}","templated":true}]}}