{"id":30246,"date":"2018-03-09T10:35:28","date_gmt":"2018-03-09T09:35:28","guid":{"rendered":"http:\/\/www.invarena.cz\/?p=30246"},"modified":"2018-03-09T10:35:28","modified_gmt":"2018-03-09T09:35:28","slug":"finance-uz-nejsou-prekazkou-pro-inkluzi-deti-s-postizenim","status":"publish","type":"post","link":"https:\/\/www.invarena.cz\/?p=30246","title":{"rendered":"Finance u\u017e nejsou p\u0159ek\u00e1\u017ekou pro inkluzi d\u011bt\u00ed s posti\u017een\u00edm"},"content":{"rendered":"<p><strong>Dohady a spekulace kolem inkluze se nejl\u00e9pe vyvracej\u00ed pomoc\u00ed fakt\u016f. \u0160kolsk\u00e9 odbory, \u010cesk\u00e1 odborn\u00e1 spole\u010dnost pro inkluzivn\u00ed vzd\u011bl\u00e1v\u00e1n\u00ed a Nadace OSF si proto zadaly v\u00fdzkum mezi 507 u\u010diteli a 126 \u0159editeli z\u00e1kladn\u00edch \u0161kol v cel\u00e9 republice, aby zjistily, jak po roce vn\u00edmaj\u00ed novelu \u0161kolsk\u00e9ho z\u00e1kona o podpo\u0159e spole\u010dn\u00e9ho vzd\u011bl\u00e1v\u00e1n\u00ed.<\/strong><!--more--><\/p>\n<p><!--more--><br \/>\n&#8222;Uk\u00e1zalo se, \u017ee 94 procent \u0159editel\u016f m\u00e1 dlouholetou zku\u0161enost se vzd\u011bl\u00e1v\u00e1n\u00edm \u017e\u00e1k\u016f s posti\u017een\u00edm a dal\u0161\u00edmi speci\u00e1ln\u00edmi pot\u0159ebami,&#8220; uvedla p\u0159i v\u010derej\u0161\u00ed prezentaci v\u00fdsledk\u016f Lucie Ple\u0161kov\u00e1 z Nadace OSF. D\u00edky zhruba \u010dty\u0159miliardov\u00e9 podpo\u0159e st\u00e1tu se pozvolna da\u0159\u00ed financovat pot\u0159eby \u017e\u00e1k\u016f s posti\u017een\u00edm, nap\u0159\u00edklad zaji\u0161\u0165ovat asistenty pedagog\u016f. Jejich p\u0159\u00ednos pozitivn\u011b hodnot\u00ed 84 procent u\u010ditel\u016f. Bohu\u017eel, uchaze\u010de o tyto pozice nach\u00e1z\u00ed bez pot\u00ed\u017e\u00ed zat\u00edm jen 42 procent \u0161kol. P\u0159esto t\u00e9m\u011b\u0159 polovina \u0159editel\u016f m\u00edn\u00ed, \u017ee d\u00edky legislativn\u00ed zm\u011bn\u011b mohli handicapovan\u00fdm d\u011btem poskytnout lep\u0161\u00ed Nejv\u011bt\u0161\u00ed pot\u00ed\u017ee maj\u00ed kanto\u0159i p\u0159i v\u00fdchov\u011b \u017e\u00e1k\u016f s v\u00fdvojov\u00fdmi poruchami chov\u00e1n\u00ed a za\u010dle\u0148ov\u00e1n\u00ed d\u011bt\u00ed s ment\u00e1ln\u00edm posti\u017een\u00edm a psychick\u00fdm onemocn\u011bn\u00edm. V\u00fdzkum agentury Nielsen Admosphere p\u0159itom potvrdil, \u017ee v souvislosti se zm\u011bnou z\u00e1kona nedo\u0161lo k z\u00e1sadn\u00edmu zv\u00fd\u0161en\u00ed po\u010dtu \u017e\u00e1k\u016f s ment\u00e1ln\u00edm posti\u017een\u00edm v b\u011b\u017en\u00fdch \u0161kol\u00e1ch.<br \/>\nPodle statistick\u00e9 ro\u010denky se v minul\u00e9m \u0161koln\u00edm roce 85 procent \u017e\u00e1k\u016f s lehk\u00fdm ment\u00e1ln\u00edm posti\u017een\u00edm (LMP) vzd\u011bl\u00e1valo ve speci\u00e1ln\u00edch \u0161kol\u00e1ch, b\u011b\u017enou Z\u0160 nav\u0161t\u011bvovalo 1915 z nich.<br \/>\nJedno d\u00edt\u011b s LMP tak p\u0159ipadalo na 473 \u0161kol\u00e1k\u016f. Naopak \u017e\u00e1k\u016f se z\u00e1va\u017enou poruchou chov\u00e1n\u00ed bylo v b\u011b\u017en\u00fdch \u0161kol\u00e1ch a\u017e 7777. U\u010ditel\u00e9 tak logicky volaj\u00ed po v\u011bt\u0161\u00ed metodick\u00e9 a odborn\u00e9 pomoci, p\u0159\u00edtomnosti speci\u00e1ln\u00edch pedagog\u016f a psycholog\u016f p\u0159\u00edmo ve \u0161kol\u00e1ch. P\u0159iv\u00edtali by i vy\u0161kolen\u00fd zdravotn\u00ed person\u00e1l. Nejsiln\u011bj\u0161\u00ed po\u017eadavek ale c\u00edl\u00ed na sn\u00ed\u017een\u00ed administrativn\u00ed z\u00e1t\u011b\u017ee, kter\u00e1 je s inkluz\u00ed spojena.<br \/>\n&#8222;My st\u00e1le p\u0159ipom\u00edn\u00e1me, \u017ee kdy\u017e se u\u010ditel\u016fm v\u00fdrazn\u011b zv\u00fd\u0161\u00ed platy, bude i v\u011bt\u0161\u00ed z\u00e1jem o studium pedagogick\u00fdch fakult v\u010detn\u011b speci\u00e1ln\u00ed pedagogiky,&#8220; m\u00edn\u00ed Franti\u0161ek Dob\u0161\u00edk, \u0161\u00e9f \u0161kolsk\u00fdch odbor\u016f, kter\u00e9 zastupuj\u00ed 19 tis\u00edc zam\u011bstnanc\u016f ve \u0161kolstv\u00ed.<br \/>\nZd\u016fraznil, \u017ee populistick\u00e9 v\u00fdroky n\u011bkter\u00fdch politik\u016f ne\u0159e\u0161\u00ed podstatu v\u011bci, je\u017e spo\u010d\u00edv\u00e1 ve slad\u011bn\u00ed pr\u00e1v d\u011bt\u00ed a podpory u\u010ditel\u016f. <\/p>\n<p>KATE\u0158INA PERKNEROV\u00c1<br \/>\nJihlavsk\u00fd den\u00edk<br \/>\nhttp:\/\/wwwjihlavsky.denik.cz\/  <\/p>\n","protected":false},"excerpt":{"rendered":"<div class=\"mh-excerpt\"><p>Dohady a spekulace kolem inkluze se nejl\u00e9pe vyvracej\u00ed pomoc\u00ed fakt\u016f. \u0160kolsk\u00e9 odbory, \u010cesk\u00e1 odborn\u00e1 spole\u010dnost pro inkluzivn\u00ed vzd\u011bl\u00e1v\u00e1n\u00ed a Nadace OSF si proto zadaly v\u00fdzkum <a class=\"mh-excerpt-more\" href=\"https:\/\/www.invarena.cz\/?p=30246\" title=\"Finance u\u017e nejsou p\u0159ek\u00e1\u017ekou pro inkluzi d\u011bt\u00ed s posti\u017een\u00edm\">[&#8230;]<\/a><\/p>\n<\/div>","protected":false},"author":1,"featured_media":24769,"comment_status":"open","ping_status":"closed","sticky":false,"template":"","format":"standard","meta":{"footnotes":""},"categories":[9],"tags":[],"class_list":["post-30246","post","type-post","status-publish","format-standard","has-post-thumbnail","hentry","category-zpravy"],"_links":{"self":[{"href":"https:\/\/www.invarena.cz\/index.php?rest_route=\/wp\/v2\/posts\/30246","targetHints":{"allow":["GET"]}}],"collection":[{"href":"https:\/\/www.invarena.cz\/index.php?rest_route=\/wp\/v2\/posts"}],"about":[{"href":"https:\/\/www.invarena.cz\/index.php?rest_route=\/wp\/v2\/types\/post"}],"author":[{"embeddable":true,"href":"https:\/\/www.invarena.cz\/index.php?rest_route=\/wp\/v2\/users\/1"}],"replies":[{"embeddable":true,"href":"https:\/\/www.invarena.cz\/index.php?rest_route=%2Fwp%2Fv2%2Fcomments&post=30246"}],"version-history":[{"count":0,"href":"https:\/\/www.invarena.cz\/index.php?rest_route=\/wp\/v2\/posts\/30246\/revisions"}],"wp:featuredmedia":[{"embeddable":true,"href":"https:\/\/www.invarena.cz\/index.php?rest_route=\/wp\/v2\/media\/24769"}],"wp:attachment":[{"href":"https:\/\/www.invarena.cz\/index.php?rest_route=%2Fwp%2Fv2%2Fmedia&parent=30246"}],"wp:term":[{"taxonomy":"category","embeddable":true,"href":"https:\/\/www.invarena.cz\/index.php?rest_route=%2Fwp%2Fv2%2Fcategories&post=30246"},{"taxonomy":"post_tag","embeddable":true,"href":"https:\/\/www.invarena.cz\/index.php?rest_route=%2Fwp%2Fv2%2Ftags&post=30246"}],"curies":[{"name":"wp","href":"https:\/\/api.w.org\/{rel}","templated":true}]}}