{"id":30250,"date":"2018-03-09T10:33:17","date_gmt":"2018-03-09T09:33:17","guid":{"rendered":"http:\/\/www.invarena.cz\/?p=30250"},"modified":"2018-03-09T10:33:17","modified_gmt":"2018-03-09T09:33:17","slug":"clovek-se-odrazi-rukama-a-zaroven-musi-ovladat-puk","status":"publish","type":"post","link":"https:\/\/www.invarena.cz\/?p=30250","title":{"rendered":"\u010clov\u011bk se odr\u00e1\u017e\u00ed rukama a z\u00e1rove\u0148 mus\u00ed ovl\u00e1dat puk"},"content":{"rendered":"<p><strong>Vrchol sportovn\u00ed kari\u00e9ry. Tak mluv\u00ed sledge hokejista Martin Nov\u00e1k o sv\u00e9 \u00fa\u010dasti na leto\u0161n\u00edch paralympijsk\u00fdch hr\u00e1ch v Pchjong\u010dchangu. Sportovec, kter\u00fd u\u017e n\u011bkolik sezon h\u00e1j\u00ed barvy olomouck\u00fdch Kohout\u016f i \u010cesk\u00e9 republiky, se do Koreje t\u011b\u0161il.<\/strong><!--more--><\/p>\n<p><!--more--><br \/>\n&#8222;Jsou to m\u00e9 prvn\u00ed paralympijsk\u00e9 hry a vzhledem k m\u00e9mu v\u011bku asi i posledn\u00ed,&#8220; \u0159\u00edk\u00e1 t\u0159ia\u010dty\u0159icetilet\u00fd hokejista. Sou\u010d\u00e1st\u00ed reprezenta\u010dn\u00edho t\u00fdmu \u010cesk\u00e9 republiky je posledn\u00ed \u010dty\u0159i roky. &#8222;Za\u017eil jsem mistrovstv\u00ed sv\u011bta v Buffalu v roce 2015, o rok pozd\u011bji jsme hr\u00e1li ve \u0160v\u00e9dsku na mistrovstv\u00ed Evropy a na sv\u011btov\u00e9m \u0161ampion\u00e1tu B v Japonsku. N\u011bjak\u00e9 velk\u00e9 turnaje m\u00e1m za sebou, ale olympi\u00e1da je pro m\u011b nejv\u00edc,&#8220; m\u00edn\u00ed. <\/p>\n<p>SPR\u00c1VN\u00c1 VOLBA <\/p>\n<p>Hokeji se v\u011bnuje \u0161est let, dostal se k n\u011bmu p\u0159i zam\u011bstn\u00e1n\u00ed.<br \/>\n&#8222;Po \u00faraze jsem za\u010dal pracovat v P\u0159erov\u011b u firmy prod\u00e1vaj\u00edc\u00ed kompenza\u010dn\u00ed pom\u016fcky a invalidn\u00ed voz\u00ed\u010dky. Kolega m\u011bl vazby na olomouck\u00fd klub a doporu\u010dil mi ho, tak jsem to zkusil,&#8220; vzpom\u00edn\u00e1 hokejov\u00fd \u00fato\u010dn\u00edk. &#8222;Kdy\u017e jsem se sna\u017eil hr\u00e1t fotbal, bylo to sp\u00ed\u0161 sm\u011b\u0161n\u00e9. V hokeji jsem se ale na\u0161el, zv\u00fd\u0161ilo to i m\u00e9 sebev\u011bdom\u00ed,&#8220; pokra\u010duje.<br \/>\nP\u0159ed \u010dtrn\u00e1cti lety Martin ne\u0161\u0165astnou n\u00e1hodou spadl pod vlak. &#8222;P\u0159i\u0161el jsem o pravou nohu nad kolenem.<br \/>\nAle m\u011bl jsem obrovsk\u00e9 \u0161t\u011bst\u00ed, \u017ee m\u011b podr\u017eela rodina, p\u0159edev\u0161\u00edm man\u017eelka Simona. Dostal jsem druhou \u0161anci,&#8220; \u0159\u00edk\u00e1 Martin Nov\u00e1k.<br \/>\nSledge hokej je ur\u010den\u00fd pro hr\u00e1\u010de s posti\u017een\u00edm v doln\u00ed \u010d\u00e1sti t\u011bla. Upnut\u00ed jsou do ocelov\u00fdch san\u00ed se dv\u011bma no\u017ei a plastov\u00fdm sed\u00e1kem, pohybuj\u00ed se pomoc\u00ed dvou kr\u00e1tk\u00fdch hokejek, kter\u00e9 maj\u00ed na jednom konci ocelov\u00e9 hroty a na druh\u00e9m \u010depel. &#8222;Je to n\u00e1ro\u010dn\u011bj\u0161\u00ed ne\u017e klasick\u00fd hokej.<br \/>\nNejde couvat, \u010dlov\u011bk se odr\u00e1\u017e\u00ed ob\u011bma rukama a z\u00e1rove\u0148 mus\u00ed ovl\u00e1dat puk,&#8220; popisuje olomouck\u00fd hokejista.<br \/>\nDo reprezentace se dostal brzy potom, co se na led\u011b objevil. &#8222;V\u0161iml si m\u011b reprezenta\u010dn\u00ed tren\u00e9r, kter\u00fd sleduje ligov\u00e9 z\u00e1pasy, a cht\u011bl doplnit k\u00e1dr. N\u011bkte\u0159\u00ed star\u0161\u00ed hr\u00e1\u010di u\u017e s reprezenta\u010dn\u00ed kari\u00e9rou po paralympi\u00e1d\u011b v So\u010di kon\u010dili, sna\u017eil se ho proto doplnit,&#8220; p\u0159em\u00edt\u00e1.<br \/>\nTe\u010f se ale jeho mysl soust\u0159ed\u00ed na paralympijsk\u00e9 hry, kter\u00e9 startuj\u00ed dnes. \u010cesk\u00fd sledgehokejov\u00fd t\u00fdm se na led\u011b poprv\u00e9 p\u0159edvede v ned\u011bli. &#8222;Za\u010d\u00edn\u00e1me proti Koreji, dal\u0161\u00ed z\u00e1pas m\u00e1me s USA a z\u00e1kladn\u00ed skupinu kon\u010d\u00edme s Japonskem. R\u00e1di bychom hr\u00e1li o medaile, v\u00edme, \u017ee cesta do semifin\u00e1le vede hned p\u0159es ten nejd\u016fle\u017eit\u011bj\u0161\u00ed prvn\u00ed z\u00e1pas, a to proti Koreji,&#8220; popisuje Martin Nov\u00e1k. <\/p>\n<p>PODPORA BL\u00cdZK\u00ddCH <\/p>\n<p>Do Asie odlet\u011bl s t\u00fdmem prvn\u00ed b\u0159eznovou sobotu, rodina z\u016fstala doma a bude fandit u obrazovky stejn\u011b jako olomou\u010dt\u00ed spoluhr\u00e1\u010di. &#8222;Rodina m\u011b moc podporuje, p\u0159\u00e1tel\u00e9 a kamar\u00e1di mi fand\u00ed, je to pro m\u011b hodn\u011b p\u0159\u00edjemn\u00e9 povzbuzen\u00ed. I v Olomouci m\u011b podporuj\u00ed, stoj\u00ed za mnou a p\u0159ej\u00ed mi to. Za podporu klubu jsem moc r\u00e1d,&#8220; p\u0159ikyvuje.<br \/>\nParalympisjk\u00e9 hry v Pchjong\u010dchangu by pro Martina Nov\u00e1ka m\u011bly b\u00fdt v reprezenta\u010dn\u00edm dresu \u010cesk\u00e9 republiky posledn\u00edm \u0161ampion\u00e1tem. S olomouck\u00fdm t\u00fdmem se ale rozhodn\u011b nelou\u010d\u00ed. &#8222;Chyst\u00e1m se ukon\u010dit reprezenta\u010dn\u00ed kari\u00e9ru, ligu v Olomouci chci ale ur\u010dit\u011b hr\u00e1t d\u00e1l,&#8220; dopl\u0148uje.<\/p>\n<p>Olomouck\u00fd den\u00edk<br \/>\nhttp:\/\/www.olomoucky.denik.cz\/ <\/p>\n","protected":false},"excerpt":{"rendered":"<div class=\"mh-excerpt\"><p>Vrchol sportovn\u00ed kari\u00e9ry. Tak mluv\u00ed sledge hokejista Martin Nov\u00e1k o sv\u00e9 \u00fa\u010dasti na leto\u0161n\u00edch paralympijsk\u00fdch hr\u00e1ch v Pchjong\u010dchangu. Sportovec, kter\u00fd u\u017e n\u011bkolik sezon h\u00e1j\u00ed barvy <a class=\"mh-excerpt-more\" href=\"https:\/\/www.invarena.cz\/?p=30250\" title=\"\u010clov\u011bk se odr\u00e1\u017e\u00ed rukama a z\u00e1rove\u0148 mus\u00ed ovl\u00e1dat puk\">[&#8230;]<\/a><\/p>\n<\/div>","protected":false},"author":1,"featured_media":6805,"comment_status":"open","ping_status":"closed","sticky":false,"template":"","format":"standard","meta":{"footnotes":""},"categories":[9],"tags":[],"class_list":["post-30250","post","type-post","status-publish","format-standard","has-post-thumbnail","hentry","category-zpravy"],"_links":{"self":[{"href":"https:\/\/www.invarena.cz\/index.php?rest_route=\/wp\/v2\/posts\/30250","targetHints":{"allow":["GET"]}}],"collection":[{"href":"https:\/\/www.invarena.cz\/index.php?rest_route=\/wp\/v2\/posts"}],"about":[{"href":"https:\/\/www.invarena.cz\/index.php?rest_route=\/wp\/v2\/types\/post"}],"author":[{"embeddable":true,"href":"https:\/\/www.invarena.cz\/index.php?rest_route=\/wp\/v2\/users\/1"}],"replies":[{"embeddable":true,"href":"https:\/\/www.invarena.cz\/index.php?rest_route=%2Fwp%2Fv2%2Fcomments&post=30250"}],"version-history":[{"count":0,"href":"https:\/\/www.invarena.cz\/index.php?rest_route=\/wp\/v2\/posts\/30250\/revisions"}],"wp:featuredmedia":[{"embeddable":true,"href":"https:\/\/www.invarena.cz\/index.php?rest_route=\/wp\/v2\/media\/6805"}],"wp:attachment":[{"href":"https:\/\/www.invarena.cz\/index.php?rest_route=%2Fwp%2Fv2%2Fmedia&parent=30250"}],"wp:term":[{"taxonomy":"category","embeddable":true,"href":"https:\/\/www.invarena.cz\/index.php?rest_route=%2Fwp%2Fv2%2Fcategories&post=30250"},{"taxonomy":"post_tag","embeddable":true,"href":"https:\/\/www.invarena.cz\/index.php?rest_route=%2Fwp%2Fv2%2Ftags&post=30250"}],"curies":[{"name":"wp","href":"https:\/\/api.w.org\/{rel}","templated":true}]}}