{"id":30251,"date":"2018-03-09T10:32:32","date_gmt":"2018-03-09T09:32:32","guid":{"rendered":"http:\/\/www.invarena.cz\/?p=30251"},"modified":"2018-03-09T10:32:32","modified_gmt":"2018-03-09T09:32:32","slug":"behem-jizdy-mi-traser-hlasi-kde-je-to-zledovatele","status":"publish","type":"post","link":"https:\/\/www.invarena.cz\/?p=30251","title":{"rendered":"B\u011bhem j\u00edzdy mi tras\u00e9r hl\u00e1s\u00ed, kde je to zledovat\u011bl\u00e9"},"content":{"rendered":"<p><strong>Kdy\u017e si Ester Ledeck\u00e1 jela pro druh\u00e9 zlato, Tade\u00e1\u0161 K\u0159\u00ed\u017e si p\u0159ivstal, aby z\u00e1vod stihl. Te\u010f mo\u017en\u00e1 pojede na stejn\u00e9m svahu. Je toti\u017e jedn\u00edm ze \u010dty\u0159iadvaceti \u010desk\u00fdch sportovc\u016f, kte\u0159\u00ed budou reprezentovat \u010desk\u00e9 barvy na paralympijsk\u00fdch hr\u00e1ch v Pchjong\u010dchangu.<\/strong><!--more--><\/p>\n<p><!--more--><br \/>\nDvaadvacetilet\u00fd Tade\u00e1\u0161 K\u0159\u00ed\u017e, student olomouck\u00e9 fakulty t\u011blesn\u00e9 kultury, bude bojovat v discipl\u00edn\u00e1ch alpsk\u00e9ho ly\u017eov\u00e1n\u00ed: slalom speci\u00e1l a ob\u0159\u00ed slalom.<br \/>\nOlympi\u00e1du si chce p\u0159edev\u0161\u00edm u\u017e\u00edt a nas\u00e1t nov\u00e9 zku\u0161enosti. &#8222;Nejv\u00edc budu spokojen\u00fd, kdy\u017e p\u0159edvedu to, na co jsem zvykl\u00fd, nebo co jsem uk\u00e1zal v posledn\u00edch z\u00e1vodech,&#8220; \u0159\u00edk\u00e1 Tade\u00e1\u0161 K\u0159\u00ed\u017e. <\/p>\n<p>DIVOK\u00c1 KARTA <\/p>\n<p>Ambice s vidinou olympi\u00e1dy na za\u010d\u00e1tku v\u016fbec nem\u011bl.<br \/>\n&#8222;Nepo\u010d\u00edtal jsem s t\u00edm, i kdy\u017e n\u011bkte\u0159\u00ed \u0159\u00edkali, \u017ee jsem \u0161ikovn\u00fd a \u017ee ta mo\u017enost je. Soust\u0159edil jsem se na ka\u017ed\u00fd z\u00e1vod i tr\u00e9nink. Te\u010f pojedu na divokou kartu, to znamen\u00e1, \u017ee po fin\u00e1ln\u00edm propo\u010dtu byla v t\u00fdmu je\u0161t\u011b voln\u00e1 m\u00edsta, a tak m\u016f\u017eu jet. Jede n\u00e1s tam \u0161est alpsk\u00fdch ly\u017ea\u0159\u016f, t\u0159i t\u011blesn\u011b a t\u0159i zrakov\u011b posti\u017een\u00ed,&#8220; pokra\u010duje.<br \/>\nZrakov\u011b posti\u017een\u00fd z\u00e1vodn\u00edk ly\u017euje teprve dva roky. Na ly\u017ee se postavil a\u017e d\u00edky kurzu na olomouck\u00e9 fakult\u011b. &#8222;Potom, co se mi zrak zhor\u0161il, jsem na ly\u017e\u00edch nebyl.<br \/>\nNeb\u00e1l jsem se ani tak o to, \u017ee bych to nezvl\u00e1dl, ale sp\u00ed\u0161, abych na sjezdovce neohro\u017eoval okol\u00ed. B\u00edl\u00fd ter\u00e9n pro m\u011b mnohdy spl\u00fdv\u00e1, a to je to nejn\u00e1ro\u010dn\u011bj\u0161\u00ed. Vedouc\u00ed kurzu mi sehnal tras\u00e9ra, se kter\u00fdm jsem t\u00fddenn\u00ed ly\u017eov\u00e1n\u00ed absolvoval, a pak mi nab\u00eddl tuhle mo\u017enost, \u017ee se bude rozj\u00ed\u017ed\u011bt z\u00e1vodn\u00ed skupina,&#8220; popisuje za\u010d\u00e1tky. Zat\u00edm se m\u016f\u017ee pochlubit titulem mistra republiky 2017 a letos ve slalomu a ob\u0159\u00edm slalomu skon\u010dil se st\u0159\u00edbrem. <\/p>\n<p>POM\u00c1H\u00c1 TRAS\u00c9R <\/p>\n<p>Vysv\u011btluje, \u017ee v Pchjong\u010dchangu si trasu nejprve projede a zept\u00e1 se na zku\u0161enosti ostatn\u00edch z\u00e1vodn\u00edk\u016f. &#8222;Tras\u00e9r jede v\u017edy p\u0159ede mnou, v ide\u00e1ln\u00ed stop\u011b. B\u011bhem j\u00edzdy mi do sluch\u00e1tek hl\u00e1s\u00ed, kde je to zledovat\u011bl\u00e9, kde je jak\u00fd sklon \u010di nahrnut\u00fd sn\u00edh. J\u00e1 to toti\u017e v t\u00e9 rychlosti a s t\u00edm, jak vid\u00edm, nest\u00edh\u00e1m vn\u00edmat. I proto jede p\u0159ede mnou,&#8220; vysv\u011btluje zp\u016fsob j\u00edzdy student aplikovan\u00fdch pohybov\u00fdch aktivit, kter\u00fd je\u0161t\u011b ned\u00e1vno slavil \u00fasp\u011bchy p\u0159edev\u0161\u00edm ve sv\u011bt\u011b biketrialu.<br \/>\nDokonce se stal mistrem Evropy. &#8222;Jako zdrav\u00fd jsem za\u010d\u00ednal s biketrialem, kolo m\u011b bav\u00ed od mala. Cht\u011bl jsem se k tomu vr\u00e1tit, i kdybych m\u011bl jezdit o n\u011bjak\u00e9 kategorie n\u00ed\u017e. Minul\u00fd rok jsem si ale troufl i na tu nejpresti\u017en\u011bj\u0161\u00ed, kterou jsem nejezdil ani jako zdrav\u00fd. Nakonec jsem obsadil osm\u00e9 m\u00edsto a d\u00e1 se \u0159\u00edct, \u017ee jsem byl osm\u00fd nejlep\u0161\u00ed v \u010cesk\u00e9 republice. Ov\u0161em je t\u0159eba \u0159\u00edct, \u017ee prim\u00e1rn\u011b tenhle sport pro handicapovan\u00e9 v\u016fbec nen\u00ed.&#8220;<br \/>\nP\u0159ed p\u011bti lety byla Tade\u00e1\u0161i K\u0159\u00ed\u017eovi diagnostikov\u00e1na Leberova heredit\u00e1rn\u00ed optick\u00e1 neuropatie. &#8222;M\u00e1m \u00fabytek o\u010dn\u00edho nervu a obrysov\u00e9 rozost\u0159en\u00e9 vid\u011bn\u00ed. Stalo se mi to v podstat\u011b ze dne na den, mezi druh\u00fdm a t\u0159et\u00edm ro\u010dn\u00edkem na st\u0159edn\u00ed \u0161kole. Ze za\u010d\u00e1tku to bylo n\u00e1ro\u010dn\u00e9. Hodn\u011b mi pomohla rodina, za\u0159\u00eddila mi kompenza\u010dn\u00ed pom\u016fcky, abych mohl fungovat,&#8220; vzpom\u00edn\u00e1 mlad\u00edk.<br \/>\nVe \u0161kole ze za\u010d\u00e1tku v\u00fduku jen poslouchal, minim\u00e1ln\u011b se zapojoval do hodin, chodil dom\u016f \u010dasto hodn\u011b unaven\u00fd. &#8222;Zm\u00e1halo m\u011b to, sna\u017eil jsem se o\u010dima n\u011bco hledat a ne\u0161lo to. Te\u010f u\u017e v\u00edm, jak s t\u00edm trochu pracovat,&#8220; vysv\u011btluje a p\u0159id\u00e1v\u00e1, \u017ee bez podpory rodiny by dnes nebyl tam, kde je. &#8222;Rodina se m\u011b sna\u017eila podpo\u0159it ve v\u0161em, co jsem d\u011blal. \u0158\u00edkali mi, abych kolo zkusil, \u017ee budu jezdit jen rekrea\u010dn\u011b, a postupem \u010dasu jsem zase stoupal v \u00farovn\u00edch nahoru, a\u017e jsem se loni dostal do t\u00e9 nejpresti\u017en\u011bj\u0161\u00ed,&#8220; p\u0159ikyvuje. <\/p>\n<p>VYHL\u00cdDKA DO BUDOUCNA <\/p>\n<p>Na paralympijsk\u00e9 hry se t\u011b\u0161\u00ed, rodina a p\u0159\u00e1tel\u00e9 mu budou doma v Hodon\u00edn\u011b dr\u017eet palce. &#8222;Bude tam spousta zku\u0161en\u011bj\u0161\u00edch jezdc\u016f, od kter\u00fdch m\u00e1m v\u00fdkonnostn\u00ed odstup, jedu tam hlavn\u011b pro zku\u0161enosti. Ly\u017eov\u00e1n\u00ed bych se cht\u011bl v\u011bnovat i d\u00e1le,&#8220; p\u0159em\u00edt\u00e1 Tade\u00e1\u0161. Olympijsk\u00e9 hry sledoval, jak to \u0161lo. &#8222;Na Ester Ledeckou na snowboardu jsme si p\u0159ivstali. Pod\u00edvali jsme se a pak jsme \u0161li z\u00e1vodit my,&#8220; uzav\u0159el. <\/p>\n<p> Olomouck\u00fd den\u00edk<br \/>\nhttp:\/\/www.olomoucky.denik.cz\/ <\/p>\n","protected":false},"excerpt":{"rendered":"<div class=\"mh-excerpt\"><p>Kdy\u017e si Ester Ledeck\u00e1 jela pro druh\u00e9 zlato, Tade\u00e1\u0161 K\u0159\u00ed\u017e si p\u0159ivstal, aby z\u00e1vod stihl. Te\u010f mo\u017en\u00e1 pojede na stejn\u00e9m svahu. Je toti\u017e jedn\u00edm ze <a class=\"mh-excerpt-more\" href=\"https:\/\/www.invarena.cz\/?p=30251\" title=\"B\u011bhem j\u00edzdy mi tras\u00e9r hl\u00e1s\u00ed, kde je to zledovat\u011bl\u00e9\">[&#8230;]<\/a><\/p>\n<\/div>","protected":false},"author":1,"featured_media":14745,"comment_status":"open","ping_status":"closed","sticky":false,"template":"","format":"standard","meta":{"footnotes":""},"categories":[9],"tags":[],"class_list":["post-30251","post","type-post","status-publish","format-standard","has-post-thumbnail","hentry","category-zpravy"],"_links":{"self":[{"href":"https:\/\/www.invarena.cz\/index.php?rest_route=\/wp\/v2\/posts\/30251","targetHints":{"allow":["GET"]}}],"collection":[{"href":"https:\/\/www.invarena.cz\/index.php?rest_route=\/wp\/v2\/posts"}],"about":[{"href":"https:\/\/www.invarena.cz\/index.php?rest_route=\/wp\/v2\/types\/post"}],"author":[{"embeddable":true,"href":"https:\/\/www.invarena.cz\/index.php?rest_route=\/wp\/v2\/users\/1"}],"replies":[{"embeddable":true,"href":"https:\/\/www.invarena.cz\/index.php?rest_route=%2Fwp%2Fv2%2Fcomments&post=30251"}],"version-history":[{"count":0,"href":"https:\/\/www.invarena.cz\/index.php?rest_route=\/wp\/v2\/posts\/30251\/revisions"}],"wp:featuredmedia":[{"embeddable":true,"href":"https:\/\/www.invarena.cz\/index.php?rest_route=\/wp\/v2\/media\/14745"}],"wp:attachment":[{"href":"https:\/\/www.invarena.cz\/index.php?rest_route=%2Fwp%2Fv2%2Fmedia&parent=30251"}],"wp:term":[{"taxonomy":"category","embeddable":true,"href":"https:\/\/www.invarena.cz\/index.php?rest_route=%2Fwp%2Fv2%2Fcategories&post=30251"},{"taxonomy":"post_tag","embeddable":true,"href":"https:\/\/www.invarena.cz\/index.php?rest_route=%2Fwp%2Fv2%2Ftags&post=30251"}],"curies":[{"name":"wp","href":"https:\/\/api.w.org\/{rel}","templated":true}]}}