{"id":30263,"date":"2018-03-13T09:12:57","date_gmt":"2018-03-13T08:12:57","guid":{"rendered":"http:\/\/www.invarena.cz\/?p=30263"},"modified":"2018-03-13T09:12:57","modified_gmt":"2018-03-13T08:12:57","slug":"sebeposkozovani","status":"publish","type":"post","link":"https:\/\/www.invarena.cz\/?p=30263","title":{"rendered":"Sebepo\u0161kozov\u00e1n\u00ed"},"content":{"rendered":"<p><strong>Ve studiu \u010cRo Dvojka hovo\u0159il v psychologick\u00e9 poradn\u011b psycholog z Psychologick\u00e9 poradny GEONA, PhDr. Ji\u0159\u00ed Nov\u00e1k, na t\u00e9ma sebepo\u0161kozov\u00e1n\u00ed. Podle n\u011bj jde o fenom\u00e9n, kter\u00fd se \u0161\u00ed\u0159\u00ed jako lavina. P\u0159in\u00e1\u0161\u00edme p\u0159epis rozhovoru. <\/strong><!--more--><\/p>\n<p>PhDr. Ji\u0159\u00ed NOV\u00c1K, psycholog, Psychologick\u00e1 poradna GEONA<br \/>\npakli\u017ee jsme d\u011blali rozbor s klienty, co bylo v pozad\u00ed, co je k tomu nutilo, tak v\u011bt\u0161inou se jednalo o bohu\u017eel mus\u00edm \u0159\u00edct d\u011bti mezi 13, 15 l\u00e9ty a v\u017edycky tam byla bu\u010f n\u011bjak\u00e1 nespokojenost nebo tam bylo n\u011bco i v osobnosti d\u00edt\u011bte, nebylo t\u0159eba p\u0159\u00edli\u0161 zvykl\u00fd \u0159e\u0161it probl\u00e9my, d\u011blali to za n\u011bj rodi\u010de, tak\u017ee tam je t\u011bch p\u0159\u00ed\u010din mnoho, ale v\u017edy tam bylo n\u011bco, s \u010d\u00edm jsem nespokojen. Ob\u011bti \u0161ikany, po\u0161kozovaly se. V podstat\u011b my hovo\u0159\u00edme o sebepo\u0161kozov\u00e1n\u00ed, ale j\u00e1 nem\u00e1m na mysli sebepo\u0161kozov\u00e1n\u00ed u psychotick\u00fd poruchy nebo u masochismu nebo u n\u011b\u010deho podobn\u00e9ho. Mysl\u00edm t\u00edm, \u017ee spr\u00e1vn\u011bj\u0161\u00ed je sebetrest\u00e1n\u00ed, proto\u017ee v pozad\u00ed je v\u017edycky n\u011bco, co si mysl\u00edm, \u017ee jsem ud\u011blal, nebo co jsem opravdu ud\u011blal a v podstat\u011b je tam motiv viny a trestu, nechci \u010dekat a\u017e ten trest p\u0159ijde, tak se potrest\u00e1m s\u00e1m. To nakonec u\u017e \u0159\u00edkal Sigmund Freud kdysi ve 30. l\u00e9tech minul\u00e9ho stolet\u00ed. <\/p>\n<p>Martin MINHA, redaktor<br \/>\nTo t\u00e9ma dnes je samoz\u0159ejm\u011b hodn\u011b intimn\u00ed a z\u00e1va\u017en\u00e9, \u010dili naj\u00edt respondenta nebylo jednoduch\u00e9. Nicm\u00e9n\u011b p\u0159es kamar\u00e1dku jsem se dostal k mlad\u00e9 sle\u010dn\u011b, kter\u00e1 se neb\u00e1la o tom probl\u00e9mu mluvit. Za\u017eila ho ve sv\u00fdch n\u011bjak\u00fdch 12, 13 letech a co ji k tomu vedlo a vlastn\u011b jak se to projevovalo, si poj\u010fme poslechnout. <\/p>\n<p> Marta<br \/>\nNec\u00edtila jsem podporu ani od rodi\u010d\u016f, ani od kamar\u00e1d\u016f, vlastn\u011b jsem nem\u011bla moc kamar\u00e1d\u016f. A jednou u\u017e m\u011b to p\u0159estalo bavit a \u0159ekla jsem dost a jedin\u00fd, co m\u011b napadlo bylo j\u00edt do kuchyn\u011b, vz\u00edt si n\u016f\u017e a prost\u011b se \u0159\u00edznout. <\/p>\n<p>redaktor<br \/>\nA to jste m\u011bla tu odvahu vz\u00edt n\u016f\u017e a \u0159\u00edznout se? <\/p>\n<p> Marta<br \/>\nNo, nejd\u0159\u00edv ne, ale po p\u00e1r sekund\u00e1ch jsem se teda jako p\u0159ekonala a ze za\u010d\u00e1tku jsem c\u00edtila jenom velkou bolest, ale pak jsem zjistila, \u017ee to bylo stra\u0161n\u011b uklid\u0148uj\u00edc\u00ed. Kdy\u017e ta krev teda jako za\u010dala vyt\u00e9kat, tak se mi stra\u0161n\u011b ulevilo a najednou jsem se c\u00edtila l\u00edp. <\/p>\n<p> redaktor<br \/>\nA jak to teda skon\u010dilo? <\/p>\n<p> Marta<br \/>\nNo, pomohla mi kamar\u00e1dka, kterou jsem si na\u0161la a postupn\u011b jsem ztratila my\u0161lenku v\u016fbec na to vz\u00edt ten n\u016f\u017e nebo vz\u00edt tu \u017eiletku a \u00fapln\u011b jsem to p\u0159estala d\u011blat. <\/p>\n<p>Ji\u0159\u00ed HOLOUBEK, moder\u00e1tor<br \/>\nPane doktore, d\u00e1 se \u0159\u00edct, jestli to, o \u010dem se dnes bav\u00edme, je probl\u00e9m sp\u00ed\u0161e d\u00edvek, o t\u00e9 v\u011bkov\u00e9 kategorii u\u017e jste mluvil, sp\u00ed\u0161e d\u00edvek nebo chlapc\u016f, anebo je to jedno? <\/p>\n<p>PhDr. Ji\u0159\u00ed NOV\u00c1K, psycholog, Psychologick\u00e1 poradna GEONA<br \/>\nJe to zcela ur\u010dit\u011b probl\u00e9m d\u00edvek, ale i \u017een. Tam v podstat\u011b na v\u011bku nez\u00e1le\u017e\u00ed, ale nejv\u00edc m\u016f\u017eeme tenhle ten fenom\u00e9n sledovat u mlad\u0161\u00edch kategori\u00ed, to znamen\u00e1 u d\u011bt\u00ed a nebo u dosp\u00edvaj\u00edc\u00edch adolescent\u016f. <\/p>\n<p>moder\u00e1tor<br \/>\nCo v\u0161echno se pod t\u00edm pojmem sebepo\u0161kozov\u00e1n\u00ed m\u016f\u017ee skr\u00fdvat, proto\u017ee to, co n\u00e1s asi napadne jako prvn\u00ed, je ten n\u016f\u017e a ta \u0159ezn\u00e1 r\u00e1na, ale to m\u016f\u017ee b\u00fdt mo\u017en\u00e1 ur\u010dit\u00fd extr\u00e9m t\u011bch zp\u016fsob\u016f je ur\u010dit\u011b cel\u00e1 \u0159ada. <\/p>\n<p>PhDr. Ji\u0159\u00ed NOV\u00c1K<br \/>\nUr\u010dit\u011b, m\u016f\u017ee to b\u00fdt t\u0159eba i psychosomatick\u00e9 onemocn\u011bn\u00ed. V\u011bt\u0161inou psychosomatika souvis\u00ed spolu s t\u00edm, co se d\u011bje v na\u0161\u00ed mysli, v na\u0161\u00ed du\u0161i, odraz\u00ed se to do t\u011bla a opa\u010dn\u011b. Tak\u017ee neurotick\u00e9 probl\u00e9my v\u011bt\u0161inou te\u010f na ja\u0159e a na podzim m\u016f\u017eeme vid\u011bt i v exacerbaci n\u011bjak\u00fdch \u017ealude\u010dn\u00edch probl\u00e9m\u016f, obt\u00ed\u017e\u00ed a v\u011bt\u0161inou je to zp\u016fsobeno psychosomaticky, to znamen\u00e1 psychika je tady v prvn\u00ed \u0159ad\u011b, ne t\u011blo, to je a\u017e druhotn\u00e9. <\/p>\n<p> moder\u00e1tor<br \/>\nJ\u00e1 m\u00e1m dojem, \u017ee o sebepo\u0161kozov\u00e1n\u00ed se nikdy nemluvilo v\u00edc ne\u017e v posledn\u00edch 5, 8 mo\u017en\u00e1 10 letech, co to znamen\u00e1? <\/p>\n<p>PhDr. Ji\u0159\u00ed NOV\u00c1K, psycholog,<br \/>\nJ\u00e1 mysl\u00edm, \u017ee to je asi fenom\u00e9n doby, jinak to sebepo\u0161kozov\u00e1n\u00ed bylo v\u017edy. Nakonec kdy\u017e si vezmeme kr\u00e1le Oidipa, kter\u00fd se oslepil, tak to u\u017e je n\u011bjak\u00fdch set let zp\u00e1tky, dokonce tis\u00edcilet\u00ed. Tak\u017ee je to dobou a pro\u010d je to u ml\u00e1de\u017ee&#8230;. bych \u0159ekl, je to t\u00edm, \u017ee nen\u00ed odoln\u00e1 v\u016f\u010di z\u00e1t\u011b\u017ei jako byly minul\u00e9 generace. Je zchoulostiv\u011bl\u00e1, i kdy\u017e se na m\u011b asi budou zlobit, ale je to tak. <\/p>\n<p> moder\u00e1tor<br \/>\n p\u00ed\u0161ete: &#8222;Kamar\u00e1dka je v posledn\u00edch m\u011bs\u00edc\u00edch neobvykle uzav\u0159ena do sebe. P\u0159i t\u011blocviku jsem si v\u0161imla zvl\u00e1\u0161tn\u00edch jizev na z\u00e1dech a m\u00e1 taky zni\u010den\u00e9 nehty. Nechci d\u011blat z\u00e1v\u011bry a z\u00e1rove\u0148 ji nechci ubl\u00ed\u017eit. Pros\u00edm, pora\u010fte, na koho bych se m\u011bla obr\u00e1tit? Kristina, 14 let.&#8220; <\/p>\n<p>PhDr. Ji\u0159\u00ed NOV\u00c1K, psycholog,<br \/>\nTak, jestli u\u017e to do\u0161lo a\u017e do takov\u00e9to podoby, tak v tom p\u0159\u00edpad\u011b ten \u010dlov\u011bk u\u017e si s\u00e1m pomoc nem\u016f\u017ee, tady ta prevence u\u017e by p\u0159i\u0161la pozd\u011b. Co nejd\u0159\u00edve, opravdu co nejd\u0159\u00edve se obr\u00e1tit na odborn\u00edka a\u0165 psychologa nebo psychiatra, proto\u017ee s\u00e1m si ten \u010dlov\u011bk nepom\u016f\u017ee. Neum\u00ed odhalit tu p\u0159\u00ed\u010dinu. <\/p>\n<p> moder\u00e1tor<br \/>\nOdborn\u00edk, samoz\u0159ejm\u011b pro n\u011bkoho zvl\u00e1\u0161\u0165 ve v\u011bku 14, 15, 16 let vyrazit za psychologem \u010di psychiatrem, to m\u016f\u017ee b\u00fdt probl\u00e9m n\u011bjak\u00fd ment\u00e1ln\u00ed, \u0159ekne si, p\u0159ece nejsem bl\u00e1zen. &#8222;Mohou v tomto p\u0159\u00edpad\u011b n\u011bjak\u00fdm zp\u016fsobem zafungovat bu\u010f kamar\u00e1di,&#8220; jak p\u00ed\u0161e 14let\u00e1 spolu\u017ea\u010dka, nebo rodina, m\u011bli bychom se nap\u0159\u00edklad v\u016fbec pokou\u0161et to \u0159e\u0161it v rodin\u011b, m\u00e1me \u0161anci to vy\u0159e\u0161it a dov\u00e9st l \u00fasp\u011b\u0161n\u00e9mu konci? <\/p>\n<p>PhDr. Ji\u0159\u00ed NOV\u00c1K,<br \/>\nUr\u010dit\u011b ano, proto\u017ee p\u0159eci jenom \u010dlov\u011bk, kter\u00fd je v zajet\u00ed toho sv\u00e9ho p\u0159esv\u011bd\u010den\u00ed, \u017ee bu\u010f zap\u0159\u00ed\u010dinil to, pro\u010d se trest\u00e1 s\u00e1m nebo n\u011bco podobn\u00e9ho, tak ur\u010dit\u011b s\u00e1m nevy\u0159e\u0161\u00ed. A kamar\u00e1di samoz\u0159ejm\u011b mohou pomoci, podobn\u011b jako pomohla kamar\u00e1dka tady t\u00e9 akt\u00e9rce toho p\u0159\u00edb\u011bhu, ale rodi\u010de v podstat\u011b maj\u00ed povinnost, jestli\u017ee vid\u00ed, \u017ee to d\u00edt\u011b je n\u011bjak\u00fdm zp\u016fsobem \u0159ekl bych, ne posti\u017een\u00fd, to ur\u010dit\u011b ne, ale n\u011bjak\u00e9 stopy toho trest\u00e1n\u00ed tam jsou, tak to nemus\u00ed b\u00fdt sebetrest\u00e1n\u00ed, m\u016f\u017ee to b\u00fdt t\u0159eba i tou \u0161ikanou. Ale v ka\u017ed\u00e9m p\u0159\u00edpad\u011b je to t\u0159eba \u0159e\u0161it. <\/p>\n<p>moder\u00e1tor<br \/>\nPane doktore, bol\u00ed to ty, kte\u0159\u00ed se sebepo\u0161kozuj\u00ed? <\/p>\n<p>PhDr. Ji\u0159\u00ed NOV\u00c1K, psycholog,<br \/>\nNo, sle\u010dna \u0159\u00edkala, \u017ee ano, to zcela ur\u010dit\u011b to bolet bude, ale kupodivu, proto\u017ee jsem se ptal mnoha des\u00edtek lid\u00ed, kter\u00fd to \u0159e\u0161ili t\u00edmhle zp\u016fsobem, tak v podstat\u011b \u0159\u00edkali, \u017ee ne, \u017ee se jim ulevilo a \u017ee to moc nebolelo. A vysv\u011btluje si to t\u00edm, \u017ee v podstat\u011b, kdy\u017e se \u010dlov\u011bk po\u0159e\u017ee nebo si zp\u016fsob\u00ed \u00faraz, tak se vylou\u010d\u00ed takzvan\u00e9 beta endorfiny, co\u017e jsou hormony dobr\u00e9 n\u00e1lady, kter\u00e9 n\u00e1m maj\u00ed br\u00e1nit v \u0161oku, a v podstat\u011b tu bolest zm\u00edr\u0148uj\u00ed. Jsou to opi\u00e1ty, kter\u00e9 si na\u0161e t\u011blo vyr\u00e1b\u00ed samo. <\/p>\n<p> moder\u00e1tor<br \/>\nJ\u00e1 se po\u0159e\u017eu a velmi zjednodu\u0161en\u011b a zp\u016fsob\u00ed mi to dobrou n\u00e1ladu, zp\u016fsob\u00ed mi to \u00falevu? <\/p>\n<p>PhDr. Ji\u0159\u00ed NOV\u00c1K,<br \/>\nNo, paradoxn\u011b ano, proto\u017ee se to st\u00e1v\u00e1 jakoby zlozvykem. Jednak ty beta endorfiny zp\u016fsob\u00ed \u010dlov\u011bku dobrou n\u00e1ladu, to je pravda, ale za prv\u00e9, za druh\u00fd tam odvede v podstat\u011b pozornost od toho prvotn\u00edho prim\u00e1rn\u00edho p\u0159\u00edpadu, co zp\u016fsobilo tu nespokojenost. <\/p>\n<p> moder\u00e1tor<br \/>\nM\u00e1me telefonick\u00fd dotaz&#8230;.<\/p>\n<p>osoba<br \/>\nDobr\u00fd den. J\u00e1 bych se, pros\u00edm v\u00e1s, cht\u011bl jenom zeptat, taky je sebepo\u0161kozov\u00e1n\u00ed u n\u011bkterejch t\u011bch jak se \u0159\u00edk\u00e1 primitivn\u00edch nebo p\u0159\u00edrodn\u00edch n\u00e1rod\u016f, jo, kter\u00fd jako t\u00edm jsou do stavu jako mu\u017enosti, tak jakej je n\u00e1zor pana odborn\u00edka tady na tuhle tu v\u011bc, \u017ee sebepo\u0161kozov\u00e1n\u00ed, \u017ee se t\u0159eba \u0159e\u017eou jo, a jsou to i \u017eeny a to, \u017ee dos\u00e1hnou ur\u010dit\u00fdho v\u011bku za\u010dnou se sebepo\u0161kozovat, jako\u017ee u\u017e jsou ve stavu dosp\u011blosti. Tak bych cht\u011bl v\u011bd\u011bt tenhle ten n\u00e1zor? A nebo sebepo\u0161kozov\u00e1n\u00ed z politickej d\u016fvod\u016f, jakej n\u00e1zor na sebepo\u0161kozov\u00e1n\u00ed, aby dos\u00e1hli n\u011bjakejch politickejch c\u00edl\u016f jako t\u0159eba byli t\u0159eba r\u016fzn\u00ed buddhisti, kter\u00fd protestovali proti v\u00e1lce ve Vietnamu a tak. <\/p>\n<p>PhDr. Ji\u0159\u00ed NOV\u00c1K,<br \/>\nTo je n\u011bco jin\u00e9ho opravdu, tady to m\u00e1 ritu\u00e1ln\u00ed c\u00edl, taky b\u00fdvala mysl\u00edm slavnost \u0161achsej-vachsej, kdy se \u0159ezali opravdu krut\u011b a\u017e n\u011bkdy k smrti, ale to nen\u00ed sebepo\u0161kozov\u00e1n\u00ed, co m\u00e1me na mysli my, \u017ee to je od\u010din\u011bn\u00ed za trest, za n\u011bco, co jsem ud\u011blal a\u0165 u\u017e opravdu a nebo jenom si to mysl\u00edm, m\u016f\u017ee to b\u00fdt jenom n\u00e1\u0161 my\u0161lenkov\u00fd konstrukt. <\/p>\n<p> moder\u00e1tor<br \/>\nD\u00edky za odpov\u011b\u010f. Dal\u0161\u00ed telefon\u00e1t, v\u00edt\u00e1me v\u00e1s, dobr\u00fd den. <\/p>\n<p>osoba<br \/>\nDobr\u00fd den, tady poslucha\u010dka z Plzn\u011b. J\u00e1 bych se cht\u011bla zeptat ohledn\u011b na\u0161\u00ed dcery, kter\u00e1 chodila s chlapcem u\u017e je to tro\u0161ku del\u0161\u00ed dobu v\u00edce jak rok a \u00fapln\u011b n\u00e1hodou, bude ji 17 teda, a \u00fapln\u011b n\u00e1hodou p\u0159i p\u0159evl\u00e9k\u00e1n\u00ed jsem objevila dv\u011b jizvy na hrudn\u00edku. Nejd\u0159\u00edv necht\u011bla \u0159\u00edct od \u010deho to je a potom tedy po m\u00e9m nal\u00e9h\u00e1n\u00ed, asi to \u00fapln\u011b nebyla ta spr\u00e1vn\u00e1 reakce, ale \u0159ekla pro\u010d to ud\u011blala. Bylo to kv\u016fli chlapci. Netu\u0161\u00edm bohu\u017eel ten d\u016fvod. Ty jizvy jsou velk\u00e9 asi kolem 5, 4 centimetr\u016f, jsou nad sebou, tak\u017ee se po\u0159ezala \u017eiletkou a vyd\u011bsilo m\u011b to. Mluvily jsme o tom hodn\u011b, sl\u00edbila, \u017ee u\u017e to nikdy neud\u011bl\u00e1, s t\u00edm chlapcem u\u017e teda nechod\u00ed. Byla to takov\u00e1 prvn\u00ed l\u00e1ska, ale nev\u00edm ten d\u016fvod, jestli ji zp\u016fsoboval n\u011bjak\u00e9 psychick\u00e9 probl\u00e9my, bohu\u017eel se n\u00e1m a\u017e takhle neotev\u0159ela. A chci se pana doktora zeptat, jsme norm\u00e1ln\u011b funguj\u00edc\u00ed rodina miluj\u00edc\u00ed, mysl\u00edm, \u017ee dcera to v\u00ed, v\u00ed, \u017ee se na n\u00e1s s man\u017eelem m\u016f\u017ee obr\u00e1tit, a o to v\u00edce n\u00e1s to p\u0159ekvapilo velmi. A sl\u00edbila teda, \u017ee u\u017e to nikdy neud\u011bl\u00e1, \u017ee to byla hloupost. M\u00e1me se n\u011bkam k odborn\u00edkovi obr\u00e1tit, anebo ji m\u00e1me jen sledovat n\u011bjak\u00fdm letm\u00fdm okem nebo ob\u010das si s n\u00ed op\u011bt promluvit? D\u011bkuju. <\/p>\n<p>PhDr. Ji\u0159\u00ed NOV\u00c1K,<br \/>\nJ\u00e1 mysl\u00edm, \u017ee sledov\u00e1n\u00ed asi nebude nutn\u00e9, jestli\u017ee to bylo jenom jednor\u00e1zov\u011b, tak je to opravdu velice \u010dast\u00e9, proto\u017ee to prvn\u00ed zklam\u00e1n\u00ed. V podstat\u011b to d\u00edt\u011b nev\u00ed jak\u00fdm zp\u016fsobem se s t\u00edm m\u00e1 vyrovnat. To je pr\u00e1v\u011b to, co jsem \u0159\u00edkal, \u017ee dne\u0161n\u00ed generace neum\u00ed \u0159e\u0161it sv\u00e9 probl\u00e9my a \u0159e\u0161\u00ed to bohu\u017eel copingov\u00fdmi strategiemi, \u00fanikem a \u00fanik je v podstat\u011b i to po\u0159ez\u00e1n\u00ed. Tak\u017ee t\u00edm, \u017ee se po\u0159ezala, tak se ji ur\u010dit\u011b ulevilo, ale j\u00e1 bych \u0159ekl, \u017ee hlavn\u011b mus\u00edme s t\u011bma d\u011btma mluvit. Jestli\u017ee maj\u00ed k n\u00e1m d\u016fv\u011bru, vid\u00ed v n\u00e1s n\u011bkoho, kdo jim pom\u00e1h\u00e1, na koho se mohou v nouzi obr\u00e1tit, tak to je mo\u017en\u00e1 uchr\u00e1n\u00ed od toho, \u017ee se za\u010dnou trestat. <\/p>\n<p> moder\u00e1tor<br \/>\n Pod\u00edv\u00e1me se na dal\u0161\u00ed e-mail.<br \/>\nP\u00ed\u0161e pan\u00ed So\u0148a: &#8222;Za\u010dalo to v m\u00fdch 11 letech, vid\u011bla jsem to u m\u00e9 kamar\u00e1dky, tak jsem to taky zkusila, nejd\u0159\u00edv kru\u017e\u00edtkem a potom sklem. Stejn\u011b jako ve va\u0161em p\u0159\u00edb\u011bhu mi pomohly kamar\u00e1dky a tak\u00e9 rodina. Te\u010f je mi 30 a tak mi napad\u00e1, zda by nebylo dobr\u00e9 za\u010d\u00edt preventivn\u011b na z\u00e1kladn\u00edch \u0161kol\u00e1ch o tomto probl\u00e9mu mluvit?&#8220; <\/p>\n<p>PhDr. Ji\u0159\u00ed NOV\u00c1K,<br \/>\nTak ur\u010dit\u011b, prevence nen\u00ed nikdy dost a je to nakonec to nejlep\u0161\u00ed, co m\u016f\u017eeme ud\u011blat. Tak\u017ee ne\u017e k tomu v\u016fbec dojde k tomu sebepo\u0161kozen\u00ed, tak to d\u00edt\u011b by m\u011blo v\u011bd\u011bt o\u010d se jedn\u00e1 a hlavn\u011b m\u016f\u017ee si pomoc samo, alespo\u0148 v tom prvopo\u010d\u00e1tku, proto\u017ee m\u011blo by si ud\u011blat po\u0159\u00e1dek v tom, jestli opravdu ten d\u016fvod je prav\u00fd, anebo jenom smy\u0161len\u00fd, co\u017e b\u00fdv\u00e1 v mnoha p\u0159\u00edpadech opravdu naprosto bu\u010f n\u011bco nicotn\u00e9ho, anebo n\u011bco, co v\u016fbec se nestalo, co si to d\u00edt\u011b v podstat\u011b nasugerovalo. <\/p>\n<p> moder\u00e1tor<br \/>\nN\u011bkdo vyu\u017eil tak\u00e9 na\u0161e telefonn\u00ed linky<\/p>\n<p>osoba<br \/>\nDobr\u00fd den, dobr\u00fd den, tady je Zitov\u00e1. J\u00e1 m\u00e1m jenom takovou p\u0159ipom\u00ednku k tomu prvn\u00edmu dotazu, kter\u00fd tam byl od t\u00e9 14let\u00e9 d\u00edvky na tu kamar\u00e1dku. Ona podle m\u011b, co jste tam \u0159\u00edkali, \u017ee m\u011bla ty jizvy na z\u00e1dech, to si teda mysl\u00edm, \u017ee to si p\u0159eci nem\u016f\u017ee zp\u016fsobit sama, to m\u011b sp\u00ed\u0161 p\u0159ipad\u00e1, \u017ee to je ciz\u00ed zavin\u011bn\u00ed. <\/p>\n<p> moder\u00e1tor<br \/>\nD\u011bkujeme za v\u00e1s post\u0159eh a za zavol\u00e1n\u00ed. A vlastn\u011b si to docela dok\u00e1\u017eu p\u0159edstavit, \u017ee si \u010dlov\u011bk dok\u00e1\u017ee podr\u00e1pat z\u00e1da. <\/p>\n<p>PhDr. Ji\u0159\u00ed NOV\u00c1K, psycholog,<br \/>\nOpravdu nem\u016f\u017eeme, nem\u00e1me ani \u010das to \u0159e\u0161it nebo zkoumat jak se to stalo, ale mohlo se to st\u00e1t \u0161vihnut\u00edm. D\u0159\u00edv p\u0159eci taky existovala sekta flagelant\u016f, kter\u00e1 se trestala za sv\u00e9 h\u0159\u00edchy a bylo to, \u017ee se \u0161vihali bi\u010dem, tak je to mo\u017en\u00fd. <\/p>\n<p>moder\u00e1tor<br \/>\nPane doktore, existuj\u00ed n\u011bjak\u00e9 statistiky, kter\u00e9 by dolo\u017eily to, o \u010dem jsme mluvili na za\u010d\u00e1tku, tedy, \u017ee ten probl\u00e9m je opravdu \u0161irok\u00fd, ba \u017ee se jaksi opakuje ve st\u00e1le v\u011bt\u0161\u00edch a v\u011bt\u0161\u00edch \u010d\u00edslech, kolika mlad\u00fdch lid\u00ed se tato problematika t\u00fdk\u00e1? <\/p>\n<p>PhDr. Ji\u0159\u00ed NOV\u00c1K,<br \/>\nHledal jsem tu statistiku, ale bohu\u017eel nena\u0161el a ur\u010dit\u011b v\u00edm, \u017ee policie d\u011blala statistiku p\u0159ed rokem nebo p\u0159ed dv\u011bma, a to byla ta akce Modr\u00e1 velryba, jak bylo to sebevra\u017eedn\u00fd hnut\u00ed, pak to nebylo zalo\u017eeno asi na skute\u010dnosti, ale co je, co se t\u00fdk\u00e1 modern\u00edch n\u011bjak\u00fdch \u010d\u00edsel, tak to bohu\u017eel, bu\u010f mo\u017en\u00e1 existuje, ale nen\u00ed to zve\u0159ejn\u011bno. V\u00edm, \u017ee posledn\u00ed, co jsem na\u0161el, tak bylo z Velk\u00e9 Brit\u00e1nie, a to bylo z roku 2000. <\/p>\n<p> moder\u00e1tor<br \/>\n\u010ceho bychom si, pane doktore, m\u011bli v\u0161\u00edmat u na\u0161ich d\u011bt\u00ed, abychom podobn\u00fdm v\u011bcem p\u0159ede\u0161li? <\/p>\n<p>PhDr. Ji\u0159\u00ed NOV\u00c1K,<br \/>\nP\u0159edev\u0161\u00edm, jestli jsou spokojen\u00fd, jestli jsou v po\u0159\u00e1dku, jestli se neuzav\u00edraj\u00ed p\u0159\u00edli\u0161 do sebe. Tak j\u00e1 v\u00edm, \u017ee je to t\u011b\u017ek\u00e9 zjistit, kdy\u017e v\u011bt\u0161inou d\u011bti tr\u00e1v\u00ed \u010das u po\u010d\u00edta\u010d\u016f a jinejch chytrejch krabi\u010dek, ale hlavn\u011b bychom s nima m\u011bli hovo\u0159it. Ten kontakt je opravdu k nezaplacen\u00ed. <\/p>\n<p>Ji\u0159\u00ed HOLOUBEK, moder\u00e1tor<br \/>\nD\u011bkuji. Takov\u00e1 byla dne\u0161n\u00ed Psychologick\u00e1 poradna s panem doktorem Ji\u0159\u00edm Nov\u00e1kem, psychologem. Pane doktore, d\u00edky moc za zaj\u00edmav\u00e9 t\u00e9ma a za v\u00e1\u0161 \u010das. M\u011bjte se p\u011bkn\u011b. <\/p>\n","protected":false},"excerpt":{"rendered":"<div class=\"mh-excerpt\"><p>Ve studiu \u010cRo Dvojka hovo\u0159il v psychologick\u00e9 poradn\u011b psycholog z Psychologick\u00e9 poradny GEONA, PhDr. Ji\u0159\u00ed Nov\u00e1k, na t\u00e9ma sebepo\u0161kozov\u00e1n\u00ed. Podle n\u011bj jde o fenom\u00e9n, kter\u00fd <a class=\"mh-excerpt-more\" href=\"https:\/\/www.invarena.cz\/?p=30263\" title=\"Sebepo\u0161kozov\u00e1n\u00ed\">[&#8230;]<\/a><\/p>\n<\/div>","protected":false},"author":1,"featured_media":21892,"comment_status":"open","ping_status":"closed","sticky":false,"template":"","format":"standard","meta":{"footnotes":""},"categories":[9],"tags":[],"class_list":["post-30263","post","type-post","status-publish","format-standard","has-post-thumbnail","hentry","category-zpravy"],"_links":{"self":[{"href":"https:\/\/www.invarena.cz\/index.php?rest_route=\/wp\/v2\/posts\/30263","targetHints":{"allow":["GET"]}}],"collection":[{"href":"https:\/\/www.invarena.cz\/index.php?rest_route=\/wp\/v2\/posts"}],"about":[{"href":"https:\/\/www.invarena.cz\/index.php?rest_route=\/wp\/v2\/types\/post"}],"author":[{"embeddable":true,"href":"https:\/\/www.invarena.cz\/index.php?rest_route=\/wp\/v2\/users\/1"}],"replies":[{"embeddable":true,"href":"https:\/\/www.invarena.cz\/index.php?rest_route=%2Fwp%2Fv2%2Fcomments&post=30263"}],"version-history":[{"count":0,"href":"https:\/\/www.invarena.cz\/index.php?rest_route=\/wp\/v2\/posts\/30263\/revisions"}],"wp:featuredmedia":[{"embeddable":true,"href":"https:\/\/www.invarena.cz\/index.php?rest_route=\/wp\/v2\/media\/21892"}],"wp:attachment":[{"href":"https:\/\/www.invarena.cz\/index.php?rest_route=%2Fwp%2Fv2%2Fmedia&parent=30263"}],"wp:term":[{"taxonomy":"category","embeddable":true,"href":"https:\/\/www.invarena.cz\/index.php?rest_route=%2Fwp%2Fv2%2Fcategories&post=30263"},{"taxonomy":"post_tag","embeddable":true,"href":"https:\/\/www.invarena.cz\/index.php?rest_route=%2Fwp%2Fv2%2Ftags&post=30263"}],"curies":[{"name":"wp","href":"https:\/\/api.w.org\/{rel}","templated":true}]}}