{"id":30264,"date":"2018-03-14T16:07:01","date_gmt":"2018-03-14T15:07:01","guid":{"rendered":"http:\/\/www.invarena.cz\/?p=30264"},"modified":"2018-03-14T16:07:01","modified_gmt":"2018-03-14T15:07:01","slug":"dostala-jsem-pokutu-za-to-ze-na-parkovisti-neparkuji-na-miste-pro-invalidy-muzete-mi-to-prosim-vysvetlit","status":"publish","type":"post","link":"https:\/\/www.invarena.cz\/?p=30264","title":{"rendered":"Dostala jsem pokutu za to, \u017ee na parkovi\u0161ti neparkuji na m\u00edst\u011b pro invalidy. M\u016f\u017eete mi to pros\u00edm vysv\u011btlit?"},"content":{"rendered":"<p><strong>Dotaz:<br \/>\nVlastn\u00edm pr\u016fkaz ZTP a m\u00e1m dotaz, zda je mo\u017en\u00e9 parkovat na parkovi\u0161ti mimo vyzna\u010den\u00e9 m\u00edsto pro ZTP. Parkovala jsem mimo toto m\u00edsto a p\u0159\u00edslu\u0161n\u00edk m\u011bstsk\u00e9 policie mi ulo\u017eil pokutu ve v\u00fd\u0161i 300 K\u010d za neopr\u00e1vn\u011bn\u00e9 parkov\u00e1n\u00ed &#8211; pr\u00fd jsem si m\u011bla toto m\u00edsto naj\u00edt a dolo\u017eil to fotografi\u00ed, \u017ee tam voln\u00e9 m\u00edsto bylo. Za cel\u00fdch v\u00edc jak 20 let, co pr\u016fkaz vlastn\u00edm, jsem se s n\u011b\u010d\u00edm podobn\u00fdm nesetkala. M\u016f\u017eete mi pros\u00edm celou situaci vysv\u011btlit?<\/strong><br \/>\n<!--more--><br \/>\nilustra\u010dn\u00ed sn\u00edmek<\/p>\n<p><strong>Odpov\u011b\u010f:<\/strong><br \/>\nTo o \u010dem p\u00ed\u0161ete je skute\u010dn\u011b absurdn\u00ed situace. S parkovac\u00edm pr\u016fkazem, na kter\u00fd jako dr\u017eitelka pr\u016fkazu ZTP m\u00e1te n\u00e1rok, toti\u017e m\u016f\u017eete parkovat na m\u00edst\u011b vyhrazen\u00e9m pro invalidy, samoz\u0159ejm\u011b to neznamen\u00e1, \u017ee na takov\u00e9m m\u00edst\u011b ale mus\u00edte parkovat.<br \/>\nNaopak se domn\u00edv\u00e1m, \u017ee by V\u00e1s doty\u010dn\u00fd policista m\u011bl pochv\u00e1lit za to, \u017ee jste nechala jedno m\u00edsto pro invalidy voln\u00e9 pro n\u011bkoho, kdo by ho v dan\u00e9 situaci t\u0159eba mohl pot\u0159ebovat v\u00edce.<br \/>\nPokud chcete celou situaci \u0159e\u0161it, tak V\u00e1m doporu\u010duji se proti ud\u011blen\u00e9 pokut\u011b odvolat a st\u011b\u017eovat si na doty\u010dn\u00e9ho policistu u jeho nad\u0159\u00edzen\u00fdch, proto\u017ee tento policista rozhodn\u011b ned\u011bl\u00e1 svou pr\u00e1ci spr\u00e1vn\u011b.<\/p>\n<p>Ji\u0159\u00ed Marek<br \/>\ninvArena<\/p>\n","protected":false},"excerpt":{"rendered":"<div class=\"mh-excerpt\"><p>Dotaz: Vlastn\u00edm pr\u016fkaz ZTP a m\u00e1m dotaz, zda je mo\u017en\u00e9 parkovat na parkovi\u0161ti mimo vyzna\u010den\u00e9 m\u00edsto pro ZTP. Parkovala jsem mimo toto m\u00edsto a p\u0159\u00edslu\u0161n\u00edk <a class=\"mh-excerpt-more\" href=\"https:\/\/www.invarena.cz\/?p=30264\" title=\"Dostala jsem pokutu za to, \u017ee na parkovi\u0161ti neparkuji na m\u00edst\u011b pro invalidy. M\u016f\u017eete mi to pros\u00edm vysv\u011btlit?\">[&#8230;]<\/a><\/p>\n<\/div>","protected":false},"author":3,"featured_media":9099,"comment_status":"open","ping_status":"closed","sticky":false,"template":"","format":"standard","meta":{"footnotes":""},"categories":[18,9],"tags":[],"class_list":["post-30264","post","type-post","status-publish","format-standard","has-post-thumbnail","hentry","category-poradna","category-zpravy"],"_links":{"self":[{"href":"https:\/\/www.invarena.cz\/index.php?rest_route=\/wp\/v2\/posts\/30264","targetHints":{"allow":["GET"]}}],"collection":[{"href":"https:\/\/www.invarena.cz\/index.php?rest_route=\/wp\/v2\/posts"}],"about":[{"href":"https:\/\/www.invarena.cz\/index.php?rest_route=\/wp\/v2\/types\/post"}],"author":[{"embeddable":true,"href":"https:\/\/www.invarena.cz\/index.php?rest_route=\/wp\/v2\/users\/3"}],"replies":[{"embeddable":true,"href":"https:\/\/www.invarena.cz\/index.php?rest_route=%2Fwp%2Fv2%2Fcomments&post=30264"}],"version-history":[{"count":0,"href":"https:\/\/www.invarena.cz\/index.php?rest_route=\/wp\/v2\/posts\/30264\/revisions"}],"wp:featuredmedia":[{"embeddable":true,"href":"https:\/\/www.invarena.cz\/index.php?rest_route=\/wp\/v2\/media\/9099"}],"wp:attachment":[{"href":"https:\/\/www.invarena.cz\/index.php?rest_route=%2Fwp%2Fv2%2Fmedia&parent=30264"}],"wp:term":[{"taxonomy":"category","embeddable":true,"href":"https:\/\/www.invarena.cz\/index.php?rest_route=%2Fwp%2Fv2%2Fcategories&post=30264"},{"taxonomy":"post_tag","embeddable":true,"href":"https:\/\/www.invarena.cz\/index.php?rest_route=%2Fwp%2Fv2%2Ftags&post=30264"}],"curies":[{"name":"wp","href":"https:\/\/api.w.org\/{rel}","templated":true}]}}