{"id":30272,"date":"2018-03-15T10:54:01","date_gmt":"2018-03-15T09:54:01","guid":{"rendered":"http:\/\/www.invarena.cz\/?p=30272"},"modified":"2018-03-15T10:54:01","modified_gmt":"2018-03-15T09:54:01","slug":"nemocnou-zenu-neuznali-invalidni-zastal-se-ji-us","status":"publish","type":"post","link":"https:\/\/www.invarena.cz\/?p=30272","title":{"rendered":"Nemocnou \u017eenu neuznali invalidn\u00ed, zastal se j\u00ed \u00daS"},"content":{"rendered":"<p><strong>Pokud nemocn\u00fd \u010dlov\u011bk \u017e\u00e1d\u00e1 o p\u0159izn\u00e1n\u00ed invalidity, je v n\u011bkter\u00fdch p\u0159\u00edpadech na m\u00edst\u011b nechat jeho zdravotn\u00ed stav posoudit i soudn\u00edm znalcem, zvl\u00e1\u0161\u0165 pokud jsou z\u00e1v\u011bry posudkov\u00e9 komise nedostate\u010dn\u00e9 a rozporn\u00e9. <\/strong><!--more--><\/p>\n<p>Konstatoval to ve st\u0159edu sen\u00e1t \u00dastavn\u00edho soudu (\u00daS) se soudcem zpravodajem Jaroslavem Fenykem, kdy\u017e se zastal psychicky i fyzicky posti\u017een\u00e9 \u017eeny. Dnes t\u00e9m\u011b\u0159 pades\u00e1tilet\u00e1 \u017eena trp\u00ed nejr\u016fzn\u011bj\u0161\u00edmi probl\u00e9my od sv\u00e9ho narozen\u00ed. U\u017e v d\u011btstv\u00ed ji l\u00e9\u010dili psychologov\u00e9 a psychiat\u0159i, \u017eena se pot\u00fdk\u00e1 s astmatem, probl\u00e9my s p\u00e1te\u0159\u00ed, m\u00e1 ment\u00e1ln\u00ed retardaci a komplikovanou chronickou \u00fazkostn\u011b depresivn\u00ed poruchu. Kv\u016fli du\u0161evn\u00edm pot\u00ed\u017e\u00edm skon\u010dila v p\u00e9\u010di l\u00e9ka\u0159\u016f u\u017e p\u0159ed dvaceti lety a jej\u00ed stav se nijak v\u00fdrazn\u011b nezlep\u0161il.<br \/>\n\u017dena se nakonec p\u0159ed n\u011bkolika lety rozhodla po\u017e\u00e1dat o invalidn\u00ed d\u016fchod s t\u00edm, \u017ee by j\u00ed m\u011bla b\u00fdt invalidita p\u0159izn\u00e1na od roku 2001. Svou \u017e\u00e1dost dolo\u017eila bohatou l\u00e9ka\u0159skou dokumentac\u00ed. Se \u017e\u00e1dost\u00ed neusp\u011bla, a proto se obr\u00e1tila na soud.<br \/>\nPo dlouh\u00fdch tahanic\u00edch ale Nejvy\u0161\u0161\u00ed spr\u00e1vn\u00ed soud rozhodl, \u017ee zam\u00edtav\u00e9 stanovisko bylo v po\u0159\u00e1dku, s t\u00edm, \u017ee prvn\u00ed kontakt s psychiatrem m\u011bla \u017eena a\u017e v roce 2010 a o rok pozd\u011bji skon\u010dila v \u00fastavu, proto j\u00ed byla invalidita p\u0159izn\u00e1na a\u017e od roku 2011. <\/p>\n<p>S komplikovan\u00fdmi p\u0159\u00edpady ke znalci <\/p>\n<p>\u017dena se s takov\u00fdm rozhodnut\u00edm nehodlala sm\u00ed\u0159it a obr\u00e1tila se na \u00daS, kter\u00fd j\u00ed dal za pravdu s t\u00edm, \u017ee v nezbytn\u00fdch situac\u00edch je t\u0159eba komplikovan\u00e9 p\u0159\u00edpady nechat posoudit znalcem.<br \/>\n&#8222;Obecn\u00e9 soudy ve sv\u00fdch z\u00e1v\u011brech vych\u00e1zely jen z odborn\u00fdch vyj\u00e1d\u0159en\u00ed posudkov\u00e9 komise, a\u010dkoli tyto z\u00e1v\u011bry jsou zcela zjevn\u011b nedostate\u010dn\u00e9 a rozporn\u00e9,&#8220; upozornil soudce Fenyk. Podle n\u011bj mus\u00ed b\u00fdt z\u00e1v\u011bry l\u00e9ka\u0159\u016f naopak p\u0159esv\u011bd\u010div\u00e9 a jasn\u00e9, nebo\u0165 soudci nemaj\u00ed a ani nemohou m\u00edt odborn\u00e9 znalosti, na nich\u017e posouzen\u00ed invalidity p\u0159edev\u0161\u00edm z\u00e1vis\u00ed.<br \/>\nP\u0159\u00edpad se tak znovu vrac\u00ed na za\u010d\u00e1tek ke Krajsk\u00e9mu soudu v Ostrav\u011b. &#8222;Z hlediska ochrany \u00fastavnosti mus\u00ed v dal\u0161\u00edm \u0159\u00edzen\u00ed soudy db\u00e1t o to, aby jimi p\u0159ijat\u00e9 skutkov\u00e9 z\u00e1v\u011bry byly zalo\u017eeny na dostate\u010dn\u00e9m dokazov\u00e1n\u00ed, a proto je-li posouzen\u00ed data vzniku invalidity st\u011b\u017eovatelky v posudc\u00edch posudkov\u00e9 komise opakovan\u011b nedostate\u010dn\u00e9, v dal\u0161\u00edm \u0159\u00edzen\u00ed soudy provedou ke zji\u0161t\u011bn\u00ed skutkov\u00e9ho stavu i jin\u00fd d\u016fkaz, nap\u0159\u00edklad znaleck\u00fdm posudkem,&#8220; zd\u016fraznil Fenyk. <\/p>\n","protected":false},"excerpt":{"rendered":"<div class=\"mh-excerpt\"><p>Pokud nemocn\u00fd \u010dlov\u011bk \u017e\u00e1d\u00e1 o p\u0159izn\u00e1n\u00ed invalidity, je v n\u011bkter\u00fdch p\u0159\u00edpadech na m\u00edst\u011b nechat jeho zdravotn\u00ed stav posoudit i soudn\u00edm znalcem, zvl\u00e1\u0161\u0165 pokud jsou z\u00e1v\u011bry <a class=\"mh-excerpt-more\" href=\"https:\/\/www.invarena.cz\/?p=30272\" title=\"Nemocnou \u017eenu neuznali invalidn\u00ed, zastal se j\u00ed \u00daS\">[&#8230;]<\/a><\/p>\n<\/div>","protected":false},"author":1,"featured_media":0,"comment_status":"open","ping_status":"closed","sticky":false,"template":"","format":"standard","meta":{"footnotes":""},"categories":[9],"tags":[],"class_list":["post-30272","post","type-post","status-publish","format-standard","hentry","category-zpravy"],"_links":{"self":[{"href":"https:\/\/www.invarena.cz\/index.php?rest_route=\/wp\/v2\/posts\/30272","targetHints":{"allow":["GET"]}}],"collection":[{"href":"https:\/\/www.invarena.cz\/index.php?rest_route=\/wp\/v2\/posts"}],"about":[{"href":"https:\/\/www.invarena.cz\/index.php?rest_route=\/wp\/v2\/types\/post"}],"author":[{"embeddable":true,"href":"https:\/\/www.invarena.cz\/index.php?rest_route=\/wp\/v2\/users\/1"}],"replies":[{"embeddable":true,"href":"https:\/\/www.invarena.cz\/index.php?rest_route=%2Fwp%2Fv2%2Fcomments&post=30272"}],"version-history":[{"count":0,"href":"https:\/\/www.invarena.cz\/index.php?rest_route=\/wp\/v2\/posts\/30272\/revisions"}],"wp:attachment":[{"href":"https:\/\/www.invarena.cz\/index.php?rest_route=%2Fwp%2Fv2%2Fmedia&parent=30272"}],"wp:term":[{"taxonomy":"category","embeddable":true,"href":"https:\/\/www.invarena.cz\/index.php?rest_route=%2Fwp%2Fv2%2Fcategories&post=30272"},{"taxonomy":"post_tag","embeddable":true,"href":"https:\/\/www.invarena.cz\/index.php?rest_route=%2Fwp%2Fv2%2Ftags&post=30272"}],"curies":[{"name":"wp","href":"https:\/\/api.w.org\/{rel}","templated":true}]}}