{"id":30281,"date":"2018-03-18T20:28:22","date_gmt":"2018-03-18T19:28:22","guid":{"rendered":"http:\/\/www.invarena.cz\/?p=30281"},"modified":"2018-03-18T20:28:39","modified_gmt":"2018-03-18T19:28:39","slug":"postupovat-ve-prospech-ditete-a-ne-v-zajmu-penez","status":"publish","type":"post","link":"https:\/\/www.invarena.cz\/?p=30281","title":{"rendered":"Postupovat ve prosp\u011bch d\u00edt\u011bte a ne v z\u00e1jmu pen\u011bz"},"content":{"rendered":"<p><strong>P\u0159echod p\u00e9\u010de o d\u011bti do t\u0159\u00ed let v\u011bku z gesce ministerstva zdravotnictv\u00ed pod ministerstvo pr\u00e1ce a soci\u00e1ln\u00edch v\u011bc\u00ed a jej\u00ed za\u010dlen\u011bn\u00ed do syst\u00e9mu soci\u00e1ln\u00edch slu\u017eeb nem\u00e1 podporu odborn\u00edk\u016f. Ministerstvo by podle nich m\u011blo za\u010d\u00edt naslouchat realit\u011b a \u0159\u00eddit se nejlep\u0161\u00edm z\u00e1jmem d\u00edt\u011bte.<\/strong><!--more--><\/p>\n<p>V\u00fdtky k p\u0159ipravovan\u00fdm legislativn\u00edm n\u00e1vrh\u016fm resortu zazn\u011bly v pr\u016fb\u011bhu semin\u00e1\u0159e v\u011bnovan\u00e9ho n\u00e1hradn\u00ed rodinn\u00e9 a institucion\u00e1ln\u00ed p\u00e9\u010di, kter\u00fd na p\u016fd\u011b Sn\u011bmovny zorganizovaly p\u0159edsedkyn\u011b St\u00e1l\u00e9 komise pro rodinu, rovn\u00e9 p\u0159\u00edle\u017eitosti a n\u00e1rodnostn\u00ed men\u0161iny Jana Pastuchov\u00e1 (ANO) a m\u00edstop\u0159edsedkyn\u011b soci\u00e1ln\u00edho v\u00fdboru a st\u00ednov\u00e1 ministryn\u011b pr\u00e1ce a soci\u00e1ln\u00edch v\u011bc\u00ed KS\u010cM Hana Aulick\u00e1 J\u00edrovcov\u00e1. \u00bbZ\u00e1m\u011br ru\u0161it za\u0159\u00edzen\u00ed pro d\u011bti do t\u0159\u00ed let v\u011bku vyvol\u00e1v\u00e1 pocit nejistoty a \u0159adu ot\u00e1zek,\u00ab uvedla v \u00favodu semin\u00e1\u0159e Pastuchov\u00e1. <\/p>\n<p>Aulick\u00e1 si posteskla, \u017ee z dosavadn\u00ed \u010dinnosti nov\u00e9 ministryn\u011b m\u00e1 pocit, \u017ee jde p\u0159edev\u0161\u00edm o pen\u00edze. \u00bbZcela se vytratila komunikace s odborn\u00edky z praxe. Byla bych r\u00e1da, kdyby ministerstvo kone\u010dn\u011b za\u010dalo alespo\u0148 naslouchat realit\u011b a \u0159\u00eddilo se nejlep\u0161\u00edm z\u00e1jmem d\u00edt\u011bte,\u00ab uvedla. M\u00e1 pr\u00fd pocit, \u017ee \u00fa\u0159edn\u00edci, kte\u0159\u00ed na ministerstvu p\u0159ipravuj\u00ed legislativu, neznaj\u00ed praxi, jedou jenom v r\u00e1mci teorie a naslouchaj\u00ed neziskov\u00fdm organizac\u00edm, kter\u00e9 jim p\u0159edkl\u00e1daj\u00ed materi\u00e1ly a zav\u00e1d\u011bj\u00edc\u00ed statistiky. \u00bb\u010casto ty jejich podklady nemaj\u00ed s re\u00e1lnou prax\u00ed nic spole\u010dn\u00e9ho,\u00ab uvedla Aulick\u00e1.<\/p>\n<p>Nejde o boj mezi \u00fastavn\u00ed p\u00e9\u010d\u00ed a p\u011bstouny<\/p>\n<p>P\u0159ipustila, \u017ee \u010dasto b\u00fdv\u00e1 ozna\u010dov\u00e1na za odp\u016frce p\u011bstounsk\u00e9 p\u00e9\u010de p\u0159edev\u0161\u00edm na p\u0159echodnou dobu. \u00bbMohu s jistotou \u0159\u00edci, \u017ee to opravdu nen\u00ed jednoduch\u00e1 oblast, ale v \u017e\u00e1dn\u00e9m p\u0159\u00edpad\u011b nejsem proti p\u011bstoun\u016fm, to odm\u00edt\u00e1m,\u00ab zd\u016fraznila Aulick\u00e1. Ka\u017ed\u00e1 p\u00e9\u010de m\u00e1 podle n\u00ed v syst\u00e9mu sv\u00e9 m\u00edsto a opodstatn\u011bn\u00ed, s \u010d\u00edm se ale nem\u016f\u017ee sm\u00ed\u0159it, je fakt, \u017ee kv\u016fli legislativn\u00ed iniciativ\u011b MPSV by se razantn\u011b sn\u00ed\u017eila p\u00e9\u010de o ohro\u017een\u00e9 d\u011bti v \u010cR. \u00bbTohle opravdu nen\u00ed boj mezi \u00fastavn\u00ed p\u00e9\u010d\u00ed a p\u011bstouny. My v\u0161ichni bychom m\u011bli m\u00edt z\u00e1jem, aby \u0161lo v\u017edy o d\u00edt\u011b a pomoc pr\u00e1v\u011b jemu,\u00ab zd\u016fraznila poslankyn\u011b. Uv\u00edtala proto, \u017ee semin\u00e1\u0159e se z\u00fa\u010dastnili z\u00e1stupci t\u00e9m\u011b\u0159 v\u0161ech dot\u010den\u00fdch oblast\u00ed.<br \/>\nN\u00e1m\u011bstkyn\u011b ministryn\u011b pr\u00e1ce Jana Hanzl\u00edkov\u00e1 potvrdila, \u017ee z\u00e1m\u011br p\u0159ev\u00e9st kojeneck\u00e9 \u00fastavy pod resort je nyn\u00ed na b\u00e1zi diskuse. \u00bbMPSV zat\u00edm nem\u00e1 variantu, kterou bude prosazovat,\u00ab zd\u016fraznila.<br \/>\nN\u00e1m\u011bstkyn\u011b ministra zdravotnictv\u00ed Alena \u0160teflov\u00e1 se zastala \u00fastavn\u00ed p\u00e9\u010de, kter\u00e1 podle n\u00ed sice nen\u00ed dokonal\u00e1, ale je pot\u0159eba ji zachovat. \u00bbV \u017e\u00e1dn\u00e9m p\u0159\u00edpad\u011b by nem\u011blo doch\u00e1zet k n\u011bjak\u00fdm<br \/>\nradik\u00e1ln\u00edm z\u00e1kaz\u016fm t\u00fdkaj\u00edc\u00edm se p\u0159ij\u00edm\u00e1n\u00ed d\u011bt\u00ed do \u00fastavn\u00edch za\u0159\u00edzen\u00ed,\u00ab uvedla.<\/p>\n<p>Ministerstvo akor\u00e1t p\u0159id\u00e1v\u00e1 pap\u00edry<\/p>\n<p>Vedouc\u00ed soci\u00e1ln\u00edho odboru \u00dasteck\u00e9ho kraje Ivana \u0160\u0165astn\u00e1 ozna\u010dila situaci v soci\u00e1ln\u00ed oblasti \u00dasteck\u00e9ho a Karlovarsk\u00e9ho kraje za ne\u00fanosnou. Zat\u00edmco v jin\u00fdch kraj\u00edch maj\u00ed soci\u00e1ln\u00ed pracovn\u00edci na starosti kolem 25 nebo 40 d\u011bt\u00ed, v t\u011bchto dvou kraj\u00edch to je 150 d\u011bt\u00ed. \u00bbS ka\u017ed\u00fdm dal\u0161\u00edm pracovn\u00edkem, kter\u00fd odch\u00e1z\u00ed, se po\u010det t\u011bchto d\u011bt\u00ed navy\u0161uje,\u00ab uvedla. Tito pracovn\u00edci se podle n\u00ed denn\u011b setk\u00e1vaj\u00ed s krutou realitou, kdy v bytech nach\u00e1zej\u00ed \u00bbopil\u00e9ho otce, zfetovanou matku a zoufal\u00e9 d\u011bti\u00ab a dal\u0161\u00ed podobn\u00e9 p\u0159\u00edpady. \u00bbTohle ti lidi vid\u00ed denn\u011b a za 17 tis\u00edc m\u011bs\u00ed\u010dn\u011b,\u00ab dodala. Ministerstvo jim podle n\u00ed nijak nepom\u00e1h\u00e1, jen zvy\u0161uje administrativu. \u00bbNikdo tu pr\u00e1ci nechce d\u011blat,\u00ab apelovala na p\u0159\u00edtomn\u00e9 z\u00e1stupce ministerstva pr\u00e1ce.<br \/>\n\u0158editelka D\u011btsk\u00e9ho centra Kyjov Jana Petr\u00e1\u0161ov\u00e1 kritizovala sou\u010dasn\u00fd zp\u016fsob v\u00fdb\u011bru p\u011bstoun\u016f na p\u0159echodnou dobu. Nel\u00edb\u00ed se j\u00ed, \u017ee nejsou stanoveny v\u011bkov\u00e9 limity p\u011bstoun\u016f, za nedostate\u010dnou pova\u017euje tak\u00e9 \u00farove\u0148 vzd\u011bl\u00e1v\u00e1n\u00ed a kontrolu ze strany st\u00e1tu. \u00bbSt\u00e1t \u00fapln\u011b ztratil kontroln\u00ed mechanismy, p\u011bstouni si sami ur\u010duj\u00ed, kdy a jak budou kontroly prob\u00edhat,\u00ab uvedla. Mnoho \u017eadatel\u016f o adopci to podle n\u00ed vzdalo a \u0159eklo, \u017ee \u00bbod p\u011bstoun\u016f na p\u0159echodnou dobu nikdy\u00ab.<br \/>\nNegativn\u00ed zku\u0161enost s p\u011bstouny na p\u0159echodnou dobu potvrdili i p\u0159\u00edtomn\u00ed adoptivn\u00ed rodi\u010de. \u00bbPokud bychom je\u0161t\u011b cht\u011bli adoptovat d\u00edt\u011b, tak rad\u011bji z d\u011btsk\u00e9ho centra ne\u017e od p\u011bstoun\u016f na p\u0159echodnou dobu,\u00ab \u0159ekl adoptivn\u00ed otec Jind\u0159ich Poled\u0148\u00e1k.<\/p>\n<p>Zam\u011b\u0159it se na pomoc mlad\u00fdm lidem<\/p>\n<p>Aulick\u00e1 apelovala, aby se z\u00e1konod\u00e1rci zam\u011b\u0159ili na zlep\u0161en\u00ed situace prim\u00e1rn\u00ed p\u00e9\u010de o rodiny a d\u011bti, na financov\u00e1n\u00ed pomoci mlad\u00fdm lidem, kte\u0159\u00ed opou\u0161t\u011bj\u00ed d\u011btsk\u00e9 domovy i dlouhodobou p\u011bstounskou p\u00e9\u010di a pot\u0159ebuj\u00ed ve\u0161kerou pomoc. \u00bbTo jsou oblasti, kter\u00e9 bychom m\u011bli v Poslaneck\u00e9 sn\u011bmovn\u011b i na ministerstvech \u0159e\u0161it. Pot\u0159ebn\u00e1 legislativa jako z\u00e1kon o soci\u00e1ln\u00edm bydlen\u00ed, umo\u017enit i dostupn\u00e9 bydlen\u00ed, legislativn\u011b vy\u0159e\u0161it byznys s chudobou a p\u0159edev\u0161\u00edm p\u0159estat vym\u00fd\u0161let na ministerstvu nesmysln\u00e9 pokyny a za\u010d\u00edt postupovat ve prosp\u011bch d\u00edt\u011bte a ne v z\u00e1jmu pen\u011bz,\u00ab dodala Aulick\u00e1. <\/p>\n<p>Hal\u00f3 noviny<\/p>\n","protected":false},"excerpt":{"rendered":"<div class=\"mh-excerpt\"><p>P\u0159echod p\u00e9\u010de o d\u011bti do t\u0159\u00ed let v\u011bku z gesce ministerstva zdravotnictv\u00ed pod ministerstvo pr\u00e1ce a soci\u00e1ln\u00edch v\u011bc\u00ed a jej\u00ed za\u010dlen\u011bn\u00ed do syst\u00e9mu soci\u00e1ln\u00edch slu\u017eeb <a class=\"mh-excerpt-more\" href=\"https:\/\/www.invarena.cz\/?p=30281\" title=\"Postupovat ve prosp\u011bch d\u00edt\u011bte a ne v z\u00e1jmu pen\u011bz\">[&#8230;]<\/a><\/p>\n<\/div>","protected":false},"author":1,"featured_media":25518,"comment_status":"open","ping_status":"closed","sticky":false,"template":"","format":"standard","meta":{"footnotes":""},"categories":[9],"tags":[],"class_list":["post-30281","post","type-post","status-publish","format-standard","has-post-thumbnail","hentry","category-zpravy"],"_links":{"self":[{"href":"https:\/\/www.invarena.cz\/index.php?rest_route=\/wp\/v2\/posts\/30281","targetHints":{"allow":["GET"]}}],"collection":[{"href":"https:\/\/www.invarena.cz\/index.php?rest_route=\/wp\/v2\/posts"}],"about":[{"href":"https:\/\/www.invarena.cz\/index.php?rest_route=\/wp\/v2\/types\/post"}],"author":[{"embeddable":true,"href":"https:\/\/www.invarena.cz\/index.php?rest_route=\/wp\/v2\/users\/1"}],"replies":[{"embeddable":true,"href":"https:\/\/www.invarena.cz\/index.php?rest_route=%2Fwp%2Fv2%2Fcomments&post=30281"}],"version-history":[{"count":0,"href":"https:\/\/www.invarena.cz\/index.php?rest_route=\/wp\/v2\/posts\/30281\/revisions"}],"wp:featuredmedia":[{"embeddable":true,"href":"https:\/\/www.invarena.cz\/index.php?rest_route=\/wp\/v2\/media\/25518"}],"wp:attachment":[{"href":"https:\/\/www.invarena.cz\/index.php?rest_route=%2Fwp%2Fv2%2Fmedia&parent=30281"}],"wp:term":[{"taxonomy":"category","embeddable":true,"href":"https:\/\/www.invarena.cz\/index.php?rest_route=%2Fwp%2Fv2%2Fcategories&post=30281"},{"taxonomy":"post_tag","embeddable":true,"href":"https:\/\/www.invarena.cz\/index.php?rest_route=%2Fwp%2Fv2%2Ftags&post=30281"}],"curies":[{"name":"wp","href":"https:\/\/api.w.org\/{rel}","templated":true}]}}