{"id":30293,"date":"2018-03-22T15:58:26","date_gmt":"2018-03-22T14:58:26","guid":{"rendered":"http:\/\/www.invarena.cz\/?p=30293"},"modified":"2018-03-22T15:58:26","modified_gmt":"2018-03-22T14:58:26","slug":"svetovy-den-socialni-prace-oslavime-20-brezna","status":"publish","type":"post","link":"https:\/\/www.invarena.cz\/?p=30293","title":{"rendered":"Sv\u011btov\u00fd den soci\u00e1ln\u00ed pr\u00e1ce oslav\u00edme 20. b\u0159ezna"},"content":{"rendered":"<p><strong>Ji\u017e 35 let se ka\u017ed\u00e9 t\u0159et\u00ed \u00fater\u00fd v b\u0159eznu slav\u00ed Sv\u011btov\u00fd den soci\u00e1ln\u00ed pr\u00e1ce. Letos p\u0159ipad\u00e1 na 20. b\u0159ezna, kdy si p\u0159ipomeneme d\u016fle\u017eitost a v\u00fdznam profese soci\u00e1ln\u00ed pr\u00e1ce pro jednotlivce i spole\u010dnost. Ministerstvo pr\u00e1ce a soci\u00e1ln\u00edch v\u011bc\u00ed u p\u0159\u00edle\u017eitosti tohoto v\u00fdznamn\u00e9ho dne po\u0159\u00e1d\u00e1 v Brn\u011b mezin\u00e1rodn\u00ed konferenci. Jej\u00edm t\u00e9matem je \u201eV\u00fdvoj kvality a efektivity v\u00fdkonu soci\u00e1ln\u00ed pr\u00e1ce\u201c. Letos poprv\u00e9 se zde bude ud\u011blovat ocen\u011bn\u00ed soci\u00e1ln\u00edm pracovn\u00edk\u016fm \u201eGratias\u201c.<\/strong><br \/>\n<!--more--><br \/>\n\u201eCht\u011bla bych pod\u011bkovat jm\u00e9nem ministerstva v\u0161em soci\u00e1ln\u00edm pracovn\u00edk\u016fm, kte\u0159\u00ed odv\u00e1d\u011bj\u00ed tuto d\u016fle\u017eitou a velmi n\u00e1ro\u010dnou pr\u00e1ci. Pr\u00e1v\u011b Sv\u011btov\u00fdm dnem soci\u00e1ln\u00ed pr\u00e1ce m\u016f\u017eeme u ve\u0159ejnosti zv\u00fd\u0161it pov\u011bdom\u00ed o t\u00e9to profesi,\u201c \u0159\u00edk\u00e1 ministryn\u011b pr\u00e1ce a soci\u00e1ln\u00edch v\u011bc\u00ed Jaroslava N\u011bmcov\u00e1. <\/p>\n<p>Soci\u00e1ln\u00ed pr\u00e1ce je profes\u00ed, akademickou a spole\u010denskov\u011bdn\u00ed discipl\u00ednou i praktickou \u010dinnost\u00ed. Soci\u00e1ln\u00ed pracovn\u00edci posiluj\u00ed schopnosti jednotlivc\u016f, skupin a rodin, aby s podporou a d\u00edky sv\u00e9 aktivit\u011b znovu pln\u011b kontrolovali svoji \u017eivotn\u00ed situaci, zlep\u0161ili kvalitu \u017eivota, rozv\u00edjeli vlastn\u00ed potenci\u00e1l a p\u0159edch\u00e1zeli selh\u00e1n\u00edm. Spole\u010dnost si postupem doby v\u00edce uv\u011bdomuje pot\u0159ebnost soci\u00e1ln\u00ed pr\u00e1ce, a p\u0159esto\u017ee jej\u00ed spole\u010densk\u00e1 presti\u017e nedosahuje m\u00edry, kterou zasluhuje, je dnes d\u016fle\u017eitou sou\u010d\u00e1st\u00ed \u017eivota spole\u010dnosti. <\/p>\n<p>\u201eProto\u017ee si uv\u011bdomuju, jak je pr\u00e1ce soci\u00e1ln\u00edch pracovn\u00edk\u016f d\u016fle\u017eit\u00e1, p\u0159ipravuje Ministerstvo pr\u00e1ce a soci\u00e1ln\u00edch v\u011bc\u00ed jednak n\u00e1vrh v\u011bcn\u00e9ho z\u00e1m\u011bru z\u00e1kona o soci\u00e1ln\u00ed pr\u00e1ci, ale tak\u00e9 poskytuje dota\u010dn\u00ed tituly na v\u00fdkon \u010dinnost\u00ed v oblasti soci\u00e1ln\u011b-pr\u00e1vn\u00ed ochrany d\u011bt\u00ed a na v\u00fdkon soci\u00e1ln\u00ed pr\u00e1ce realizovan\u00fd obecn\u00edmi a krajsk\u00fdmi \u00fa\u0159ady. Proto\u017ee jsou to pr\u00e1v\u011b kraje, kter\u00e9 se re\u00e1ln\u011b touto problematikou zab\u00fdvaj\u00ed,\u201c doplnila ministryn\u011b Jaroslava N\u011bmcov\u00e1. <\/p>\n<p>Ministerstvo pr\u00e1ce a soci\u00e1ln\u00edch v\u011bc\u00ed realizuje projekt \u201eSyst\u00e9mov\u00e1 podpora profesion\u00e1ln\u00edho v\u00fdkonu soci\u00e1ln\u00ed pr\u00e1ce II.\u201c, kter\u00fd je financov\u00e1n z Evropsk\u00e9ho soci\u00e1ln\u00edho fondu. Projekt se zam\u011b\u0159uje na profesionalizaci soci\u00e1ln\u00ed pr\u00e1ce, zvy\u0161ov\u00e1n\u00ed odborn\u00fdch kompetenc\u00ed soci\u00e1ln\u00edch pracovn\u00edk\u016f a pozitivn\u00ed propagaci soci\u00e1ln\u00ed pr\u00e1ce. V\u00edce informac\u00ed o projektu i o konferenci naleznete na www.budmeprofi.cz. <\/p>\n<p>Vladim\u00edr \u0158epka<br \/>\ntiskov\u00fd mluv\u010d\u00ed MPSV<\/p>\n","protected":false},"excerpt":{"rendered":"<div class=\"mh-excerpt\"><p>Ji\u017e 35 let se ka\u017ed\u00e9 t\u0159et\u00ed \u00fater\u00fd v b\u0159eznu slav\u00ed Sv\u011btov\u00fd den soci\u00e1ln\u00ed pr\u00e1ce. Letos p\u0159ipad\u00e1 na 20. b\u0159ezna, kdy si p\u0159ipomeneme d\u016fle\u017eitost a v\u00fdznam <a class=\"mh-excerpt-more\" href=\"https:\/\/www.invarena.cz\/?p=30293\" title=\"Sv\u011btov\u00fd den soci\u00e1ln\u00ed pr\u00e1ce oslav\u00edme 20. b\u0159ezna\">[&#8230;]<\/a><\/p>\n<\/div>","protected":false},"author":1,"featured_media":14136,"comment_status":"open","ping_status":"closed","sticky":false,"template":"","format":"standard","meta":{"footnotes":""},"categories":[9],"tags":[],"class_list":["post-30293","post","type-post","status-publish","format-standard","has-post-thumbnail","hentry","category-zpravy"],"_links":{"self":[{"href":"https:\/\/www.invarena.cz\/index.php?rest_route=\/wp\/v2\/posts\/30293","targetHints":{"allow":["GET"]}}],"collection":[{"href":"https:\/\/www.invarena.cz\/index.php?rest_route=\/wp\/v2\/posts"}],"about":[{"href":"https:\/\/www.invarena.cz\/index.php?rest_route=\/wp\/v2\/types\/post"}],"author":[{"embeddable":true,"href":"https:\/\/www.invarena.cz\/index.php?rest_route=\/wp\/v2\/users\/1"}],"replies":[{"embeddable":true,"href":"https:\/\/www.invarena.cz\/index.php?rest_route=%2Fwp%2Fv2%2Fcomments&post=30293"}],"version-history":[{"count":0,"href":"https:\/\/www.invarena.cz\/index.php?rest_route=\/wp\/v2\/posts\/30293\/revisions"}],"wp:featuredmedia":[{"embeddable":true,"href":"https:\/\/www.invarena.cz\/index.php?rest_route=\/wp\/v2\/media\/14136"}],"wp:attachment":[{"href":"https:\/\/www.invarena.cz\/index.php?rest_route=%2Fwp%2Fv2%2Fmedia&parent=30293"}],"wp:term":[{"taxonomy":"category","embeddable":true,"href":"https:\/\/www.invarena.cz\/index.php?rest_route=%2Fwp%2Fv2%2Fcategories&post=30293"},{"taxonomy":"post_tag","embeddable":true,"href":"https:\/\/www.invarena.cz\/index.php?rest_route=%2Fwp%2Fv2%2Ftags&post=30293"}],"curies":[{"name":"wp","href":"https:\/\/api.w.org\/{rel}","templated":true}]}}