{"id":30325,"date":"2018-03-27T22:09:43","date_gmt":"2018-03-27T20:09:43","guid":{"rendered":"http:\/\/www.invarena.cz\/?p=30325"},"modified":"2018-03-27T22:09:43","modified_gmt":"2018-03-27T20:09:43","slug":"koblasa-na-vyhorele-draze-bojoval-s-nasledky-chripky","status":"publish","type":"post","link":"https:\/\/www.invarena.cz\/?p=30325","title":{"rendered":"Koblasa na vyho\u0159el\u00e9 dr\u00e1ze bojoval s n\u00e1sledky ch\u0159ipky"},"content":{"rendered":"<p><strong>Brno \u2013 P\u0159ed startem \u0161ampion\u00e1tu m\u011bl medailov\u00e9 ambice, pl\u00e1ny mu v\u0161ak \u010d\u00e1ste\u010dn\u011b naru\u0161ila nemoc. Brn\u011bnsk\u00fd hendikepovan\u00fd cyklista Ivo Koblasa (na sn\u00edmku) prod\u011blal p\u0159ed mistrovstv\u00edm sv\u011bta v brazilsk\u00e9m Riu de Janeiro ch\u0159ipku, i p\u0159esto vybojoval \u010dtvrt\u00e9 m\u00edsto v kategorii C2 ve scratchi.<\/strong><br \/>\n<!--more--><br \/>\nCelkov\u011b dojel v patn\u00e1ctikilometrov\u00e9m hladk\u00e9m z\u00e1vod\u011b osm\u00fd. &#8222;Panuje velk\u00e1 spokojenost, proto\u017ee jsem jel ve velk\u00e9 konkurenci a na \u0161ampion\u00e1tu se objevili i nov\u00ed z\u00e1vodn\u00edci, co\u017e se ne\u010dekalo,&#8220; prohl\u00e1sil Koblasa.<br \/>\nZ\u00e1lusk na cenn\u00fd kov si d\u011blal hlavn\u011b v z\u00e1vodu na jeden kilometr. V n\u011bm chv\u00edli dr\u017eel i druhou pozici, ale z\u00e1hy mu za\u010daly doch\u00e1zet s\u00edly a nakonec se spokojil s des\u00e1tou p\u0159\u00ed\u010dkou. &#8222;Ne\u017e jsem dostal ch\u0159ipajznu, o\u010dek\u00e1valo se um\u00edst\u011bn\u00ed na nejvy\u0161\u0161\u00edch m\u00edstech, p\u0159edev\u0161\u00edm v kilometru, kter\u00fd je moje nejsiln\u011bj\u0161\u00ed discipl\u00edna,&#8220; \u0159ekl \u010dty\u0159iadvacetilet\u00fd cyklista.<br \/>\nP\u0159\u00edli\u0161 se mu kv\u016fli nemoci neda\u0159ilo ve st\u00edhac\u00edm z\u00e1vod\u011b na t\u0159i kilometry, v n\u011bm\u017e skon\u010dil osm\u00fd. &#8222;Ivo je bohu\u017eel ve st\u00edha\u010dce slab\u0161\u00ed, a nav\u00edc m\u011bl p\u0159ed odjezdem ch\u0159ipku,&#8220; upozornil na probl\u00e9my sv\u00e9ho sv\u011b\u0159ence i tren\u00e9r Luk\u00e1\u0161 Thun. &#8222;Prod\u011blanou nemoc jsem c\u00edtil v posledn\u00edm kilometru p\u0159i st\u00edha\u010dce ve chv\u00edli, kdy jsem pot\u0159eboval vyvinout nejv\u00edc \u00fasil\u00ed. Dr\u00e1ha v Riu nav\u00edc nen\u00ed p\u0159\u00edli\u0161 rychl\u00e1, rozhoduje sp\u00ed\u0161 s\u00edla,&#8220; objasnil rod\u00e1k z \u010cern\u00e9 Hory na Blanensku, kde aktu\u00e1ln\u011b \u017eije.<br \/>\nI kdy\u017e pro rychl\u00e9 uzdraven\u00ed ud\u011blal, co mohl, tr\u00e9ninkov\u00e9 manko se projevilo. &#8222;Bylo to hodn\u011b n\u00e1ro\u010dn\u00e9, \u010dlov\u011bk do sebe po\u0159\u00e1d cpal vitaminy, a je\u0161t\u011b jsem se l\u00e9\u010dil v l\u00e1zn\u00edch. M\u011bl jsem dvoudenn\u00ed tr\u00e9ninkov\u00fd v\u00fdpadek, ale pot\u00e9 jsem tvrd\u011b tr\u00e9noval, abych m\u011bl na mistrovstv\u00ed s\u00edlu,&#8220; p\u0159em\u00edtal jedin\u00fd \u010desk\u00fd \u00fa\u010dastn\u00edk na \u0161ampion\u00e1tu.<br \/>\nBrazilsk\u00e9 Rio mu nen\u00ed ciz\u00ed, v roce 2016 tam absolvoval letn\u00ed paralympijsk\u00e9 hry, na nich\u017e vybojoval p\u00e1tou p\u0159\u00ed\u010dku v silni\u010dn\u00ed \u010dasovce. Od t\u00e9 doby zav\u00edtal do brazilsk\u00e9 metropole u\u017e podruh\u00e9. &#8222;P\u0159i paralympi\u00e1d\u011b jsem m\u011bl hodn\u011b \u010dasu, tak\u017ee jsem se po z\u00e1vodech dostal na r\u016fzn\u00e1 m\u00edsta. Tentokr\u00e1t jsem nav\u0161t\u00edvil akor\u00e1t Je\u017e\u00ed\u0161e (sochu Krista Spasitele na ho\u0159e Corcovado \u2013 pozn. red.). P\u0159ed dv\u011bma lety jsme se pod\u00edvali i na Barra Beach,&#8220; vzpom\u00ednal Koblasa.<br \/>\nZn\u00e1 i olympijsk\u00fd velodrom, kde pr\u00e1v\u011b skon\u010den\u00fd \u0161ampion\u00e1t absolvoval. Od paralympi\u00e1dy se v\u0161ak dost prom\u011bnil, jeliko\u017e jen za posledn\u00ed rok dvakr\u00e1t vyho\u0159el. &#8222;Nem\u011bl jsem obavy, \u017e\u00e1dn\u00e1 vy\u0161\u0161\u00ed protipo\u017e\u00e1rn\u00ed opat\u0159en\u00ed jsem nezaznamenal. V roce 2016 byla dr\u00e1ha v lep\u0161\u00edm stavu, nem\u011bla za sebou po\u017e\u00e1r. Letos na n\u00ed hodn\u011b z\u00e1vodn\u00edk\u016f tak\u00e9 spadlo,&#8220; tvrdil vicemistr sv\u011bta z roku 2014 v silni\u010dn\u00edm z\u00e1vod\u011b. <\/p>\n<p>Koblasa na MS St\u00edhac\u00ed z\u00e1vod (3000 metr\u016f): 8. m\u00edsto (3:58,224 minuty) Z\u00e1vod na jeden kilometr: 10. m\u00edsto Rozj\u00ed\u017e\u010fka ve scratchi: 6. m\u00edsto Scratch (15 kilometr\u016f): 4. m\u00edsto v kategorii C2, 8. m\u00edsto celkov\u011b (pr\u016fm\u011brn\u00e1 rychlost \u2013 47,41 km\/h) <\/p>\n<p>PATRIK EL-TALAB\u00c1NI<br \/>\nBrn\u011bnsk\u00fd den\u00edk<br \/>\nhttp:\/\/brnensky.denik.cz\/ <\/p>\n","protected":false},"excerpt":{"rendered":"<div class=\"mh-excerpt\"><p>Brno \u2013 P\u0159ed startem \u0161ampion\u00e1tu m\u011bl medailov\u00e9 ambice, pl\u00e1ny mu v\u0161ak \u010d\u00e1ste\u010dn\u011b naru\u0161ila nemoc. Brn\u011bnsk\u00fd hendikepovan\u00fd cyklista Ivo Koblasa (na sn\u00edmku) prod\u011blal p\u0159ed mistrovstv\u00edm sv\u011bta <a class=\"mh-excerpt-more\" href=\"https:\/\/www.invarena.cz\/?p=30325\" title=\"Koblasa na vyho\u0159el\u00e9 dr\u00e1ze bojoval s n\u00e1sledky ch\u0159ipky\">[&#8230;]<\/a><\/p>\n<\/div>","protected":false},"author":1,"featured_media":20629,"comment_status":"open","ping_status":"closed","sticky":false,"template":"","format":"standard","meta":{"footnotes":""},"categories":[9],"tags":[],"class_list":["post-30325","post","type-post","status-publish","format-standard","has-post-thumbnail","hentry","category-zpravy"],"_links":{"self":[{"href":"https:\/\/www.invarena.cz\/index.php?rest_route=\/wp\/v2\/posts\/30325","targetHints":{"allow":["GET"]}}],"collection":[{"href":"https:\/\/www.invarena.cz\/index.php?rest_route=\/wp\/v2\/posts"}],"about":[{"href":"https:\/\/www.invarena.cz\/index.php?rest_route=\/wp\/v2\/types\/post"}],"author":[{"embeddable":true,"href":"https:\/\/www.invarena.cz\/index.php?rest_route=\/wp\/v2\/users\/1"}],"replies":[{"embeddable":true,"href":"https:\/\/www.invarena.cz\/index.php?rest_route=%2Fwp%2Fv2%2Fcomments&post=30325"}],"version-history":[{"count":0,"href":"https:\/\/www.invarena.cz\/index.php?rest_route=\/wp\/v2\/posts\/30325\/revisions"}],"wp:featuredmedia":[{"embeddable":true,"href":"https:\/\/www.invarena.cz\/index.php?rest_route=\/wp\/v2\/media\/20629"}],"wp:attachment":[{"href":"https:\/\/www.invarena.cz\/index.php?rest_route=%2Fwp%2Fv2%2Fmedia&parent=30325"}],"wp:term":[{"taxonomy":"category","embeddable":true,"href":"https:\/\/www.invarena.cz\/index.php?rest_route=%2Fwp%2Fv2%2Fcategories&post=30325"},{"taxonomy":"post_tag","embeddable":true,"href":"https:\/\/www.invarena.cz\/index.php?rest_route=%2Fwp%2Fv2%2Ftags&post=30325"}],"curies":[{"name":"wp","href":"https:\/\/api.w.org\/{rel}","templated":true}]}}