{"id":30329,"date":"2018-03-30T10:37:40","date_gmt":"2018-03-30T08:37:40","guid":{"rendered":"http:\/\/www.invarena.cz\/?p=30329"},"modified":"2018-03-30T10:50:20","modified_gmt":"2018-03-30T08:50:20","slug":"nevidomi-chteji-seniorum-prostrednictvim-navstev-zkratit-samotu","status":"publish","type":"post","link":"https:\/\/www.invarena.cz\/?p=30329","title":{"rendered":"Nevidom\u00ed cht\u011bj\u00ed senior\u016fm prost\u0159ednictv\u00edm n\u00e1v\u0161t\u011bv zkr\u00e1tit samotu"},"content":{"rendered":"<p><strong>Skupina nevidom\u00fdch chce pom\u00e1hat senior\u016fm v boji se samotou. Zalo\u017eili proto soci\u00e1ln\u00ed startup s n\u00e1zvem N\u00e1v\u0161t\u011bvy POTM\u011a, jeho\u017e prost\u0159ednictv\u00edm mohou senio\u0159i, kte\u0159\u00ed tr\u00e1v\u00ed v\u011bt\u0161inu \u010dasu o samot\u011b doma, v stacion\u00e1\u0159\u00edch nebo domovech pro seniory, nal\u00e9zt mezi nevidom\u00fdmi a slabozrak\u00fdmi \u010dlov\u011bka se spole\u010dn\u00fdmi z\u00e1jmy pro tr\u00e1ven\u00ed voln\u00e9ho \u010dasu. <\/strong><!--more--><\/p>\n<p>C\u00edlem projektu, kter\u00fd funguje pod hlavi\u010dkou Nada\u010dn\u00edho fondu \u010cesk\u00e9ho rozhlasu, je tak\u00e9 zprost\u0159edkovat zam\u011bstn\u00e1n\u00ed dal\u0161\u00edm <span class=\"highlight\">nevidom\u00fdm<\/span><!--K-->. &#8222;Je n\u00e1s deset a doch\u00e1z\u00edme na n\u00e1v\u0161t\u011bvy za seniory. Setk\u00e1v\u00e1me se na z\u00e1klad\u011b spole\u010dn\u00fdch z\u00e1jm\u016f. Tak, aby m\u011bli chu\u0165 a el\u00e1n do \u017eivota.<\/p>\n<p>Alena um\u00ed na kytaru, fl\u00e9tnu i klav\u00edr. Va\u0161im bl\u00edzk\u00fdm zahraje a zazp\u00edv\u00e1 obl\u00edben\u00e9 \u0161l\u00e1gry. S Mari\u00ed, kter\u00e1 je jako novin\u00e1\u0159ka zvykl\u00e1 poslouchat hodiny a hodiny, si zavzpom\u00ednaj\u00ed na \u010dasy d\u00e1vno minul\u00e9 a procvi\u010d\u00ed pam\u011b\u0165 u spole\u010densk\u00fdch her. Zden\u011bk je humorista a milovn\u00edk ciz\u00edch jazyk\u016f, se seniory r\u00e1d procvi\u010d\u00ed angli\u010dtinu i n\u011bm\u010dinu,&#8220; uv\u00e1d\u00ed na webu k projektu jeho auto\u0159i.<\/p>\n<p>Startup za\u010dal fungovat tento m\u011bs\u00edc v Praze a postupn\u011b se do n\u011bj zapoj\u00ed 18 <span class=\"highlight\">nevidom\u00fdch<\/span><!--K--> a slabozrak\u00fdch, kte\u0159\u00ed budou seniory nav\u0161t\u011bvovat a v\u011bnovat se spole\u010dn\u011b vybran\u00fdm aktivit\u00e1m. Do konce z\u00e1\u0159\u00ed budou N\u00e1v\u0161t\u011bvy Potm\u011b v pilotn\u00ed provozu a budou zdarma.<br \/>\nPot\u00e9 za\u010dnou fungovat jako soci\u00e1ln\u00ed podnik, kter\u00fd bude financov\u00e1n mimo jin\u00e9 z plateb za poskytnut\u00e9 slu\u017eby a roz\u0161\u00ed\u0159\u00ed se do dal\u0161\u00edch m\u011bst v \u010cesku.<\/p>\n<p>Slu\u017eby si p\u0159itom budou moci objednat nejen samotn\u00ed senio\u0159i, ale i jejich rodiny nebo lid\u00e9, kte\u0159\u00ed budou cht\u00edt seniory pot\u011b\u0161it dal\u0161\u00ed spole\u010dnost\u00ed.<br \/>\n&#8222;N\u00e1v\u0161t\u011bvami poskytujeme podporu rodin\u011b i pe\u010duj\u00edc\u00edm.<\/p>\n<p>V\u00edme, \u017ee je t\u011b\u017ek\u00e9 skloubit pr\u00e1ci, d\u011bti a dom\u00e1cnost s p\u00e9\u010d\u00ed o rodi\u010de \u010di prarodi\u010de. Proto jim pod\u00e1v\u00e1me pomocnou ruku,&#8220; uvedla vedouc\u00ed projektu Gabriela Drastichov\u00e1.<br \/>\nPodle n\u00ed <span class=\"highlight\">nevidom\u00ed<\/span><!--K--> mohou b\u00fdt senior\u016fm prosp\u011b\u0161n\u00ed i z jin\u00e9ho d\u016fvodu, d\u00edky vlastn\u00edm zku\u0161enostem a pravideln\u00e9mu vz\u00e1jemn\u00e9mu kontaktu dok\u00e1\u017eou u nich v\u010das rozpoznat a podchytit \u00fabytek zraku i sluchu a navrhnout vhodn\u00e1 \u0159e\u0161en\u00ed.<\/p>\n<p>http:\/\/hradecky.denik.cz\/ <\/p>\n","protected":false},"excerpt":{"rendered":"<div class=\"mh-excerpt\"><p>Skupina nevidom\u00fdch chce pom\u00e1hat senior\u016fm v boji se samotou. Zalo\u017eili proto soci\u00e1ln\u00ed startup s n\u00e1zvem N\u00e1v\u0161t\u011bvy POTM\u011a, jeho\u017e prost\u0159ednictv\u00edm mohou senio\u0159i, kte\u0159\u00ed tr\u00e1v\u00ed v\u011bt\u0161inu \u010dasu <a class=\"mh-excerpt-more\" href=\"https:\/\/www.invarena.cz\/?p=30329\" title=\"Nevidom\u00ed cht\u011bj\u00ed senior\u016fm prost\u0159ednictv\u00edm n\u00e1v\u0161t\u011bv zkr\u00e1tit samotu\">[&#8230;]<\/a><\/p>\n<\/div>","protected":false},"author":1,"featured_media":21012,"comment_status":"open","ping_status":"closed","sticky":false,"template":"","format":"standard","meta":{"footnotes":""},"categories":[9],"tags":[],"class_list":["post-30329","post","type-post","status-publish","format-standard","has-post-thumbnail","hentry","category-zpravy"],"_links":{"self":[{"href":"https:\/\/www.invarena.cz\/index.php?rest_route=\/wp\/v2\/posts\/30329","targetHints":{"allow":["GET"]}}],"collection":[{"href":"https:\/\/www.invarena.cz\/index.php?rest_route=\/wp\/v2\/posts"}],"about":[{"href":"https:\/\/www.invarena.cz\/index.php?rest_route=\/wp\/v2\/types\/post"}],"author":[{"embeddable":true,"href":"https:\/\/www.invarena.cz\/index.php?rest_route=\/wp\/v2\/users\/1"}],"replies":[{"embeddable":true,"href":"https:\/\/www.invarena.cz\/index.php?rest_route=%2Fwp%2Fv2%2Fcomments&post=30329"}],"version-history":[{"count":0,"href":"https:\/\/www.invarena.cz\/index.php?rest_route=\/wp\/v2\/posts\/30329\/revisions"}],"wp:featuredmedia":[{"embeddable":true,"href":"https:\/\/www.invarena.cz\/index.php?rest_route=\/wp\/v2\/media\/21012"}],"wp:attachment":[{"href":"https:\/\/www.invarena.cz\/index.php?rest_route=%2Fwp%2Fv2%2Fmedia&parent=30329"}],"wp:term":[{"taxonomy":"category","embeddable":true,"href":"https:\/\/www.invarena.cz\/index.php?rest_route=%2Fwp%2Fv2%2Fcategories&post=30329"},{"taxonomy":"post_tag","embeddable":true,"href":"https:\/\/www.invarena.cz\/index.php?rest_route=%2Fwp%2Fv2%2Ftags&post=30329"}],"curies":[{"name":"wp","href":"https:\/\/api.w.org\/{rel}","templated":true}]}}