{"id":30335,"date":"2018-04-02T21:57:13","date_gmt":"2018-04-02T19:57:13","guid":{"rendered":"http:\/\/www.invarena.cz\/?p=30335"},"modified":"2018-04-02T22:15:42","modified_gmt":"2018-04-02T20:15:42","slug":"mpsv-loni-utratilo-v-zahranici-temer-dvakrat-vic-penez-nez-v-predchozim-roce","status":"publish","type":"post","link":"https:\/\/www.invarena.cz\/?p=30335","title":{"rendered":"MPSV loni utratilo v zahrani\u010d\u00ed t\u00e9m\u011b\u0159 dvakr\u00e1t v\u00edc pen\u011bz ne\u017e v p\u0159edchoz\u00edm roce"},"content":{"rendered":"<p><strong>Na ministerstvu pr\u00e1ce a soci\u00e1ln\u00edch v\u011bc\u00ed se minul\u00fd rok jezdilo na zahrani\u010dn\u00ed cesty neobvykle v\u00edce ne\u017e p\u0159edchoz\u00ed roky. N\u011bkter\u00e9 cesty byly v \u0159\u00e1dech stovek tis\u00edc korun.  Report\u00e1\u017e Prima FTV<\/strong><!--more--><\/p>\n<p>podle na\u0161ich informac\u00ed nepat\u0159\u00ed ministerstvo pr\u00e1ce a soci\u00e1ln\u00edch v\u011bc\u00ed t\u011bm resort\u016fm, kde by se extr\u00e9mn\u011b cestovalo. P\u0159esto se n\u00e1klady na zahrani\u010dn\u00ed cesty za lo\u0148sk\u00fd rok v\u00fdrazn\u011b zv\u00fd\u0161ili. Podle toho co jsem zjistil tak to nen\u00ed cenou letenek, zde je na tom ministerstvo podobn\u011b jako v minul\u00fdch letech. Extr\u00e9mn\u011b se ale utr\u00e1celo p\u0159i platb\u00e1ch v hotovosti, valutami a taky p\u0159i platb\u00e1ch kartou. Tyto n\u00e1klady se t\u00e9m\u011b\u0159 zdvojn\u00e1sobily.<br \/>\nKam se p\u0159edev\u0161\u00edm z ministerstva pr\u00e1ce a soci\u00e1ln\u00edch v\u011bc\u00ed l\u00e9talo, do jak\u00fdch destinac\u00edch, to se dozv\u00edte v report\u00e1\u017ei. Indie 494 tis\u00edc, Spojen\u00e9 st\u00e1ty americk\u00e9 328 tis\u00edc a \u0160v\u00fdcarsko 192 tis\u00edc korun, takhle bychom mohli pokra\u010dovat. Celkem ministerstvo zorganizovalo p\u0159es 370 zahrani\u010dn\u00edch pracovn\u00edch cest a zaplatilo za n\u011b v\u00edce ne\u017e 6 milion\u016f korun. Je to m\u00e1lo nebo hodn\u011b?<\/p>\n<p>Michaela MARKSOV\u00c1, b\u00fdval\u00e1 ministryn\u011b pr\u00e1ce a soci\u00e1ln\u00edch v\u011bc\u00ed<br \/>\nTo ten ministr v\u016fbec ne\u0159e\u0161\u00ed, jestli tam t\u0159eba byl projekt, kde se platilo, \u017ee ty lidi za\u010dali jezdit. To j\u00e1 fakt nev\u00edm jako.<\/p>\n<p>Vladim\u00edr \u0158EPKA, mluv\u010d\u00ed ministerstva pr\u00e1ce a soci\u00e1ln\u00edch v\u011bc\u00ed<br \/>\nOno se jedn\u00e1 o \u010d\u00e1stky, kter\u00e9 byli vynalo\u017eeny za p\u0159edchoz\u00edho veden\u00ed ministerstva. To sou\u010dasn\u00e9 naopak tu \u010d\u00e1stku rapidn\u011b sni\u017euje.<\/p>\n<p>redaktor<br \/>\nNen\u00ed to tak dlouho co kolega Bohumil Roub upozornil na cestu pardubick\u00fdch mana\u017eer\u016f m\u011bstsk\u00e9 akciovky na jih Afriky za t\u00e9m\u011b\u0159 300 tis\u00edc korun z m\u011bstsk\u00e9 pokladny.<\/p>\n<p>Lea TOMKOV\u00c1, b\u00fdval\u00e1 zastupitelka pov\u011b\u0159en\u00e1 \u0159\u00edzen\u00edm akciov\u00e9 spole\u010dnosti \/ANO\/<br \/>\nSamoz\u0159ejm\u011b, \u017ee jsme se zaj\u00edmali o tom jak se tam likviduj\u00ed odpady, zaj\u00edmali jsme se o to jak se tam udr\u017euj\u00ed zahrady a parky.<\/p>\n<p>Rostislav KU\u010cERA, \u010dlen p\u0159edstavenstva SMP &#8211; ODPADY, a. s.<br \/>\nN\u00e1m bylo \u0159e\u010deno, \u017ee se jedn\u00e1 o odpadovou konferenci v Jihoafrick\u00e9 republice.<\/p>\n<p>Daniel JANOCH, redaktor<br \/>\n\u017d\u00e1dn\u00e1 konference se v t\u00e9 dob\u011b v Jihoafrick\u00e9 republice nekonala. To v p\u0159\u00edpad\u011b pan\u00ed ministryn\u011b Marksov\u00e9 je dolo\u017eeno, \u017ee se konferenc\u00ed opravdu z\u00fa\u010dastnila. Nutno tak\u00e9 dodat, \u017ee n\u00e1klady na zahrani\u010dn\u00ed cesty m\u00e1 ministerstvo pr\u00e1ce a soci\u00e1ln\u00edch v\u011bc\u00ed men\u0161\u00ed ne\u017e nap\u0159\u00edklad ministerstvo dopravy nebo financ\u00ed, kde utratili minul\u00fd rok za cesty do zahrani\u010d\u00ed 3kr\u00e1t tolik. Utr\u00e1c\u00ed ale i prezident Milo\u0161 Zeman a to nemus\u00ed jezdit ani do zahrani\u010d\u00ed. Jen cesty po \u010desk\u00fdch kraj\u00edch vy\u0161li hejtmany a starosty na 715000 korun.<\/p>\n<p>Martin P\u016eTA, libereck\u00fd hejtman \/starostov\u00e9 pro libereck\u00fd kraj\/<br \/>\nJsme p\u0159ipraveni, d\u011blali jsme to tak v\u017edycky v t\u011bch minul\u00fdch letech. Zaplatit to co souvis\u00ed s n\u00e1v\u0161t\u011bvou pana prezidenta, pan\u00ed Zemanov\u00e9 jsou n\u011bjak\u00e9 n\u00e1klady o kter\u00fdch si mysl\u00edme, \u017ee by je m\u011bla platit prezidentsk\u00e1 kancel\u00e1\u0159.<\/p>\n<p> redaktor<br \/>\nN\u011bkte\u0159\u00ed hejtmani nap\u0159\u00edklad necht\u011bj\u00ed propl\u00e1cet n\u00e1klady doprovodu prezidenta. Proto se cht\u011bj\u00ed i s ostatn\u00edmi hejtmany dohodnout, co a jak p\u0159i prezidentsk\u00fdch n\u00e1v\u0161t\u011bv\u00e1ch propl\u00e1cet.<\/p>\n","protected":false},"excerpt":{"rendered":"<div class=\"mh-excerpt\"><p>Na ministerstvu pr\u00e1ce a soci\u00e1ln\u00edch v\u011bc\u00ed se minul\u00fd rok jezdilo na zahrani\u010dn\u00ed cesty neobvykle v\u00edce ne\u017e p\u0159edchoz\u00ed roky. N\u011bkter\u00e9 cesty byly v \u0159\u00e1dech stovek tis\u00edc <a class=\"mh-excerpt-more\" href=\"https:\/\/www.invarena.cz\/?p=30335\" title=\"MPSV loni utratilo v zahrani\u010d\u00ed t\u00e9m\u011b\u0159 dvakr\u00e1t v\u00edc pen\u011bz ne\u017e v p\u0159edchoz\u00edm roce\">[&#8230;]<\/a><\/p>\n<\/div>","protected":false},"author":1,"featured_media":3373,"comment_status":"open","ping_status":"closed","sticky":false,"template":"","format":"standard","meta":{"footnotes":""},"categories":[9],"tags":[],"class_list":["post-30335","post","type-post","status-publish","format-standard","has-post-thumbnail","hentry","category-zpravy"],"_links":{"self":[{"href":"https:\/\/www.invarena.cz\/index.php?rest_route=\/wp\/v2\/posts\/30335","targetHints":{"allow":["GET"]}}],"collection":[{"href":"https:\/\/www.invarena.cz\/index.php?rest_route=\/wp\/v2\/posts"}],"about":[{"href":"https:\/\/www.invarena.cz\/index.php?rest_route=\/wp\/v2\/types\/post"}],"author":[{"embeddable":true,"href":"https:\/\/www.invarena.cz\/index.php?rest_route=\/wp\/v2\/users\/1"}],"replies":[{"embeddable":true,"href":"https:\/\/www.invarena.cz\/index.php?rest_route=%2Fwp%2Fv2%2Fcomments&post=30335"}],"version-history":[{"count":0,"href":"https:\/\/www.invarena.cz\/index.php?rest_route=\/wp\/v2\/posts\/30335\/revisions"}],"wp:featuredmedia":[{"embeddable":true,"href":"https:\/\/www.invarena.cz\/index.php?rest_route=\/wp\/v2\/media\/3373"}],"wp:attachment":[{"href":"https:\/\/www.invarena.cz\/index.php?rest_route=%2Fwp%2Fv2%2Fmedia&parent=30335"}],"wp:term":[{"taxonomy":"category","embeddable":true,"href":"https:\/\/www.invarena.cz\/index.php?rest_route=%2Fwp%2Fv2%2Fcategories&post=30335"},{"taxonomy":"post_tag","embeddable":true,"href":"https:\/\/www.invarena.cz\/index.php?rest_route=%2Fwp%2Fv2%2Ftags&post=30335"}],"curies":[{"name":"wp","href":"https:\/\/api.w.org\/{rel}","templated":true}]}}