{"id":30336,"date":"2018-04-02T02:00:51","date_gmt":"2018-04-02T00:00:51","guid":{"rendered":"http:\/\/www.invarena.cz\/?p=30336"},"modified":"2018-04-03T12:49:59","modified_gmt":"2018-04-03T10:49:59","slug":"i-z-voziku-se-da-vyrazit-na-dakar","status":"publish","type":"post","link":"https:\/\/www.invarena.cz\/?p=30336","title":{"rendered":"I z voz\u00edku se d\u00e1 vyrazit na Dakar"},"content":{"rendered":"<p><strong>Prvn\u00edm handicapovan\u00fdm \u0159idi\u010dem, kter\u00fd dokon\u010dil Rallye Dakar za volantem z\u00e1vodn\u00edho kamionu, byl Albert Llovera. V Most\u011b umo\u017enil z\u00e1\u017eitek z j\u00edzdy ve sv\u00e9m speci\u00e1lu i \u010desk\u00fdm voz\u00ed\u010dk\u00e1\u0159\u016fm.<\/strong><!--more--><\/p>\n<p>redaktorka<br \/>\nAndu\u0159an Albert Llovera po \u00farazu na ly\u017e\u00edch u sportu z\u016fstal. Za\u010dal jezdit rallye a jako prvn\u00ed handicapovan\u00fd sportovec dokon\u010dil Dakar mezi kamionisty.<\/p>\n<p><strong>Albert LLOVERA, \u00fa\u010dastn\u00edk Rallye Dakar s Tatrou 2015, 2017<br \/>\nJe t\u0159eba si uv\u011bdomit, \u017ee sice m\u00e1m n\u011bjak\u00fd zdravotn\u00ed probl\u00e9m, ale moje hlava je naprosto v po\u0159\u00e1dku. Report\u00e1\u017e \u010cT 1<\/strong><!--more--><\/p>\n<p>Z\u00e1vodn\u00ed speci\u00e1l si vedle n\u011bj na pozici spolujezdce vyzkou\u0161el t\u0159eba kapit\u00e1n sledgehokejov\u00e9 reprezentace Zden\u011bk \u0160afr\u00e1nek nebo paralympijsk\u00fd v\u00edt\u011bz v plav\u00e1n\u00ed Arno\u0161t Petr\u00e1\u010dek, kter\u00fd rychlost testoval i na motok\u00e1r\u00e1ch.<\/p>\n<p>Arno\u0161t PETR\u00c1\u010cEK, paralympijsk\u00fd v\u00edt\u011bz v plav\u00e1n\u00ed<br \/>\nTady nen\u00ed pot\u0159eba dodr\u017eovat p\u0159edpisy, tak\u017ee jezd\u00edm, co to d\u00e1.<\/p>\n<p>redaktorka<br \/>\nAkce byla sou\u010d\u00e1st\u00ed projektu Cesta za snem. T\u00edm by te\u010f pro \u010desk\u00e9ho sledgehokejistu byla \u00fa\u010dast na Dakaru.<\/p>\n<p>Zden\u011bk \u0160AFR\u00c1NEK, kapit\u00e1n sledgehokejov\u00e9 reprezentace na ZOH 2018<br \/>\nProst\u011b kdyby vy\u0161la jedna jedin\u00e1 etapa, kterou by si \u010dlov\u011bk opravdu moh zajet a za\u0159\u00eddit si to, prost\u011b \u0161el bych do toho hned po hlav\u011b, v\u016fbec bych nep\u0159emej\u0161lel.<\/p>\n","protected":false},"excerpt":{"rendered":"<div class=\"mh-excerpt\"><p>Prvn\u00edm handicapovan\u00fdm \u0159idi\u010dem, kter\u00fd dokon\u010dil Rallye Dakar za volantem z\u00e1vodn\u00edho kamionu, byl Albert Llovera. V Most\u011b umo\u017enil z\u00e1\u017eitek z j\u00edzdy ve sv\u00e9m speci\u00e1lu i \u010desk\u00fdm <a class=\"mh-excerpt-more\" href=\"https:\/\/www.invarena.cz\/?p=30336\" title=\"I z voz\u00edku se d\u00e1 vyrazit na Dakar\">[&#8230;]<\/a><\/p>\n<\/div>","protected":false},"author":1,"featured_media":2745,"comment_status":"open","ping_status":"closed","sticky":false,"template":"","format":"standard","meta":{"footnotes":""},"categories":[9],"tags":[],"class_list":["post-30336","post","type-post","status-publish","format-standard","has-post-thumbnail","hentry","category-zpravy"],"_links":{"self":[{"href":"https:\/\/www.invarena.cz\/index.php?rest_route=\/wp\/v2\/posts\/30336","targetHints":{"allow":["GET"]}}],"collection":[{"href":"https:\/\/www.invarena.cz\/index.php?rest_route=\/wp\/v2\/posts"}],"about":[{"href":"https:\/\/www.invarena.cz\/index.php?rest_route=\/wp\/v2\/types\/post"}],"author":[{"embeddable":true,"href":"https:\/\/www.invarena.cz\/index.php?rest_route=\/wp\/v2\/users\/1"}],"replies":[{"embeddable":true,"href":"https:\/\/www.invarena.cz\/index.php?rest_route=%2Fwp%2Fv2%2Fcomments&post=30336"}],"version-history":[{"count":0,"href":"https:\/\/www.invarena.cz\/index.php?rest_route=\/wp\/v2\/posts\/30336\/revisions"}],"wp:featuredmedia":[{"embeddable":true,"href":"https:\/\/www.invarena.cz\/index.php?rest_route=\/wp\/v2\/media\/2745"}],"wp:attachment":[{"href":"https:\/\/www.invarena.cz\/index.php?rest_route=%2Fwp%2Fv2%2Fmedia&parent=30336"}],"wp:term":[{"taxonomy":"category","embeddable":true,"href":"https:\/\/www.invarena.cz\/index.php?rest_route=%2Fwp%2Fv2%2Fcategories&post=30336"},{"taxonomy":"post_tag","embeddable":true,"href":"https:\/\/www.invarena.cz\/index.php?rest_route=%2Fwp%2Fv2%2Ftags&post=30336"}],"curies":[{"name":"wp","href":"https:\/\/api.w.org\/{rel}","templated":true}]}}