{"id":30339,"date":"2018-04-05T16:32:26","date_gmt":"2018-04-05T14:32:26","guid":{"rendered":"http:\/\/www.invarena.cz\/?p=30339"},"modified":"2018-04-05T16:42:17","modified_gmt":"2018-04-05T14:42:17","slug":"manzel-je-po-mrtvici-ochrnuty-na-pravou-stranu-tela-mame-narok-na-prispevek-na-auto","status":"publish","type":"post","link":"https:\/\/www.invarena.cz\/?p=30339","title":{"rendered":"Man\u017eel je po mrtvici ochrnut\u00fd na pravou stranu t\u011bla. M\u00e1me n\u00e1rok na p\u0159\u00edsp\u011bvek na auto?"},"content":{"rendered":"<p><strong>Dotaz:<br \/>\nCht\u011bla bych se zeptat jestli m\u00e1me n\u00e1rok na auto. M\u016fj man\u017eel je po mrtvici ochrnut\u00fd na pravou stranu, \u010d\u00e1ste\u010dn\u011b zbaven sv\u00e9pr\u00e1vnosti, m\u00e1 karti\u010dku ZTP\/P, pln\u00fd invalidn\u00ed d\u016fchod. Hlavn\u011b nemluv\u00ed a na neurologii naps\u00e1no, \u017ee to je trval\u00fd stav.<\/strong><br \/>\n<!--more--><br \/>\nOdpov\u011b\u010f:<br \/>\nS nejv\u011bt\u0161\u00ed pravd\u011bpodobnost\u00ed bude Va\u0161emu man\u017eelovi p\u0159\u00edsp\u011bvek na po\u0159\u00edzen\u00ed motorov\u00e9ho vozidla p\u0159izn\u00e1n. Rozhodn\u011b V\u00e1m mohu doporu\u010dit, abyste si o n\u011bj za\u017e\u00e1dali na Va\u0161\u00ed pobo\u010dce \u00da\u0159adu pr\u00e1ce. O tom, zda bude p\u0159\u00edsp\u011bvek Va\u0161emu man\u017eelovi p\u0159izn\u00e1n rozhodne L\u00e9ka\u0159sk\u00e1 posudkov\u00e1 slu\u017eba \u010cSSZ a to na z\u00e1klad\u011b zdravotn\u00ed dokumentace zaslan\u00e9 jeho o\u0161et\u0159uj\u00edc\u00edm l\u00e9ka\u0159em. Cel\u00e9 \u0159\u00edzen\u00ed o n\u00e1roku na p\u0159\u00edsp\u011bvek m\u016f\u017ee v lep\u0161\u00edm p\u0159\u00edpad\u011b trvat 3 a\u017e 4 m\u011bs\u00edce.<br \/>\nPro \u00faplnost uv\u00e1d\u00edm, kdo m\u00e1 v sou\u010dasn\u00e9 dob\u011b n\u00e1rok na p\u0159\u00edsp\u011bvek na po\u0159\u00edzen\u00ed motorov\u00e9ho vozidla:<br \/>\n\u201eN\u00e1rok na p\u0159\u00edsp\u011bvek na zvl\u00e1\u0161tn\u00ed pom\u016fcku poskytovan\u00fd na po\u0159\u00edzen\u00ed motorov\u00e9ho vozidla m\u00e1 osoba, kter\u00e1 m\u00e1 t\u011b\u017ekou vadu nosn\u00e9ho nebo pohybov\u00e9ho \u00fastroj\u00ed anebo t\u011b\u017ekou nebo hlubokou ment\u00e1ln\u00ed retardaci charakteru dlouhodob\u011b nep\u0159\u00edzniv\u00e9ho zdravotn\u00edho stavu, a jej\u00ed zdravotn\u00ed stav nevylu\u010duje p\u0159izn\u00e1n\u00ed tohoto p\u0159\u00edsp\u011bvku.\u201c<\/p>\n<p>Ji\u0159\u00ed Marek<br \/>\ninvArena<\/p>\n","protected":false},"excerpt":{"rendered":"<div class=\"mh-excerpt\"><p>Dotaz: Cht\u011bla bych se zeptat jestli m\u00e1me n\u00e1rok na auto. M\u016fj man\u017eel je po mrtvici ochrnut\u00fd na pravou stranu, \u010d\u00e1ste\u010dn\u011b zbaven sv\u00e9pr\u00e1vnosti, m\u00e1 karti\u010dku ZTP\/P, <a class=\"mh-excerpt-more\" href=\"https:\/\/www.invarena.cz\/?p=30339\" title=\"Man\u017eel je po mrtvici ochrnut\u00fd na pravou stranu t\u011bla. M\u00e1me n\u00e1rok na p\u0159\u00edsp\u011bvek na auto?\">[&#8230;]<\/a><\/p>\n<\/div>","protected":false},"author":3,"featured_media":27673,"comment_status":"open","ping_status":"closed","sticky":false,"template":"","format":"standard","meta":{"footnotes":""},"categories":[18],"tags":[],"class_list":["post-30339","post","type-post","status-publish","format-standard","has-post-thumbnail","hentry","category-poradna"],"_links":{"self":[{"href":"https:\/\/www.invarena.cz\/index.php?rest_route=\/wp\/v2\/posts\/30339","targetHints":{"allow":["GET"]}}],"collection":[{"href":"https:\/\/www.invarena.cz\/index.php?rest_route=\/wp\/v2\/posts"}],"about":[{"href":"https:\/\/www.invarena.cz\/index.php?rest_route=\/wp\/v2\/types\/post"}],"author":[{"embeddable":true,"href":"https:\/\/www.invarena.cz\/index.php?rest_route=\/wp\/v2\/users\/3"}],"replies":[{"embeddable":true,"href":"https:\/\/www.invarena.cz\/index.php?rest_route=%2Fwp%2Fv2%2Fcomments&post=30339"}],"version-history":[{"count":0,"href":"https:\/\/www.invarena.cz\/index.php?rest_route=\/wp\/v2\/posts\/30339\/revisions"}],"wp:featuredmedia":[{"embeddable":true,"href":"https:\/\/www.invarena.cz\/index.php?rest_route=\/wp\/v2\/media\/27673"}],"wp:attachment":[{"href":"https:\/\/www.invarena.cz\/index.php?rest_route=%2Fwp%2Fv2%2Fmedia&parent=30339"}],"wp:term":[{"taxonomy":"category","embeddable":true,"href":"https:\/\/www.invarena.cz\/index.php?rest_route=%2Fwp%2Fv2%2Fcategories&post=30339"},{"taxonomy":"post_tag","embeddable":true,"href":"https:\/\/www.invarena.cz\/index.php?rest_route=%2Fwp%2Fv2%2Ftags&post=30339"}],"curies":[{"name":"wp","href":"https:\/\/api.w.org\/{rel}","templated":true}]}}