{"id":30340,"date":"2018-04-03T13:09:37","date_gmt":"2018-04-03T11:09:37","guid":{"rendered":"http:\/\/www.invarena.cz\/?p=30340"},"modified":"2018-04-03T13:09:51","modified_gmt":"2018-04-03T11:09:51","slug":"dvoutydenni-pochod-lidem-priblizil-svet-autistu","status":"publish","type":"post","link":"https:\/\/www.invarena.cz\/?p=30340","title":{"rendered":"Dvout\u00fddenn\u00ed pochod lidem p\u0159ibl\u00ed\u017e\u00ed sv\u011bt autist\u016f"},"content":{"rendered":"<p><strong>V pond\u011bl\u00ed 2. dubna v Havl\u00ed\u010dkov\u011b Brod\u011b odstartovalo \u010dtrn\u00e1ctidenn\u00ed Putov\u00e1n\u00ed Nahoru a dol\u016f od m\u011bsta k m\u011bstu, kter\u00e9 si vzalo za c\u00edl zv\u00fd\u0161it pov\u011bdom\u00ed ve\u0159ejnosti o autismu. Na konci t\u00e9m\u011b\u0159 ka\u017ed\u00e9ho dne je ve vybran\u00e9m m\u011bst\u011b napl\u00e1novan\u00e1 beseda o \u017eivot\u011b autist\u016f. Z\u00e1jemci maj\u00ed mo\u017enost debatovat na toto t\u00e9ma s p\u0159\u00edtomn\u00fdmi odborn\u00edky nebo s lidmi, kte\u0159\u00ed maj\u00ed s autismem svou zku\u0161enost.<\/strong><br \/>\n<!--more--><br \/>\n&#8222;Autismus nen\u00ed nel\u00e9\u010diteln\u00e1 nemoc a \u010dlov\u011bk na spektru autismu tak\u00e9 v\u011bt\u0161inou nevypad\u00e1 jako Rain Man ze slavn\u00e9ho filmu v pod\u00e1n\u00ed Dustina Hoffmana. Krom\u011b t\u011bch v\u00edce posti\u017een\u00fdch maj\u00edc\u00edch v\u00e1\u017en\u00e9 probl\u00e9my a vy\u017eaduj\u00edc\u00edch n\u00e1ro\u010dnou p\u00e9\u010di, jsou tu i ti t\u00e9m\u011b\u0159 neviditeln\u00ed,&#8220; \u0159\u00edk\u00e1 Elen Bar\u010di\u0161ov\u00e1 z ob\u010dansk\u00e9ho sdru\u017een\u00ed Adventor, kter\u00e9 pe\u010duje o d\u011bti i dosp\u011bl\u00e9 na spektru autismu.<br \/>\n&#8222;N\u011bkdy jsou velmi talentovan\u00ed, a\u0165 u\u017e v um\u011bleck\u00fdch sm\u011brech, nebo t\u0159eba v matematice. Dal\u0161\u00ed nejsou ni\u010d\u00edm v\u00fdjime\u010dn\u00ed a mnohdy maj\u00ed v\u00e1\u017en\u00e9 pot\u00ed\u017ee, ale p\u0159esto stoj\u00ed za to poznat sv\u011bt jejich o\u010dima. Pot\u0159ebuj\u00ed jen trochu pochopen\u00ed, ohleduplnosti a dostat \u0161anci uplatnit sv\u00e9 schopnosti v \u017eivot\u011b, tak jako ka\u017ed\u00fd \u010dlov\u011bk,&#8220; doplnila Elen Bar\u010di\u0161ov\u00e1. Adventor letos po\u0159\u00e1d\u00e1 ji\u017e \u0161est\u00fd ro\u010dn\u00edk Putov\u00e1n\u00ed. Leto\u0161n\u00ed trasa m\u00e1 283 kilometr\u016f a \u00fa\u010dastn\u00edci Putov\u00e1n\u00ed tuto vzd\u00e1lenost ujdou od 2. do 16. dubna. &#8222;Tentokr\u00e1t krajem drsn\u00fdm i kr\u00e1sn\u00fdm z\u00e1rove\u0148 \u2013 Vyso\u010dinou. Jednotliv\u00e9 trasy m\u011b\u0159\u00ed okolo 25 kilometr\u016f,&#8220; poznamenala Bar\u010di\u0161ov\u00e1.<br \/>\nPutov\u00e1n\u00ed za\u010dalo 2. dubna v Havl\u00ed\u010dkov\u011b Brod\u011b besedou a slavnostn\u00edm zah\u00e1jen\u00edm. V \u00fater\u00fd ji\u017e \u00fa\u010dastn\u00edky \u010dek\u00e1 zast\u00e1vka v Chot\u011bbo\u0159i. Ve zdej\u0161\u00ed knihovn\u011b Ign\u00e1ta Hermanna se od 17 hodin kon\u00e1 beseda o autismu a autistech s Putuj\u00edc\u00edm Vojt\u011bchem Barto\u0161\u00edkem a Radkem \u010cih\u00e1kem. Na m\u00edst\u011b si z\u00e1jemci budou moci prohl\u00e9dnout nebo i zakoupit \u0161perky a obrazy autistick\u00fdch v\u00fdtvarn\u00edk\u016f. Dal\u0161\u00ed zast\u00e1vkou bude \u017d\u010f\u00e1r nad S\u00e1zavou, Nov\u00e9 M\u011bsto na Morav\u011b, Ostrov nad Oslavou, Velk\u00e9 Mezi\u0159\u00ed\u010d\u00ed, T\u0159eb\u00ed\u010d, Moravsk\u00e9 Bud\u011bjovice, \u017deletava, Tel\u010d, Horn\u00ed Cerekev, Pelh\u0159imov, Nov\u00fd Rychnov a Jihlava.<br \/>\nPodtitulem leto\u0161n\u00edho ro\u010dn\u00edku je Nahoru a dol\u016f.<br \/>\n&#8222;Krom\u011b toho, \u017ee trasa vede Vyso\u010dinou a oblastmi jako jsou \u017d\u010f\u00e1rsk\u00e9 \u010di Jihlavsk\u00e9 vrchy, tak chceme pouk\u00e1zat na to, \u017ee \u017eivot s autismem nen\u00ed proch\u00e1zkou r\u016f\u017eov\u00fdm sadem, ale je drsn\u00fd a kr\u00e1sn\u00fd z\u00e1rove\u0148, stejn\u011b jako kraj, kter\u00fdm Putov\u00e1n\u00ed vede,&#8220; vysv\u011btluj\u00ed organiz\u00e1to\u0159i jeho v\u00fdznam.<br \/>\nStejn\u011b jako v p\u0159edchoz\u00edch letech m\u00e1 akce i letos jednoho hlavn\u00edho poutn\u00edka. Tentok rok j\u00edm bude op\u011bt Vojt\u011bch Barto\u0161\u00edk. &#8222;Kdokoliv se k n\u011bmu m\u016f\u017ee p\u0159idat a j\u00edt celou etapu nebo t\u0159eba jen kousek trasy, jak si kdo troufne. Ka\u017ed\u00fd, kdo se takto p\u0159id\u00e1 alespo\u0148 na \u010d\u00e1st trasy, dostane na pam\u00e1tku mal\u00fd d\u00e1rek,&#8220; dodala Bar\u010di\u0161ov\u00e1.<br \/>\nNa str\u00e1nk\u00e1ch Adventoru bude mo\u017en\u00e9 pomoc\u00ed sledovac\u00edho za\u0159\u00edzen\u00ed vid\u011bt, kde se pr\u00e1v\u011b putuj\u00edc\u00ed nach\u00e1zej\u00ed, a kdekoliv se k nim p\u0159ipojit nebo je alespo\u0148 na cest\u011b pozdravit.<\/p>\n<p>Havl\u00ed\u010dkobrodsk\u00fd den\u00edk<br \/>\nhttp:\/\/havlickobrodsky.denik.cz\/ <\/p>\n","protected":false},"excerpt":{"rendered":"<div class=\"mh-excerpt\"><p>V pond\u011bl\u00ed 2. dubna v Havl\u00ed\u010dkov\u011b Brod\u011b odstartovalo \u010dtrn\u00e1ctidenn\u00ed Putov\u00e1n\u00ed Nahoru a dol\u016f od m\u011bsta k m\u011bstu, kter\u00e9 si vzalo za c\u00edl zv\u00fd\u0161it pov\u011bdom\u00ed ve\u0159ejnosti <a class=\"mh-excerpt-more\" href=\"https:\/\/www.invarena.cz\/?p=30340\" title=\"Dvout\u00fddenn\u00ed pochod lidem p\u0159ibl\u00ed\u017e\u00ed sv\u011bt autist\u016f\">[&#8230;]<\/a><\/p>\n<\/div>","protected":false},"author":1,"featured_media":30343,"comment_status":"open","ping_status":"closed","sticky":false,"template":"","format":"standard","meta":{"footnotes":""},"categories":[9],"tags":[],"class_list":["post-30340","post","type-post","status-publish","format-standard","has-post-thumbnail","hentry","category-zpravy"],"_links":{"self":[{"href":"https:\/\/www.invarena.cz\/index.php?rest_route=\/wp\/v2\/posts\/30340","targetHints":{"allow":["GET"]}}],"collection":[{"href":"https:\/\/www.invarena.cz\/index.php?rest_route=\/wp\/v2\/posts"}],"about":[{"href":"https:\/\/www.invarena.cz\/index.php?rest_route=\/wp\/v2\/types\/post"}],"author":[{"embeddable":true,"href":"https:\/\/www.invarena.cz\/index.php?rest_route=\/wp\/v2\/users\/1"}],"replies":[{"embeddable":true,"href":"https:\/\/www.invarena.cz\/index.php?rest_route=%2Fwp%2Fv2%2Fcomments&post=30340"}],"version-history":[{"count":0,"href":"https:\/\/www.invarena.cz\/index.php?rest_route=\/wp\/v2\/posts\/30340\/revisions"}],"wp:featuredmedia":[{"embeddable":true,"href":"https:\/\/www.invarena.cz\/index.php?rest_route=\/wp\/v2\/media\/30343"}],"wp:attachment":[{"href":"https:\/\/www.invarena.cz\/index.php?rest_route=%2Fwp%2Fv2%2Fmedia&parent=30340"}],"wp:term":[{"taxonomy":"category","embeddable":true,"href":"https:\/\/www.invarena.cz\/index.php?rest_route=%2Fwp%2Fv2%2Fcategories&post=30340"},{"taxonomy":"post_tag","embeddable":true,"href":"https:\/\/www.invarena.cz\/index.php?rest_route=%2Fwp%2Fv2%2Ftags&post=30340"}],"curies":[{"name":"wp","href":"https:\/\/api.w.org\/{rel}","templated":true}]}}