{"id":30369,"date":"2018-04-10T19:59:07","date_gmt":"2018-04-10T17:59:07","guid":{"rendered":"http:\/\/www.invarena.cz\/?p=30369"},"modified":"2018-04-10T20:16:52","modified_gmt":"2018-04-10T18:16:52","slug":"jak-se-chovat-k-nevidomym","status":"publish","type":"post","link":"https:\/\/www.invarena.cz\/?p=30369","title":{"rendered":"Jak se chovat k nevidom\u00fdm?"},"content":{"rendered":"<p><strong>Pracovn\u00edci olomouck\u00e9ho Tyflocentra vyr\u00e1\u017e\u00ed do \u0161kol. U\u010d\u00ed d\u011bti, jak se maj\u00ed spr\u00e1vn\u011b chovat k nevidom\u00fdm a slabozrak\u00fdm, p\u0159\u00edpadn\u011b jak jim pomoci. Podle odborn\u00edk\u016f maj\u00ed lid\u00e9 st\u00e1le velk\u00e9 mezery v tom, jak zrakov\u011b handicapovan\u00fdm porozum\u011bt. Tyflocentrum Olomouc tak chce za\u010d\u00edt pr\u00e1v\u011b u t\u011bch nejmen\u0161\u00edch.<\/strong><!--more--><\/p>\n<p><strong> \u010cesk\u00e1 televize &#8211; report\u00e1\u017e<\/strong><\/p>\n<p>Dan \u017dateck\u00fd je slabozrak\u00fd. Kdy\u017e nem\u00e1 br\u00fdle, pot\u0159ebuje b\u00edlou h\u016fl. Tento mu\u017e ho oslovil d\u0159\u00edv, ne\u017e do\u0161el k p\u0159echodu pro chodce. <\/p>\n<p>Dan \u017dATECK\u00dd, zrakov\u011b posti\u017een\u00fd, zam\u011bstnanec Tyflocentra Olomouc<br \/>\nJ\u00e1 bych za norm\u00e1ln\u00edch okolnost\u00ed vid\u011bl, ale dneska jsem si rozbil br\u00fdle, tak\u017ee jsem naprosto teda&#8230; Jo, dob\u0159e. P\u0159isko\u010d\u00ed k v\u00e1m n\u011bkdo zezadu, bafne v\u00e1s, chytne, jo, vy se leknete, nebo v\u00e1s t\u00e1hne n\u011bkam, kam vy v\u016fbec nechcete, nept\u00e1 se. <\/p>\n<p> redaktor<br \/>\nJak se spr\u00e1vn\u011b chovat ke zrakov\u011b posti\u017een\u00fdm, u\u010d\u00ed lidi Tyflocentrum Olomouc. Te\u010f se zam\u011b\u0159ilo na d\u011bti. Nap\u0159\u00edklad na Z\u00e1kladn\u00ed \u0161kole Za ml\u00fdnem v P\u0159erov\u011b. <\/p>\n<p>Dan \u017dATECK\u00dd, zrakov\u011b posti\u017een\u00fd, zam\u011bstnanec Tyflocentra Olomouc<br \/>\nTak, co ta h\u016fl d\u011bl\u00e1 te\u010f? <\/p>\n<p>d\u00edt\u011b<br \/>\nUpozornila m\u011b, \u017ee p\u0159ede mnou n\u011bco je. <\/p>\n<p>Dan \u017dATECK\u00dd, zrakov\u011b posti\u017een\u00fd, zam\u011bstnanec Tyflocentra Olomouc<br \/>\nP\u0159esn\u011b tak, v\u00fdborn\u011b. <\/p>\n<p>Martina COUFALOV\u00c1, pracovn\u00ed poradce, Tyflocentrum Olomouc<br \/>\nP\u0159ev\u00e1\u017en\u011b je to formou akce, ne teorie, ale aby si vyzkou\u0161eli ch\u016fzi s b\u00edlou hol\u00ed, aby si zkusili orientaci p\u0159i ob\u011bd\u011b na tal\u00ed\u0159i, aby si zkusili jak\u00e9 hry, jak\u00e9 mo\u017enosti jsou. <\/p>\n<p>d\u00edt\u011b<br \/>\nTo je ocet. <\/p>\n<p>osoba<br \/>\nOcet, perfektn\u00ed. <\/p>\n<p>Marek VRL\u00c1K, redaktor<br \/>\nOlomouck\u00e9 Tyflocentrum postupn\u011b oslovuje \u0161koly v Olomouck\u00e9m kraji a n\u011bkter\u00e9 se dokonce hl\u00e1s\u00ed samy. Nap\u0159\u00edklad tady na Z\u00e1kladn\u00ed \u0161kole Za ml\u00fdnem v P\u0159erov\u011b se do projektu zapojily u\u017e v\u0161echny t\u0159\u00eddy. <\/p>\n<p>Bo\u017eena P\u0158IDALOV\u00c1, \u0159editelka Z\u0160 Za Ml\u00fdnem v P\u0159erov\u011b<br \/>\nSpolupr\u00e1ce s Tyflocentrem Olomouc je velmi u\u017eite\u010dn\u00e1, proto\u017ee \u017e\u00e1ci se nau\u010d\u00ed pozn\u00e1vat \u017eivot slabozrak\u00fdch a nevidom\u00fdch. V praxi poznaj\u00ed kompenza\u010dn\u00ed pom\u016fcky. <\/p>\n<p>redaktor<br \/>\n\u0160kola projekt v\u00edt\u00e1 tak\u00e9 z pohledu inkluze, kdy se spolu u\u010d\u00ed \u017e\u00edt zdrav\u00e9 d\u011bti s handicapovan\u00fdmi. <\/p>\n","protected":false},"excerpt":{"rendered":"<div class=\"mh-excerpt\"><p>Pracovn\u00edci olomouck\u00e9ho Tyflocentra vyr\u00e1\u017e\u00ed do \u0161kol. U\u010d\u00ed d\u011bti, jak se maj\u00ed spr\u00e1vn\u011b chovat k nevidom\u00fdm a slabozrak\u00fdm, p\u0159\u00edpadn\u011b jak jim pomoci. Podle odborn\u00edk\u016f maj\u00ed lid\u00e9 <a class=\"mh-excerpt-more\" href=\"https:\/\/www.invarena.cz\/?p=30369\" title=\"Jak se chovat k nevidom\u00fdm?\">[&#8230;]<\/a><\/p>\n<\/div>","protected":false},"author":1,"featured_media":4071,"comment_status":"open","ping_status":"closed","sticky":false,"template":"","format":"standard","meta":{"footnotes":""},"categories":[7],"tags":[],"class_list":["post-30369","post","type-post","status-publish","format-standard","has-post-thumbnail","hentry","category-spolecnost"],"_links":{"self":[{"href":"https:\/\/www.invarena.cz\/index.php?rest_route=\/wp\/v2\/posts\/30369","targetHints":{"allow":["GET"]}}],"collection":[{"href":"https:\/\/www.invarena.cz\/index.php?rest_route=\/wp\/v2\/posts"}],"about":[{"href":"https:\/\/www.invarena.cz\/index.php?rest_route=\/wp\/v2\/types\/post"}],"author":[{"embeddable":true,"href":"https:\/\/www.invarena.cz\/index.php?rest_route=\/wp\/v2\/users\/1"}],"replies":[{"embeddable":true,"href":"https:\/\/www.invarena.cz\/index.php?rest_route=%2Fwp%2Fv2%2Fcomments&post=30369"}],"version-history":[{"count":0,"href":"https:\/\/www.invarena.cz\/index.php?rest_route=\/wp\/v2\/posts\/30369\/revisions"}],"wp:featuredmedia":[{"embeddable":true,"href":"https:\/\/www.invarena.cz\/index.php?rest_route=\/wp\/v2\/media\/4071"}],"wp:attachment":[{"href":"https:\/\/www.invarena.cz\/index.php?rest_route=%2Fwp%2Fv2%2Fmedia&parent=30369"}],"wp:term":[{"taxonomy":"category","embeddable":true,"href":"https:\/\/www.invarena.cz\/index.php?rest_route=%2Fwp%2Fv2%2Fcategories&post=30369"},{"taxonomy":"post_tag","embeddable":true,"href":"https:\/\/www.invarena.cz\/index.php?rest_route=%2Fwp%2Fv2%2Ftags&post=30369"}],"curies":[{"name":"wp","href":"https:\/\/api.w.org\/{rel}","templated":true}]}}