{"id":30382,"date":"2018-04-16T22:15:37","date_gmt":"2018-04-16T20:15:37","guid":{"rendered":"http:\/\/www.invarena.cz\/?p=30382"},"modified":"2018-04-16T22:15:37","modified_gmt":"2018-04-16T20:15:37","slug":"matky-autistu-chystaji-zaloby","status":"publish","type":"post","link":"https:\/\/www.invarena.cz\/?p=30382","title":{"rendered":"Matky autist\u016f chystaj\u00ed \u017ealoby"},"content":{"rendered":"<p><strong>M\u00e1 autistick\u00e9ho syna, kter\u00fd je absolutn\u011b nesamostatn\u00fd a z\u00e1visl\u00fd na n\u00ed. Nav\u00edc nebezpe\u010dn\u00fd sob\u011b i sv\u00e9mu okol\u00ed, proto mu Na\u010fa Karlov\u00e1 mus\u00ed v\u011bnovat neust\u00e1lou p\u00e9\u010di. Posudkov\u00ed l\u00e9ka\u0159i ale \u017een\u011b z Hradce Kr\u00e1lov\u00e9 opakovan\u011b odm\u00edtaj\u00ed uznat p\u0159\u00edsp\u011bvek na vy\u0161\u0161\u00ed ne\u017e prvn\u00ed stupe\u0148 posti\u017een\u00ed a nen\u00ed sama. <\/strong><!--more--><\/p>\n<p><strong>report\u00e1\u017e tv Barrandov<\/strong><\/p>\n<p>Na pohled zdrav\u00fd kluk, ale kdy\u017e t\u0159eba prohraje v kart\u00e1ch, ve vte\u0159in\u011b je z n\u011bj zu\u0159iv\u00fd d\u00e9mon. <\/p>\n<p>Na\u010fa KARLOV\u00c1, maminka Nicolase<br \/>\nDoml\u00e1t\u00ed se do hlavy do bezv\u011bdom\u00ed. Ubli\u017euje sob\u011b, kdy\u017e m\u00e1 z\u00e1chvat, nen\u00ed mu vyhov\u011bno. Ubli\u017euje okol\u00ed. <\/p>\n<p>Milena V\u011aCHTOV\u00c1, babi\u010dka Nicolase<br \/>\nJe schopen zvednou konferen\u010dn\u00ed stolek, hodit ho p\u0159es m\u00edstnost. Je schopen vz\u00edt l\u00e1hev, uhodit s n\u00ed n\u011bkoho po hlav\u011b t\u0159eba v tom afektu. <\/p>\n<p> redaktor<br \/>\n\u0160estilet\u00fd chlapec m\u00e1 toti\u017e sice podle odborn\u00edk\u016f velmi vysok\u00e9 IQ, ale taky \u0159adu posti\u017een\u00ed. <\/p>\n<p>Na\u010fa KARLOV\u00c1, maminka Nicolase<br \/>\nNicolas m\u00e1 zhruba 9 diagn\u00f3z, z nich\u017e je nejv\u00e1\u017en\u011bj\u0161\u00ed asi porucha autistick\u00e9ho spektra, tedy autismus, forma Asperger\u016fv syndrom st\u0159edn\u011b t\u011b\u017ek\u00e1 a\u017e t\u011b\u017ek\u00e1 forma a k tomu v\u00e1zaj\u00edc\u00ed se symptomy. <\/p>\n<p>redaktor<br \/>\nI podle dvou nez\u00e1visl\u00fdch l\u00e9ka\u0159ek je nesamostatn\u00fd a nebezpe\u010dn\u00fd sob\u011b i okol\u00ed. <\/p>\n<p>Na\u010fa KARLOV\u00c1, maminka Nicolase<br \/>\nP\u0159i z\u00e1chvatu b\u011b\u017eel pod rozjet\u00fd auto a volal: &#8222;Jdu se zab\u00edt, jdu se zab\u00edt!&#8220; On prost\u011b nech\u00e1pe ten koncept smrti jako takov\u00fd. <\/p>\n<p> redaktor<br \/>\nPosudkov\u00e1 komise ale nechce uznat vy\u0161\u0161\u00ed ne\u017e prvn\u00ed stupe\u0148 posti\u017een\u00ed i p\u0159es odvol\u00e1n\u00ed. <\/p>\n<p>l\u00e9ka\u0159 posudkov\u00e9 komise<br \/>\nJ\u00e1 nev\u00edm, jak to dopadlo, proto\u017ee j\u00e1 ty lidi nezn\u00e1m. J\u00e1 si projdou, poslu to a vyd\u00e1v\u00e1 rozhodnut\u00ed jin\u00fd org\u00e1n. <\/p>\n<p>Vladim\u00edr \u0158EPKA, mluv\u010d\u00ed, MPSV<br \/>\nRozkladov\u00e1 komise zjistila, \u017ee nedo\u0161lo k pochyben\u00ed ani k poru\u0161en\u00ed pr\u00e1vn\u00edch p\u0159edpis\u016f, kter\u00e9 by zakl\u00e1dalo d\u016fvody pro zru\u0161en\u00ed rozhodnut\u00ed odvolac\u00edho org\u00e1nu. <\/p>\n<p> redaktor<br \/>\nNa odbor posudkov\u00fdch l\u00e9ka\u0159\u016f nar\u00e1\u017e\u00ed ne\u00fasp\u011b\u0161n\u011b i maminka autisty Michala N\u011bme\u010dka. <\/p>\n<p>Ivana ZAPADLOV\u00c1, maminka Michala<br \/>\nJsem p\u0159esv\u011bd\u010den\u00e1, \u017ee opravdu nezvl\u00e1d\u00e1 tolik z\u00e1kladn\u00edch \u017eivotn\u00edch funkc\u00ed. \u017de m\u00e1 n\u00e1rok na t\u0159et\u00ed stupe\u0148 p\u0159\u00edsp\u011bvku na p\u00e9\u010di. <\/p>\n<p> redaktor<br \/>\nOb\u011b \u017eeny se cht\u011bj\u00ed br\u00e1nit soudn\u011b. Podobn\u00fdch p\u0159\u00edpad\u016f pr\u00fd dokonce znaj\u00ed v\u00edc. <\/p>\n<p>Na\u010fa KARLOV\u00c1, maminka Nicolase<br \/>\nPo dvou a p\u016fl letech marn\u00fdho sna\u017een\u00ed jsem u\u017e tak zoufal\u00e1, \u017ee jsme musela podat \u017ealobu. <\/p>\n<p> redaktor<br \/>\nKrom\u011b \u017ealoby podala pan\u00ed Karlov\u00e1 tak\u00e9 \u00fapln\u011b novou \u017e\u00e1dost o p\u0159ezkum Nikol\u00e1skova zdravotn\u00edho stavu, kter\u00fd by jejich situaci m\u011bl \u0159e\u0161it od sou\u010dasnosti. <\/p>\n<p>Na\u010fa KARLOV\u00c1, maminka Nicolase<br \/>\nJ\u00e1 jsem samoz\u0159ejm\u011b s n\u00edm doma. Nem\u016f\u017eu chodit do pr\u00e1ce a je to st\u00e1le ten prvn\u00ed stupe\u0148, proto\u017ee vy\u0161\u0161\u00ed n\u00e1m nikdo neuzn\u00e1. Prvn\u00ed stupe\u0148 je pro zaj\u00edmavost 3000 korun m\u011bs\u00ed\u010dn\u011b. <\/p>\n<p> redaktor<br \/>\nNa\u010fa Karlov\u00e1 se ob\u00e1v\u00e1 n\u00e1klad\u016f spojen\u00fdch se soudn\u00edm sporem, ale je p\u0159esv\u011bd\u010den\u00e1, \u017ee je v pr\u00e1vu. <\/p>\n","protected":false},"excerpt":{"rendered":"<div class=\"mh-excerpt\"><p>M\u00e1 autistick\u00e9ho syna, kter\u00fd je absolutn\u011b nesamostatn\u00fd a z\u00e1visl\u00fd na n\u00ed. Nav\u00edc nebezpe\u010dn\u00fd sob\u011b i sv\u00e9mu okol\u00ed, proto mu Na\u010fa Karlov\u00e1 mus\u00ed v\u011bnovat neust\u00e1lou p\u00e9\u010di. <a class=\"mh-excerpt-more\" href=\"https:\/\/www.invarena.cz\/?p=30382\" title=\"Matky autist\u016f chystaj\u00ed \u017ealoby\">[&#8230;]<\/a><\/p>\n<\/div>","protected":false},"author":1,"featured_media":19485,"comment_status":"open","ping_status":"closed","sticky":false,"template":"","format":"standard","meta":{"footnotes":""},"categories":[9],"tags":[],"class_list":["post-30382","post","type-post","status-publish","format-standard","has-post-thumbnail","hentry","category-zpravy"],"_links":{"self":[{"href":"https:\/\/www.invarena.cz\/index.php?rest_route=\/wp\/v2\/posts\/30382","targetHints":{"allow":["GET"]}}],"collection":[{"href":"https:\/\/www.invarena.cz\/index.php?rest_route=\/wp\/v2\/posts"}],"about":[{"href":"https:\/\/www.invarena.cz\/index.php?rest_route=\/wp\/v2\/types\/post"}],"author":[{"embeddable":true,"href":"https:\/\/www.invarena.cz\/index.php?rest_route=\/wp\/v2\/users\/1"}],"replies":[{"embeddable":true,"href":"https:\/\/www.invarena.cz\/index.php?rest_route=%2Fwp%2Fv2%2Fcomments&post=30382"}],"version-history":[{"count":0,"href":"https:\/\/www.invarena.cz\/index.php?rest_route=\/wp\/v2\/posts\/30382\/revisions"}],"wp:featuredmedia":[{"embeddable":true,"href":"https:\/\/www.invarena.cz\/index.php?rest_route=\/wp\/v2\/media\/19485"}],"wp:attachment":[{"href":"https:\/\/www.invarena.cz\/index.php?rest_route=%2Fwp%2Fv2%2Fmedia&parent=30382"}],"wp:term":[{"taxonomy":"category","embeddable":true,"href":"https:\/\/www.invarena.cz\/index.php?rest_route=%2Fwp%2Fv2%2Fcategories&post=30382"},{"taxonomy":"post_tag","embeddable":true,"href":"https:\/\/www.invarena.cz\/index.php?rest_route=%2Fwp%2Fv2%2Ftags&post=30382"}],"curies":[{"name":"wp","href":"https:\/\/api.w.org\/{rel}","templated":true}]}}