{"id":30385,"date":"2018-04-18T16:31:15","date_gmt":"2018-04-18T14:31:15","guid":{"rendered":"http:\/\/www.invarena.cz\/?p=30385"},"modified":"2018-04-18T16:31:15","modified_gmt":"2018-04-18T14:31:15","slug":"digitalni-beh-pro-dobrou-vec-pridejte-se","status":"publish","type":"post","link":"https:\/\/www.invarena.cz\/?p=30385","title":{"rendered":"Digit\u00e1ln\u00ed b\u011bh pro dobrou v\u011bc. P\u0159idejte se"},"content":{"rendered":"<p><strong>Pra\u017esk\u00fd digit\u00e1ln\u00ed maraton se pomalu, ale jist\u011b dost\u00e1v\u00e1 do pov\u011bdom\u00ed ve\u0159ejnosti. \u017de v\u00e1m b\u011bh\u00e1n\u00ed a po\u010d\u00edta\u010de n\u011bjak nejdou dohromady? Na prvn\u00ed pohled mo\u017en\u00e1 ne, ale jinak je to skv\u011bl\u00e9 spojen\u00ed, kter\u00e9 d\u011bl\u00e1 divy.<\/strong><br \/>\n<!--more--><br \/>\nCHOV\u00c1ME SE ZODPOV\u011aDN\u011a <\/p>\n<p>Princip je jednoduch\u00fd. B\u011b\u017eci, na kter\u00e9 d\u00edky rostouc\u00ed popularit\u011b b\u011bhu nezbylo startovn\u00ed m\u00edsto ve skute\u010dn\u00e9m pra\u017esk\u00e9m maratonu, se mohou akce z\u00fa\u010dastnit na trena\u017e\u00e9ru se simulac\u00ed re\u00e1ln\u00e9 trat\u011b. A ka\u017ed\u00fd, kdo si na p\u00e1su odb\u011bhne t\u0159eba jen jedin\u00fd metr, p\u0159isp\u011bje z\u00e1rove\u0148 na dobrou v\u011bc. Vynalo\u017een\u00e9 \u00fasil\u00ed je toti\u017e finan\u010dn\u011b odm\u011bn\u011bno a z\u00edskan\u00e9 pen\u00edze pomohou t\u011bm, co pomoc pot\u0159ebuj\u00ed.<br \/>\nVloni konkr\u00e9tn\u011b desetilet\u00e9mu Martinovi Mazalovi a dvan\u00e1ctilet\u00e9 Ad\u00e9le Grycov\u00e9, kte\u0159\u00ed jsou p\u0159i pohybu odk\u00e1zan\u00ed na invalidn\u00ed voz\u00edk. Martin dostal zbrusu nov\u00fd voz\u00edk, zat\u00edmco u Ad\u00e9ly \u0161lo o modernizaci st\u00e1vaj\u00edc\u00edho.<br \/>\nP\u0159i realizaci tohoto n\u00e1padu spojila s\u00edly zaj\u00edmav\u00e1 trojice \u2013 UniCredit Bank, Konto Bari\u00e9ry a b\u011b\u017eeck\u00e1 liga Run Czech.<br \/>\nV lo\u0148sk\u00e9m roce b\u011b\u017eelo na &#8222;charitativn\u00edm trena\u017e\u00e9ru&#8220; \u00factyhodn\u00fdch 7573 z\u00e1vodn\u00edk\u016f.<br \/>\nNep\u0159id\u00e1te se letos k nim i vy? V\u017edy\u0165 jaro u\u017e klepe na dve\u0159e a b\u011b\u017eeck\u00e1 sezona se brzy rozproud\u00ed. <\/p>\n<p>Pra\u017esk\u00fd den\u00edk<br \/>\nhttp:\/\/www.prazsky.denik.cz\/ <\/p>\n","protected":false},"excerpt":{"rendered":"<div class=\"mh-excerpt\"><p>Pra\u017esk\u00fd digit\u00e1ln\u00ed maraton se pomalu, ale jist\u011b dost\u00e1v\u00e1 do pov\u011bdom\u00ed ve\u0159ejnosti. \u017de v\u00e1m b\u011bh\u00e1n\u00ed a po\u010d\u00edta\u010de n\u011bjak nejdou dohromady? Na prvn\u00ed pohled mo\u017en\u00e1 ne, ale <a class=\"mh-excerpt-more\" href=\"https:\/\/www.invarena.cz\/?p=30385\" title=\"Digit\u00e1ln\u00ed b\u011bh pro dobrou v\u011bc. P\u0159idejte se\">[&#8230;]<\/a><\/p>\n<\/div>","protected":false},"author":1,"featured_media":30386,"comment_status":"open","ping_status":"closed","sticky":false,"template":"","format":"standard","meta":{"footnotes":""},"categories":[9],"tags":[],"class_list":["post-30385","post","type-post","status-publish","format-standard","has-post-thumbnail","hentry","category-zpravy"],"_links":{"self":[{"href":"https:\/\/www.invarena.cz\/index.php?rest_route=\/wp\/v2\/posts\/30385","targetHints":{"allow":["GET"]}}],"collection":[{"href":"https:\/\/www.invarena.cz\/index.php?rest_route=\/wp\/v2\/posts"}],"about":[{"href":"https:\/\/www.invarena.cz\/index.php?rest_route=\/wp\/v2\/types\/post"}],"author":[{"embeddable":true,"href":"https:\/\/www.invarena.cz\/index.php?rest_route=\/wp\/v2\/users\/1"}],"replies":[{"embeddable":true,"href":"https:\/\/www.invarena.cz\/index.php?rest_route=%2Fwp%2Fv2%2Fcomments&post=30385"}],"version-history":[{"count":0,"href":"https:\/\/www.invarena.cz\/index.php?rest_route=\/wp\/v2\/posts\/30385\/revisions"}],"wp:featuredmedia":[{"embeddable":true,"href":"https:\/\/www.invarena.cz\/index.php?rest_route=\/wp\/v2\/media\/30386"}],"wp:attachment":[{"href":"https:\/\/www.invarena.cz\/index.php?rest_route=%2Fwp%2Fv2%2Fmedia&parent=30385"}],"wp:term":[{"taxonomy":"category","embeddable":true,"href":"https:\/\/www.invarena.cz\/index.php?rest_route=%2Fwp%2Fv2%2Fcategories&post=30385"},{"taxonomy":"post_tag","embeddable":true,"href":"https:\/\/www.invarena.cz\/index.php?rest_route=%2Fwp%2Fv2%2Ftags&post=30385"}],"curies":[{"name":"wp","href":"https:\/\/api.w.org\/{rel}","templated":true}]}}