{"id":30406,"date":"2018-04-23T16:25:19","date_gmt":"2018-04-23T14:25:19","guid":{"rendered":"http:\/\/www.invarena.cz\/?p=30406"},"modified":"2018-04-23T16:25:19","modified_gmt":"2018-04-23T14:25:19","slug":"dcera-ma-aspergeruv-syndrom-a-spoustu-dalsich-postizeni-mohla-by-mit-narok-na-prispevek-na-auto","status":"publish","type":"post","link":"https:\/\/www.invarena.cz\/?p=30406","title":{"rendered":"Dcera m\u00e1 asperger\u016fv syndrom a spoustu dal\u0161\u00edch posti\u017een\u00ed. Mohla by m\u00edt n\u00e1rok na p\u0159\u00edsp\u011bvek na auto?"},"content":{"rendered":"<p><strong>Dotaz:<\/strong><br \/>\n<strong> Pros\u00edm V\u00e1s o radu. M\u00e1 dcera m\u00e1 pr\u016fkaz ZTP a m\u00e1 Asperger\u016fv syndrom, smrteln\u00e9 potravinov\u00e9 alergie, polyvalentn\u00ed alergie, ve\u0161ker\u00e1 dys., siln\u00fd atopick\u00fd ekz\u00e9m, st\u0159edn\u011b t\u011b\u017ek\u00e9 astma, ADHD s hyperaktivitou, s t\u00edm i spojen\u00e9 \u0161patn\u00e9 orienta\u010dn\u00ed smysly. Denn\u011b pot\u0159ebujeme v\u016fz k p\u0159eprav\u011b do \u0161koly, k l\u00e9ka\u0159\u016fm a jsem samo\u017eivitelka. Z jednoho platu nejsem schopna po\u0159\u00eddit automobil. Mysl\u00edte, \u017ee st\u00e1t, kdy\u017e d\u00e1me \u017e\u00e1dost, n\u00e1m vyjde vst\u0159\u00edc?<\/strong><br \/>\n<!--more--><br \/>\nOdpov\u011b\u010f:<\/p>\n<p>Rozhodn\u011b V\u00e1m doporu\u010duji, abyste si o p\u0159\u00edsp\u011bvek na po\u0159\u00edzen\u00ed motorov\u00e9ho vozidla za\u017e\u00e1dali na Va\u0161\u00ed pobo\u010dce \u00da\u0159adu pr\u00e1ce. Domn\u00edv\u00e1m se ale, \u017ee Va\u0161\u00ed dce\u0159i p\u0159\u00edsp\u011bvek sp\u00ed\u0161e p\u0159izn\u00e1n nebude, v takov\u00e9m p\u0159\u00edpad\u011b se nev\u00e1hejte odvolat.<\/p>\n<p>Kone\u010dn\u00e9 rozhodnut\u00ed je v\u0161ak na L\u00e9ka\u0159sk\u00e9 posudkov\u00e9 slu\u017eb\u011b \u010cSSZ, kter\u00e1 rozhodne na z\u00e1klad\u011b zdravotn\u00ed dokumentace zaslan\u00e9 o\u0161et\u0159uj\u00edc\u00edm l\u00e9ka\u0159em Va\u0161\u00ed dcery.<\/p>\n<p>Pro \u00faplnost uv\u00e1d\u00edm, kdo m\u00e1 v sou\u010dasn\u00e9 dob\u011b n\u00e1rok na p\u0159\u00edsp\u011bvek na po\u0159\u00edzen\u00ed motorov\u00e9ho vozidla:<\/p>\n<p>\u201eN\u00e1rok na p\u0159\u00edsp\u011bvek na zvl\u00e1\u0161tn\u00ed pom\u016fcku poskytovan\u00fd na po\u0159\u00edzen\u00ed motorov\u00e9ho vozidla m\u00e1 osoba, kter\u00e1 m\u00e1 t\u011b\u017ekou vadu nosn\u00e9ho nebo pohybov\u00e9ho \u00fastroj\u00ed anebo t\u011b\u017ekou nebo hlubokou ment\u00e1ln\u00ed retardaci charakteru dlouhodob\u011b nep\u0159\u00edzniv\u00e9ho zdravotn\u00edho stavu, a jej\u00ed zdravotn\u00ed stav nevylu\u010duje p\u0159izn\u00e1n\u00ed tohoto p\u0159\u00edsp\u011bvku.\u201c<\/p>\n<p>Ji\u0159\u00ed Marek<br \/>\ninvArena<\/p>\n","protected":false},"excerpt":{"rendered":"<div class=\"mh-excerpt\"><p>Dotaz: Pros\u00edm V\u00e1s o radu. M\u00e1 dcera m\u00e1 pr\u016fkaz ZTP a m\u00e1 Asperger\u016fv syndrom, smrteln\u00e9 potravinov\u00e9 alergie, polyvalentn\u00ed alergie, ve\u0161ker\u00e1 dys., siln\u00fd atopick\u00fd ekz\u00e9m, st\u0159edn\u011b <a class=\"mh-excerpt-more\" href=\"https:\/\/www.invarena.cz\/?p=30406\" title=\"Dcera m\u00e1 asperger\u016fv syndrom a spoustu dal\u0161\u00edch posti\u017een\u00ed. Mohla by m\u00edt n\u00e1rok na p\u0159\u00edsp\u011bvek na auto?\">[&#8230;]<\/a><\/p>\n<\/div>","protected":false},"author":3,"featured_media":27143,"comment_status":"open","ping_status":"closed","sticky":false,"template":"","format":"standard","meta":{"footnotes":""},"categories":[18,9],"tags":[],"class_list":["post-30406","post","type-post","status-publish","format-standard","has-post-thumbnail","hentry","category-poradna","category-zpravy"],"_links":{"self":[{"href":"https:\/\/www.invarena.cz\/index.php?rest_route=\/wp\/v2\/posts\/30406","targetHints":{"allow":["GET"]}}],"collection":[{"href":"https:\/\/www.invarena.cz\/index.php?rest_route=\/wp\/v2\/posts"}],"about":[{"href":"https:\/\/www.invarena.cz\/index.php?rest_route=\/wp\/v2\/types\/post"}],"author":[{"embeddable":true,"href":"https:\/\/www.invarena.cz\/index.php?rest_route=\/wp\/v2\/users\/3"}],"replies":[{"embeddable":true,"href":"https:\/\/www.invarena.cz\/index.php?rest_route=%2Fwp%2Fv2%2Fcomments&post=30406"}],"version-history":[{"count":0,"href":"https:\/\/www.invarena.cz\/index.php?rest_route=\/wp\/v2\/posts\/30406\/revisions"}],"wp:featuredmedia":[{"embeddable":true,"href":"https:\/\/www.invarena.cz\/index.php?rest_route=\/wp\/v2\/media\/27143"}],"wp:attachment":[{"href":"https:\/\/www.invarena.cz\/index.php?rest_route=%2Fwp%2Fv2%2Fmedia&parent=30406"}],"wp:term":[{"taxonomy":"category","embeddable":true,"href":"https:\/\/www.invarena.cz\/index.php?rest_route=%2Fwp%2Fv2%2Fcategories&post=30406"},{"taxonomy":"post_tag","embeddable":true,"href":"https:\/\/www.invarena.cz\/index.php?rest_route=%2Fwp%2Fv2%2Ftags&post=30406"}],"curies":[{"name":"wp","href":"https:\/\/api.w.org\/{rel}","templated":true}]}}