{"id":30408,"date":"2018-04-23T16:08:16","date_gmt":"2018-04-23T14:08:16","guid":{"rendered":"http:\/\/www.invarena.cz\/?p=30408"},"modified":"2018-04-23T16:16:39","modified_gmt":"2018-04-23T14:16:39","slug":"na-snezku-se-letos-pujde-pro-matyska","status":"publish","type":"post","link":"https:\/\/www.invarena.cz\/?p=30408","title":{"rendered":"Na Sn\u011b\u017eku se letos p\u016fjde pro Mat\u00fdska"},"content":{"rendered":"<p><strong>Kdy\u017e m\u011bl Mat\u00fdsek dva m\u011bs\u00edce, prod\u011blal nezn\u00e1mou chorobu, kter\u00e1 ho m\u00e1lem p\u0159ipravila o \u017eivot. Chlape\u010dek p\u0159e\u017eil, ale p\u0159i\u0161el o ruku a nohu. Leto\u0161n\u00ed charitativn\u00ed v\u00fdstup na Sn\u011b\u017eku bude proto v\u011bnov\u00e1n pr\u00e1v\u011b jemu. Tradi\u010dn\u00ed dobro\u010dinn\u00e1 akce, jej\u00edm\u017e duchovn\u00edm otcem je handicapovan\u00fd atlet, mistr \u010cR v hodu diskem a o\u0161t\u011bpem Jaroslav Petrou\u0161, se uskute\u010dn\u00ed 26. kv\u011btna.<\/strong> <!--more--><\/p>\n<p>Pec p. Sn.\/Praha \u2013 Rok a p\u016fl star\u00fd Matyas Sivak z Bezdru\u017eice dostal jako mal\u00e9 miminko vysok\u00e9 teploty, ale i kdy\u017e byl ve \u0161patn\u00e9m stavu, poslal l\u00e9ka\u0159 na pohotovosti rodi\u010de s d\u00edt\u011btem dom\u016f. Po n\u00e1vratu v\u0161ak Mat\u00fdsek zkolaboval, a ne\u017e pro n\u011bj p\u0159ilet\u011bl vrtuln\u00edk, musela ho rodina laicky resuscitovat. Z\u00e1n\u011bt v organismu se rozjel naplno, Mat\u00fdskovi za\u010daly selh\u00e1vat org\u00e1ny a l\u00e9ka\u0159i d\u00e1vali rodi\u010d\u016fm jen desetiprocentn\u00ed nad\u011bji na p\u0159e\u017eit\u00ed.<\/p>\n<p>Chlape\u010dek se uk\u00e1zal jako bojovn\u00edk a z\u016fstal na\u017eivu. Jen\u017ee s trval\u00fdmi n\u00e1sledky. Kv\u016fli ucp\u00e1v\u00e1n\u00ed c\u00e9v p\u0159i\u0161el o ruku a o nohu, po dlouh\u00e9m k\u00f3matu m\u00e1 po\u0161kozen\u00fd mozek a zat\u00edm nen\u00ed jasn\u00e9, zda nen\u00ed zasa\u017een i zrak a sluch. Rodi\u010de dodnes nev\u011bd\u00ed, co p\u0159esn\u011b se Mat\u00fdskovi stalo.<\/p>\n<p>&#8222;Nikdo n\u00e1m to ne\u0159ekl. Mysl\u00edme si, \u017ee chyba byla hned u toho prvn\u00edho doktora,&#8220; mysl\u00ed si rodi\u010de. Podali na l\u00e9ka\u0159e trestn\u00ed ozn\u00e1men\u00ed, ale podle posudku \u00fadajn\u011b chybu neud\u011blal. A na soud si rodi\u010de netroufaj\u00ed kv\u016fli financ\u00edm.<\/p>\n<p>U\u017e v nemocnici navrhovali l\u00e9ka\u0159i rodi\u010d\u016fm, aby mal\u00e9ho rad\u011bji dali do \u00fastavu. Ti na to ale nepomysleli ani na okam\u017eik. Od za\u010d\u00e1tku se sna\u017e\u00ed s Mat\u00fdskem pracovat a raduj\u00ed se z ka\u017ed\u00e9ho mal\u00e9ho pokroku. &#8222;Chceme jim touto akc\u00ed umo\u017enit, aby mohli s Mat\u00fdskem d\u00e1l pravideln\u011b cvi\u010dit a rehabilitovat a po\u0159\u00eddili mu pot\u0159ebn\u00e9 kompenza\u010dn\u00ed pom\u016fcky,&#8220; vysv\u011btluje spoluzakladatelka Nada\u010dn\u00edho fondu KlaPeTo, kter\u00fd v\u00fdstup na Sn\u011b\u017eku po\u0159\u00e1d\u00e1, Kate\u0159ina Klasnov\u00e1.<\/p>\n<p>Letos se v\u00fdstup kon\u00e1 u\u017e po\u0161est\u00e9. Prvotn\u00edm impulsem ke vzniku akce se stal boj Jaroslava Petrou\u0161e s vlastn\u00edm handicapem. &#8222;Necel\u00e9 dva roky po amputaci lev\u00e9 nohy nad kolenem jsem se rozhodl vyj\u00edt na nejvy\u0161\u0161\u00ed \u010deskou horu,&#8220; \u0159\u00edk\u00e1 sportovec. Tak se zrodil n\u00e1pad na pomoc posti\u017een\u00fdm a jeho organizace se ujal Nada\u010dn\u00ed fond KlaPeTo. Prvn\u00edm d\u00edt\u011btem, jemu\u017e spole\u010dn\u00fd v\u00fdstup na Sn\u011b\u017eku pomohl, byla mal\u00e1 Simonka, kter\u00e1 p\u0159i\u0161la kv\u016fli onkologick\u00e9mu onemocn\u011bn\u00ed o no\u017ei\u010dku.<\/p>\n<p>&#8222;Z bl\u00e1zniv\u00e9ho n\u00e1padu se zrodila tradi\u010dn\u00ed charitativn\u00ed akce, kter\u00e1 rok od roku l\u00e1k\u00e1 st\u00e1le v\u00edce lid\u00ed, a p\u0159edev\u0161\u00edm se n\u00e1m ka\u017ed\u00fd rok da\u0159\u00ed vybrat v\u00edce pen\u011bz pro handicapovan\u00e9 d\u011bti,&#8220; \u0159\u00edk\u00e1 Petrou\u0161. Loni se se\u0161lo na Sn\u011b\u017ece 2500 \u00fa\u010dastn\u00edk\u016f a poda\u0159ilo se vybrat v\u00edce ne\u017e 1,2 milionu korun celkem pro dvacet d\u011bt\u00ed.<\/p>\n<p>&#8222;V\u0161ichni, kdo p\u0159isp\u011bj\u00ed, se mohou na str\u00e1nk\u00e1ch www.klapeto.eu a facebooku do\u010d\u00edst, na co byly pen\u00edze pou\u017eity,&#8220; \u0159\u00edk\u00e1 Petrou\u0161.<\/p>\n<p>I pro tento ro\u010dn\u00edk jsou vyrobena speci\u00e1ln\u00ed benefi\u010dn\u00ed tri\u010dka s logem projektu &#8222;Na Sn\u011b\u017eku pro Mat\u00fdska&#8220;, kter\u00e1 jsou k zakoupen\u00ed na www.klapeto.eu. Koup\u00ed tri\u010dka za 200 korun m\u016f\u017eete v den v\u00fdstupu vyu\u017e\u00edt lanovku na Sn\u011b\u017eku a zp\u011bt zdarma.<\/p>\n<p>Lid\u00e9 mohou p\u0159isp\u011bt tak\u00e9 libovolnou \u010d\u00e1stkou na transparentn\u00ed \u00fa\u010det 2200692979\/2010.<\/p>\n<p>Hradeck\u00fd den\u00edk<br \/>\n<a href=\"http:\/\/hradecky.denik.cz\/\">http:\/\/hradecky.denik.cz\/<\/a><\/p>\n","protected":false},"excerpt":{"rendered":"<div class=\"mh-excerpt\"><p>Kdy\u017e m\u011bl Mat\u00fdsek dva m\u011bs\u00edce, prod\u011blal nezn\u00e1mou chorobu, kter\u00e1 ho m\u00e1lem p\u0159ipravila o \u017eivot. Chlape\u010dek p\u0159e\u017eil, ale p\u0159i\u0161el o ruku a nohu. Leto\u0161n\u00ed charitativn\u00ed v\u00fdstup <a class=\"mh-excerpt-more\" href=\"https:\/\/www.invarena.cz\/?p=30408\" title=\"Na Sn\u011b\u017eku se letos p\u016fjde pro Mat\u00fdska\">[&#8230;]<\/a><\/p>\n<\/div>","protected":false},"author":1,"featured_media":17096,"comment_status":"open","ping_status":"closed","sticky":false,"template":"","format":"standard","meta":{"footnotes":""},"categories":[9],"tags":[],"class_list":["post-30408","post","type-post","status-publish","format-standard","has-post-thumbnail","hentry","category-zpravy"],"_links":{"self":[{"href":"https:\/\/www.invarena.cz\/index.php?rest_route=\/wp\/v2\/posts\/30408","targetHints":{"allow":["GET"]}}],"collection":[{"href":"https:\/\/www.invarena.cz\/index.php?rest_route=\/wp\/v2\/posts"}],"about":[{"href":"https:\/\/www.invarena.cz\/index.php?rest_route=\/wp\/v2\/types\/post"}],"author":[{"embeddable":true,"href":"https:\/\/www.invarena.cz\/index.php?rest_route=\/wp\/v2\/users\/1"}],"replies":[{"embeddable":true,"href":"https:\/\/www.invarena.cz\/index.php?rest_route=%2Fwp%2Fv2%2Fcomments&post=30408"}],"version-history":[{"count":0,"href":"https:\/\/www.invarena.cz\/index.php?rest_route=\/wp\/v2\/posts\/30408\/revisions"}],"wp:featuredmedia":[{"embeddable":true,"href":"https:\/\/www.invarena.cz\/index.php?rest_route=\/wp\/v2\/media\/17096"}],"wp:attachment":[{"href":"https:\/\/www.invarena.cz\/index.php?rest_route=%2Fwp%2Fv2%2Fmedia&parent=30408"}],"wp:term":[{"taxonomy":"category","embeddable":true,"href":"https:\/\/www.invarena.cz\/index.php?rest_route=%2Fwp%2Fv2%2Fcategories&post=30408"},{"taxonomy":"post_tag","embeddable":true,"href":"https:\/\/www.invarena.cz\/index.php?rest_route=%2Fwp%2Fv2%2Ftags&post=30408"}],"curies":[{"name":"wp","href":"https:\/\/api.w.org\/{rel}","templated":true}]}}