{"id":30418,"date":"2018-04-24T18:30:13","date_gmt":"2018-04-24T16:30:13","guid":{"rendered":"http:\/\/www.invarena.cz\/?p=30418"},"modified":"2018-04-24T18:30:13","modified_gmt":"2018-04-24T16:30:13","slug":"motorkari-dokazali-ze-pod-kuzi-maji-srdce","status":"publish","type":"post","link":"https:\/\/www.invarena.cz\/?p=30418","title":{"rendered":"Motork\u00e1\u0159i dok\u00e1zali, \u017ee pod k\u016f\u017e\u00ed maj\u00ed srdce"},"content":{"rendered":"<p><strong>Pro nemocnou Eli\u0161ku vybrali 24 040 korun.<\/strong> <!--more--><\/p>\n<p>Slati\u0148any, Pardubice \u2013 Sobotn\u00ed zah\u00e1jen\u00ed motork\u00e1\u0159sk\u00e9 sezony nem\u011blo v re\u017eii \u010dlen\u016f Riders Club Black Horses Slati\u0148any chybu. P\u0159ijelo t\u00e9m\u011b\u0159 \u0161est stovek motorek a jejich majitel\u00e9 uk\u00e1zali, \u017ee maj\u00ed srdce na spr\u00e1vn\u00e9m m\u00edst\u011b.<\/p>\n<p>Motork\u00e1\u0159i pom\u00e1haj\u00ed. To je n\u00e1zev charitativn\u00ed akce, kterou slati\u0148ansk\u00fd klub roz\u0161\u00ed\u0159il po cel\u00e9 republice a je\u017e podporuje posti\u017een\u00e9 d\u011bti. V\u010dera byla rozpe\u010det\u011bna pokladni\u010dka, do kter\u00e9 \u00fa\u010dastn\u00edci sobotn\u00ed akce nev\u00e1hali vhodit zna\u010dn\u00e9 \u010d\u00e1stky.<\/p>\n<p>Celkem se vybralo 24 040 korun. P\u016fjdou na pomoc \u010dty\u0159let\u00e9 Eli\u0161ce z Pardubic, je\u017e trp\u00ed vz\u00e1cn\u00fdm a zat\u00edm nel\u00e9\u010diteln\u00fdm genetick\u00fdm onemocn\u011bn\u00edm. Motork\u00e1\u0159i d\u00edvence p\u0159isp\u011bj\u00ed na o\u010dn\u00ed kameru Tobii s komunika\u010dn\u00edm softwarem, co\u017e pro ni bude v budoucnu pravd\u011bpodobn\u011b jedin\u00fd mo\u017en\u00fd zp\u016fsob komunikace.<\/p>\n<p>K pen\u011bz\u016fm v pokladni\u010dce p\u0159idaj\u00ed i 5100 korun z dra\u017eby medv\u011bda a tr\u017ebu z prodeje p\u0159edm\u011bt\u016f s logem Motork\u00e1\u0159i pom\u00e1haj\u00ed.<\/p>\n<p>Pardubick\u00fd den\u00edk<br \/>\n<a href=\"http:\/\/pardubicky.denik.cz\/\">http:\/\/pardubicky.denik.cz\/<\/a><\/p>\n","protected":false},"excerpt":{"rendered":"<div class=\"mh-excerpt\"><p>Pro nemocnou Eli\u0161ku vybrali 24 040 korun.<\/p>\n<\/div>","protected":false},"author":1,"featured_media":259,"comment_status":"open","ping_status":"closed","sticky":false,"template":"","format":"standard","meta":{"footnotes":""},"categories":[9],"tags":[],"class_list":["post-30418","post","type-post","status-publish","format-standard","has-post-thumbnail","hentry","category-zpravy"],"_links":{"self":[{"href":"https:\/\/www.invarena.cz\/index.php?rest_route=\/wp\/v2\/posts\/30418","targetHints":{"allow":["GET"]}}],"collection":[{"href":"https:\/\/www.invarena.cz\/index.php?rest_route=\/wp\/v2\/posts"}],"about":[{"href":"https:\/\/www.invarena.cz\/index.php?rest_route=\/wp\/v2\/types\/post"}],"author":[{"embeddable":true,"href":"https:\/\/www.invarena.cz\/index.php?rest_route=\/wp\/v2\/users\/1"}],"replies":[{"embeddable":true,"href":"https:\/\/www.invarena.cz\/index.php?rest_route=%2Fwp%2Fv2%2Fcomments&post=30418"}],"version-history":[{"count":0,"href":"https:\/\/www.invarena.cz\/index.php?rest_route=\/wp\/v2\/posts\/30418\/revisions"}],"wp:featuredmedia":[{"embeddable":true,"href":"https:\/\/www.invarena.cz\/index.php?rest_route=\/wp\/v2\/media\/259"}],"wp:attachment":[{"href":"https:\/\/www.invarena.cz\/index.php?rest_route=%2Fwp%2Fv2%2Fmedia&parent=30418"}],"wp:term":[{"taxonomy":"category","embeddable":true,"href":"https:\/\/www.invarena.cz\/index.php?rest_route=%2Fwp%2Fv2%2Fcategories&post=30418"},{"taxonomy":"post_tag","embeddable":true,"href":"https:\/\/www.invarena.cz\/index.php?rest_route=%2Fwp%2Fv2%2Ftags&post=30418"}],"curies":[{"name":"wp","href":"https:\/\/api.w.org\/{rel}","templated":true}]}}