{"id":30456,"date":"2018-05-04T13:00:15","date_gmt":"2018-05-04T11:00:15","guid":{"rendered":"http:\/\/www.invarena.cz\/?p=30456"},"modified":"2018-05-04T13:00:15","modified_gmt":"2018-05-04T11:00:15","slug":"vozickari-zahaji-cesky-pohar","status":"publish","type":"post","link":"https:\/\/www.invarena.cz\/?p=30456","title":{"rendered":"Voz\u00ed\u010dk\u00e1\u0159i zah\u00e1j\u00ed \u010cesk\u00fd poh\u00e1r"},"content":{"rendered":"<p><strong>Na\u010d\u00ednaj\u00ed ji\u017e t\u0159et\u00ed des\u00edtku. Spolek t\u011blesn\u011b posti\u017een\u00fdch sportovc\u016f Atletika Bez Bari\u00e9r Pardubice po\u0159\u00e1d\u00e1 v ned\u011bli 6. kv\u011btna 21. ro\u010dn\u00edk Velk\u00e9 ceny Pardubic v atletice t\u011blesn\u011b posti\u017een\u00fdch sportovc\u016f \u2013 voz\u00ed\u010dk\u00e1\u0159\u016f. Ta je z\u00e1rove\u0148 20. <\/strong><strong>ro\u010dn\u00edkem 1. kola \u010cesk\u00e9ho poh\u00e1ru voz\u00ed\u010dk\u00e1\u0159\u016f. Kon\u00e1 se od 10.30 na M\u011bstsk\u00e9m atletick\u00e9m stadionu na Dukle.<\/strong> <!--more--><\/p>\n<p>Pardubice \u2013 V posledn\u00edch letech se akce \u00fa\u010dastnily \u010dty\u0159i des\u00edtky sportovc\u016f na voz\u00edku nebo s podobn\u00fdm handicapem. V\u010detn\u011b reprezentant\u016f z naprost\u00e9 sv\u011btov\u00e9 \u0161pi\u010dky. Ve vybran\u00fdch kategori\u00edch ve vrha\u010dsk\u00fdch discipl\u00edn\u00e1ch v Pardubic\u00edch startuj\u00ed osoby s titulem sv\u011btov\u00fdch, evropsk\u00fdch i \u010desk\u00fdch rekordman\u016f, v\u00edt\u011bz\u016f a medailist\u016f vrcholn\u00fdch atletick\u00fdch akc\u00ed. Jako jsou paralympi\u00e1dy, mistrovstv\u00ed sv\u011bta, mistrovstv\u00ed Evropy, sv\u011btov\u00e9 hry.<\/p>\n<p>Pat\u0159\u00ed mezi n\u011b nap\u0159. Martin N\u011bmec, Radim B\u011ble\u0161, Martin Zvol\u00e1nek, Jan Van\u011bk, Jaroslav Petrou\u0161, Martin Zach, Michal Enge, Ale\u0161 Kis\u00fd, Eva Kacanu a dal\u0161\u00ed, ale startuje zde tak\u00e9 cel\u00e1 \u0159ada v\u00fdkonnostn\u00edch sportovc\u016f i \u00fapln\u00fdch nov\u00e1\u010dk\u016f.<\/p>\n<p>V ka\u017ed\u00e9m ro\u010dn\u00edku Velk\u00e9 ceny Pardubic byla p\u0159ekon\u00e1na cel\u00e1 \u0159ada \u010desk\u00fdch rekord\u016f, padlo mnoho v\u00fdkon\u016f sv\u011btov\u00e9 \u00farovn\u011b a plnily se limity na vrcholn\u00e9 akce sezony. Jde tedy o presti\u017en\u00ed akci celorepublikov\u00e9ho v\u00fdznamu, kde se dosahuje v\u00fdsledk\u016f sv\u011btov\u00e9 kvality.<\/p>\n<p>Pardubick\u00fd den\u00edk<br \/>\n<a href=\"http:\/\/pardubicky.denik.cz\/\">http:\/\/pardubicky.denik.cz\/<\/a><\/p>\n","protected":false},"excerpt":{"rendered":"<div class=\"mh-excerpt\"><p>Na\u010d\u00ednaj\u00ed ji\u017e t\u0159et\u00ed des\u00edtku. Spolek t\u011blesn\u011b posti\u017een\u00fdch sportovc\u016f Atletika Bez Bari\u00e9r Pardubice po\u0159\u00e1d\u00e1 v ned\u011bli 6. kv\u011btna 21. ro\u010dn\u00edk Velk\u00e9 ceny Pardubic v atletice t\u011blesn\u011b <a class=\"mh-excerpt-more\" href=\"https:\/\/www.invarena.cz\/?p=30456\" title=\"Voz\u00ed\u010dk\u00e1\u0159i zah\u00e1j\u00ed \u010cesk\u00fd poh\u00e1r\">[&#8230;]<\/a><\/p>\n<\/div>","protected":false},"author":1,"featured_media":7022,"comment_status":"open","ping_status":"closed","sticky":false,"template":"","format":"standard","meta":{"footnotes":""},"categories":[9],"tags":[],"class_list":["post-30456","post","type-post","status-publish","format-standard","has-post-thumbnail","hentry","category-zpravy"],"_links":{"self":[{"href":"https:\/\/www.invarena.cz\/index.php?rest_route=\/wp\/v2\/posts\/30456","targetHints":{"allow":["GET"]}}],"collection":[{"href":"https:\/\/www.invarena.cz\/index.php?rest_route=\/wp\/v2\/posts"}],"about":[{"href":"https:\/\/www.invarena.cz\/index.php?rest_route=\/wp\/v2\/types\/post"}],"author":[{"embeddable":true,"href":"https:\/\/www.invarena.cz\/index.php?rest_route=\/wp\/v2\/users\/1"}],"replies":[{"embeddable":true,"href":"https:\/\/www.invarena.cz\/index.php?rest_route=%2Fwp%2Fv2%2Fcomments&post=30456"}],"version-history":[{"count":0,"href":"https:\/\/www.invarena.cz\/index.php?rest_route=\/wp\/v2\/posts\/30456\/revisions"}],"wp:featuredmedia":[{"embeddable":true,"href":"https:\/\/www.invarena.cz\/index.php?rest_route=\/wp\/v2\/media\/7022"}],"wp:attachment":[{"href":"https:\/\/www.invarena.cz\/index.php?rest_route=%2Fwp%2Fv2%2Fmedia&parent=30456"}],"wp:term":[{"taxonomy":"category","embeddable":true,"href":"https:\/\/www.invarena.cz\/index.php?rest_route=%2Fwp%2Fv2%2Fcategories&post=30456"},{"taxonomy":"post_tag","embeddable":true,"href":"https:\/\/www.invarena.cz\/index.php?rest_route=%2Fwp%2Fv2%2Ftags&post=30456"}],"curies":[{"name":"wp","href":"https:\/\/api.w.org\/{rel}","templated":true}]}}