{"id":30462,"date":"2018-05-09T16:55:33","date_gmt":"2018-05-09T14:55:33","guid":{"rendered":"http:\/\/www.invarena.cz\/?p=30462"},"modified":"2018-05-09T16:56:33","modified_gmt":"2018-05-09T14:56:33","slug":"vybrali-122-tisic-pro-nemocnou-natalku","status":"publish","type":"post","link":"https:\/\/www.invarena.cz\/?p=30462","title":{"rendered":"Vybrali 122 tis\u00edc pro nemocnou Nat\u00e1lku"},"content":{"rendered":"<p><strong>Kapela Vosa rock odehr\u00e1la koncert v \u010cesk\u00e9 B\u011bl\u00e9. Cel\u00fd v\u00fdt\u011b\u017eek \u0161el na konto posti\u017een\u00e9 hol\u010di\u010dky ze \u017dd\u00edrce<\/strong> <!--more--><\/p>\n<p>\u010cesk\u00e1 B\u011bl\u00e1 \u2013 Na benefi\u010dn\u00edm koncertu, kter\u00fd pro Nat\u00e1lku ze \u017dd\u00edrce nad Doubravou v dubnu uspo\u0159\u00e1dala kapela Vosa rock, se vybralo neuv\u011b\u0159iteln\u00fdch 122 tis\u00edc korun. Symbolick\u00fd \u0161ek rodina p\u0159evzala 1. kv\u011btna.<\/p>\n<p>P\u0159\u00edb\u011bh \u010dty\u0159let\u00e9 Nat\u00e1lky, kter\u00e1 od narozen\u00ed trp\u00ed d\u011btskou mozkovou obrnou, se dostal do m\u00e9di\u00ed a spustil obrovskou vlnu solidarity u lid\u00ed nejen z regionu. Na pomoc d\u00edvence vznikla \u0159ada benefi\u010dn\u00edch akc\u00ed i ve\u0159ejn\u00e1 sb\u00edrka. D\u00edky podpo\u0159e lid\u00ed si m\u016f\u017ee rodina dovolit n\u00e1ro\u010dnou l\u00e9\u010dbu na pra\u017esk\u00e9 klinice a Nat\u00e1lka dostala \u0161anci na \u0161\u0165astn\u00fd konec. \u017de jednou bude sama chodit.<\/p>\n<p>Osud mal\u00e9 hol\u010di\u010dky ze \u017dd\u00edrce nad Doubravou oslovil i p\u0159ibyslavskou kapelu Vosa rock, kter\u00e1 ka\u017ed\u00fd rok na ja\u0159e po\u0159\u00e1d\u00e1 koncert pro dobrou v\u011bc. Tentokr\u00e1t se rozhodli pro Nat\u00e1lku.<\/p>\n<p>&#8222;\u0158\u00edkali jsme si, \u017ee by se zase m\u011blo n\u011bco ud\u011blat, u\u017e jen pro tu fajn atmosf\u00e9ru, kter\u00e1 se na takov\u00fdch akc\u00edch \u0161\u00ed\u0159\u00ed. Ale hlavn\u011b pro n\u011bkoho, kdo pot\u0159ebuje na\u0161i pomoc,&#8220; uvedli \u010dlenov\u00e9 kapely, kter\u00e1 funguje od roku 2003.<\/p>\n<p>Kapela v\u011bnovala Nat\u00e1lce nejenom v\u00fdt\u011b\u017eek z akce, ale tak\u00e9 sponzorsk\u00e9 dary firem a jedinc\u016f, honor\u00e1\u0159 kapely a zvuka\u0159\u016f. P\u0159isp\u011bli v\u0161ak nap\u0159\u00edklad i sportovci: hr\u00e1\u010di A+B t\u00fdmu FC Slovan Havl\u00ed\u010dk\u016fv Brod.<\/p>\n<p>V\u00ddT\u011a\u017dEK P\u0158ED\u010cIL JAK\u00c9KOLIV O\u010cEK\u00c1V\u00c1N\u00cd<\/p>\n<p>&#8222;\u010cesk\u00e1 B\u011bl\u00e1 byla nep\u0159ekonateln\u00e1. Pro n\u00e1v\u0161t\u011bvnost, pro dobrou n\u00e1ladu, a hlavn\u011b kv\u016fli v\u0161em n\u00e1v\u0161t\u011bvn\u00edk\u016fm. Ka\u017ed\u00fd, kdo dorazil, pomohl,&#8220; zhodnotili akci protagonist\u00e9 kapely Vosa rock. Koncert dokonce oproti minul\u00e9 benefi\u010dn\u00ed akci trhnul i rekordn\u00ed n\u00e1v\u0161t\u011bvnost.<\/p>\n<p>&#8222;Dali jste Nat\u00e1lce dal\u0161\u00ed kus nad\u011bje,&#8220; vzkazuj\u00ed \u010dlenov\u00e9 kapely v\u0161em, kte\u0159\u00ed p\u0159isp\u011bli. Rekordn\u00ed nakonec byla i vybran\u00e1 \u010d\u00e1stka. &#8222;Nikdy, opravdu nikdy se n\u00e1m nepoda\u0159ilo vybrat tolik,&#8220; d\u011bkuje kapela na sv\u00fdch facebookov\u00fdch str\u00e1nk\u00e1ch.<\/p>\n<p>Rodin\u011b \u010dty\u0159let\u00e9 Nat\u00e1lky tak mohli 1. kv\u011btna p\u0159edat symbolick\u00fd \u0161ek na 122 tis\u00edc korun.<\/p>\n<p>Pen\u00edze rodina vyu\u017eije na n\u00e1kladnou l\u00e9\u010dbu na neurorehabilita\u010dn\u00ed klinice Axon v Praze. D\u00edky n\u00ed se po m\u011bs\u00edc\u00edch nejr\u016fzn\u011bj\u0161\u00edch terapi\u00ed dostavily u Nat\u00e1lky prvn\u00ed v\u00fdsledky.<\/p>\n<p>&#8222;Tato terapie je velice intenzivn\u00ed a pom\u00e1h\u00e1 d\u011btem se z\u00edsk\u00e1n\u00edm rovnov\u00e1hy a posiluje svaly cel\u00e9ho t\u011bla. Nat\u00e1lka se b\u011bhem l\u00e9\u010dby posunula velk\u00fdm krokem vp\u0159ed,&#8220; popsali Nat\u00e1l\u010diny rodi\u010de.<\/p>\n<p>Terapie na klinice je ale velmi finan\u010dn\u011b n\u00e1ro\u010dn\u00e1, a zdravotn\u00ed poji\u0161\u0165ovna ji nehrad\u00ed. Bez pomoci by si ji nemohli dovolit.<\/p>\n<p>L\u00c9K NEN\u00cd, P\u0158ESTO JE NAD\u011aJE NA LEP\u0160\u00cd \u017dIVOT<\/p>\n<p>D\u011btsk\u00e1 mozkov\u00e1 obrna je onemocn\u011bn\u00ed, kter\u00e9 postihuje motoriku, hybnost t\u011bla.<\/p>\n<p>Dosud bohu\u017eel neexistuje l\u00e9k nebo prost\u0159edek, kter\u00fd by jedince, trp\u00edc\u00edho touto nemoc\u00ed, zcela vyl\u00e9\u010dil. Pomoc\u00ed nejr\u016fzn\u011bj\u0161\u00edch cvi\u010debn\u00edch metod a rehabilitac\u00ed lze ale dos\u00e1hnout velk\u00fdch pokrok\u016f a v\u00fdrazn\u011b zlep\u0161it kvalitu jeho \u017eivota.<\/p>\n<p>Koho by zaj\u00edmal p\u0159\u00edb\u011bh Nat\u00e1lky, jej\u00ed l\u00e9\u010dba i jej\u00ed pokroky, m\u016f\u017ee se pod\u00edvat na web www.pronatalku.cz, kde jsou tak\u00e9 informace o mo\u017enostech, jak pomoci.<\/p>\n<p>VERONIKA HO\u0160KOV\u00c1<br \/>\nHavl\u00ed\u010dkobrodsk\u00fd den\u00edk<br \/>\n<a href=\"http:\/\/havlickobrodsky.denik.cz\/\">http:\/\/havlickobrodsky.denik.cz\/<\/a><\/p>\n","protected":false},"excerpt":{"rendered":"<div class=\"mh-excerpt\"><p>Kapela Vosa rock odehr\u00e1la koncert v \u010cesk\u00e9 B\u011bl\u00e9. Cel\u00fd v\u00fdt\u011b\u017eek \u0161el na konto posti\u017een\u00e9 hol\u010di\u010dky ze \u017dd\u00edrce<\/p>\n<\/div>","protected":false},"author":1,"featured_media":24717,"comment_status":"open","ping_status":"closed","sticky":false,"template":"","format":"standard","meta":{"footnotes":""},"categories":[9],"tags":[],"class_list":["post-30462","post","type-post","status-publish","format-standard","has-post-thumbnail","hentry","category-zpravy"],"_links":{"self":[{"href":"https:\/\/www.invarena.cz\/index.php?rest_route=\/wp\/v2\/posts\/30462","targetHints":{"allow":["GET"]}}],"collection":[{"href":"https:\/\/www.invarena.cz\/index.php?rest_route=\/wp\/v2\/posts"}],"about":[{"href":"https:\/\/www.invarena.cz\/index.php?rest_route=\/wp\/v2\/types\/post"}],"author":[{"embeddable":true,"href":"https:\/\/www.invarena.cz\/index.php?rest_route=\/wp\/v2\/users\/1"}],"replies":[{"embeddable":true,"href":"https:\/\/www.invarena.cz\/index.php?rest_route=%2Fwp%2Fv2%2Fcomments&post=30462"}],"version-history":[{"count":0,"href":"https:\/\/www.invarena.cz\/index.php?rest_route=\/wp\/v2\/posts\/30462\/revisions"}],"wp:featuredmedia":[{"embeddable":true,"href":"https:\/\/www.invarena.cz\/index.php?rest_route=\/wp\/v2\/media\/24717"}],"wp:attachment":[{"href":"https:\/\/www.invarena.cz\/index.php?rest_route=%2Fwp%2Fv2%2Fmedia&parent=30462"}],"wp:term":[{"taxonomy":"category","embeddable":true,"href":"https:\/\/www.invarena.cz\/index.php?rest_route=%2Fwp%2Fv2%2Fcategories&post=30462"},{"taxonomy":"post_tag","embeddable":true,"href":"https:\/\/www.invarena.cz\/index.php?rest_route=%2Fwp%2Fv2%2Ftags&post=30462"}],"curies":[{"name":"wp","href":"https:\/\/api.w.org\/{rel}","templated":true}]}}