{"id":30463,"date":"2018-05-09T17:03:53","date_gmt":"2018-05-09T15:03:53","guid":{"rendered":"http:\/\/www.invarena.cz\/?p=30463"},"modified":"2018-05-09T17:03:53","modified_gmt":"2018-05-09T15:03:53","slug":"festival-colours-of-ostrava-si-poprve-uziji-i-lide-kteri-nic-neslysi","status":"publish","type":"post","link":"https:\/\/www.invarena.cz\/?p=30463","title":{"rendered":"Festival Colours of Ostrava si poprv\u00e9 u\u017eij\u00ed i lid\u00e9, kte\u0159\u00ed nic nesly\u0161\u00ed"},"content":{"rendered":"<p><strong>\u010cervencov\u00fd multi\u017e\u00e1nrov\u00fd festival Colours of Ostrava nav\u0161t\u011bvuj\u00ed ka\u017ed\u00fd rok stovky t\u011blesn\u011b posti\u017een\u00fdch lid\u00ed v\u010detn\u011b voz\u00ed\u010dk\u00e1\u0159\u016f. Letos poprv\u00e9 se tam chystaj\u00ed tak\u00e9 lid\u00e9 s posti\u017een\u00edm smysl\u016f.<\/strong> <!--more--><\/p>\n<p>Cel\u00fd \u010dl\u00e1nek <a href=\"https:\/\/ostrava.idnes.cz\/colours-of-ostrava-neslysici-hudebni-festival-svaz-neslysicich-p8b-\/ostrava-zpravy.aspx?c=A180505_399831_ostrava-zpravy_jog\">ZDE<\/a><\/p>\n","protected":false},"excerpt":{"rendered":"<div class=\"mh-excerpt\"><p>\u010cervencov\u00fd multi\u017e\u00e1nrov\u00fd festival Colours of Ostrava nav\u0161t\u011bvuj\u00ed ka\u017ed\u00fd rok stovky t\u011blesn\u011b posti\u017een\u00fdch lid\u00ed v\u010detn\u011b voz\u00ed\u010dk\u00e1\u0159\u016f. Letos poprv\u00e9 se tam chystaj\u00ed tak\u00e9 lid\u00e9 s posti\u017een\u00edm smysl\u016f.<\/p>\n<\/div>","protected":false},"author":1,"featured_media":3624,"comment_status":"open","ping_status":"closed","sticky":false,"template":"","format":"standard","meta":{"footnotes":""},"categories":[9],"tags":[],"class_list":["post-30463","post","type-post","status-publish","format-standard","has-post-thumbnail","hentry","category-zpravy"],"_links":{"self":[{"href":"https:\/\/www.invarena.cz\/index.php?rest_route=\/wp\/v2\/posts\/30463","targetHints":{"allow":["GET"]}}],"collection":[{"href":"https:\/\/www.invarena.cz\/index.php?rest_route=\/wp\/v2\/posts"}],"about":[{"href":"https:\/\/www.invarena.cz\/index.php?rest_route=\/wp\/v2\/types\/post"}],"author":[{"embeddable":true,"href":"https:\/\/www.invarena.cz\/index.php?rest_route=\/wp\/v2\/users\/1"}],"replies":[{"embeddable":true,"href":"https:\/\/www.invarena.cz\/index.php?rest_route=%2Fwp%2Fv2%2Fcomments&post=30463"}],"version-history":[{"count":0,"href":"https:\/\/www.invarena.cz\/index.php?rest_route=\/wp\/v2\/posts\/30463\/revisions"}],"wp:featuredmedia":[{"embeddable":true,"href":"https:\/\/www.invarena.cz\/index.php?rest_route=\/wp\/v2\/media\/3624"}],"wp:attachment":[{"href":"https:\/\/www.invarena.cz\/index.php?rest_route=%2Fwp%2Fv2%2Fmedia&parent=30463"}],"wp:term":[{"taxonomy":"category","embeddable":true,"href":"https:\/\/www.invarena.cz\/index.php?rest_route=%2Fwp%2Fv2%2Fcategories&post=30463"},{"taxonomy":"post_tag","embeddable":true,"href":"https:\/\/www.invarena.cz\/index.php?rest_route=%2Fwp%2Fv2%2Ftags&post=30463"}],"curies":[{"name":"wp","href":"https:\/\/api.w.org\/{rel}","templated":true}]}}