{"id":30475,"date":"2018-05-11T15:16:35","date_gmt":"2018-05-11T13:16:35","guid":{"rendered":"http:\/\/www.invarena.cz\/?p=30475"},"modified":"2018-05-11T15:16:35","modified_gmt":"2018-05-11T13:16:35","slug":"neslysici-deti-oslavi-vyroci-divadla-beze-slov-predstavenim","status":"publish","type":"post","link":"https:\/\/www.invarena.cz\/?p=30475","title":{"rendered":"Nesly\u0161\u00edc\u00ed d\u011bti oslav\u00ed v\u00fdro\u010d\u00ed Divadla Beze slov p\u0159edstaven\u00edm"},"content":{"rendered":"<p><strong>Mal\u00ed nesly\u0161\u00edc\u00ed um\u011blci zahraj\u00ed p\u0159edstaven\u00ed k 20. v\u00fdro\u010d\u00ed Divadla Beze slov. Divadlo p\u016fsob\u00ed p\u0159i hradeck\u00e9 \u0161kole \u0160tef\u00e1nikova pro d\u011bti s vadami sluchu.<\/strong> <!--more--><\/p>\n<p>Hradec Kr\u00e1lov\u00e9 \u2013 Origin\u00e1ln\u00ed oslava v\u00fdro\u010d\u00ed se kon\u00e1 v pond\u011bl\u00ed 14. kv\u011btna. V dopoledn\u00edch hodin\u00e1ch \u017e\u00e1ci zahraj\u00ed sv\u00e9 pantomimick\u00e9 etudy d\u011btem z mate\u0159sk\u00fdch a z\u00e1kladn\u00edch \u0161kol. V 17 hodin za\u010dne benefi\u010dn\u00ed vystoupen\u00ed pro ve\u0159ejnost v divadle Drak.<\/p>\n<p>P\u0159edstaven\u00ed podpo\u0159\u00ed zp\u011bva\u010dka Hanka K\u0159\u00ed\u017ekov\u00e1 a moderovat jej bude Karel Vo\u0159\u00ed\u0161ek. P\u0159edstaven\u00ed bude tlumo\u010deno do \u010desk\u00e9ho znakov\u00e9ho jazyka a p\u00edsn\u011b do um\u011bleck\u00e9ho znakov\u00e9ho jazyka. Vybran\u00e9 vstupn\u00e9 poslou\u017e\u00ed k zakoupen\u00ed \u017e\u00edn\u011bnky na zkou\u0161ky um\u011bleck\u00e9ho souboru.<\/p>\n<p>Ze souboru se rekrutuj\u00ed jak um\u011blci v oboru profesion\u00e1ln\u00ed pantomima, tak i um\u011ble\u010dt\u00ed tlumo\u010dn\u00edci nesly\u0161\u00edc\u00edch. Soubor je jedine\u010dn\u00fd nejen v \u010cesk\u00e9 republice, ale i v cel\u00e9 Evrop\u011b.<\/p>\n<p>Hradeck\u00fd den\u00edk<br \/>\n<a href=\"http:\/\/hradecky.denik.cz\/\">http:\/\/hradecky.denik.cz\/<\/a><\/p>\n","protected":false},"excerpt":{"rendered":"<div class=\"mh-excerpt\"><p>Mal\u00ed nesly\u0161\u00edc\u00ed um\u011blci zahraj\u00ed p\u0159edstaven\u00ed k 20. v\u00fdro\u010d\u00ed Divadla Beze slov. Divadlo p\u016fsob\u00ed p\u0159i hradeck\u00e9 \u0161kole \u0160tef\u00e1nikova pro d\u011bti s vadami sluchu.<\/p>\n<\/div>","protected":false},"author":1,"featured_media":0,"comment_status":"open","ping_status":"closed","sticky":false,"template":"","format":"standard","meta":{"footnotes":""},"categories":[9],"tags":[],"class_list":["post-30475","post","type-post","status-publish","format-standard","hentry","category-zpravy"],"_links":{"self":[{"href":"https:\/\/www.invarena.cz\/index.php?rest_route=\/wp\/v2\/posts\/30475","targetHints":{"allow":["GET"]}}],"collection":[{"href":"https:\/\/www.invarena.cz\/index.php?rest_route=\/wp\/v2\/posts"}],"about":[{"href":"https:\/\/www.invarena.cz\/index.php?rest_route=\/wp\/v2\/types\/post"}],"author":[{"embeddable":true,"href":"https:\/\/www.invarena.cz\/index.php?rest_route=\/wp\/v2\/users\/1"}],"replies":[{"embeddable":true,"href":"https:\/\/www.invarena.cz\/index.php?rest_route=%2Fwp%2Fv2%2Fcomments&post=30475"}],"version-history":[{"count":0,"href":"https:\/\/www.invarena.cz\/index.php?rest_route=\/wp\/v2\/posts\/30475\/revisions"}],"wp:attachment":[{"href":"https:\/\/www.invarena.cz\/index.php?rest_route=%2Fwp%2Fv2%2Fmedia&parent=30475"}],"wp:term":[{"taxonomy":"category","embeddable":true,"href":"https:\/\/www.invarena.cz\/index.php?rest_route=%2Fwp%2Fv2%2Fcategories&post=30475"},{"taxonomy":"post_tag","embeddable":true,"href":"https:\/\/www.invarena.cz\/index.php?rest_route=%2Fwp%2Fv2%2Ftags&post=30475"}],"curies":[{"name":"wp","href":"https:\/\/api.w.org\/{rel}","templated":true}]}}