{"id":30497,"date":"2018-05-21T16:19:52","date_gmt":"2018-05-21T14:19:52","guid":{"rendered":"http:\/\/www.invarena.cz\/?p=30497"},"modified":"2018-05-21T16:19:52","modified_gmt":"2018-05-21T14:19:52","slug":"firemni-dobrovolnici-v-ramci-give-gain-day-odpracovali-18-kvetna-v-ceske-republice-5312-hodin","status":"publish","type":"post","link":"https:\/\/www.invarena.cz\/?p=30497","title":{"rendered":"Firemn\u00ed dobrovoln\u00edci v r\u00e1mci Give &#038; Gain Day odpracovali 18. kv\u011btna v \u010cesk\u00e9 republice 5312 hodin"},"content":{"rendered":"<p><strong>P\u00e1tek 18. kv\u011btna se nesl ve znamen\u00ed firemn\u00edho dobrovolnictv\u00ed. V r\u00e1mci akce Give &amp; Gain Day pom\u00e1hali zam\u011bstnanci soukrom\u00e9ho sektoru tomu neziskov\u00e9mu a odpracovali dohromady 5312 hodin po cel\u00e9 \u010cesk\u00e9 republice. Nejv\u00edce se pom\u00e1halo v hlavn\u00edm m\u011bst\u011b Praze, ale ostatn\u00ed kraje se rozhodn\u011b nenechali zahanbit.<\/strong><br \/>\n<!--more--><br \/>\nPo\u0159adatel cel\u00e9 akce, aliance udr\u017eiteln\u00e9ho podnik\u00e1n\u00ed BPS &#8211; Byznys pro spole\u010dnost, v pr\u016fb\u011bhu cel\u00e9ho roku propoj\u00ed p\u0159es port\u00e1l Zapojimse.cz okolo 7000 firemn\u00edch dobrovoln\u00edk\u016f s neziskovkami, kter\u00fdm podpora zven\u010d\u00ed pom\u016f\u017ee rozv\u00edjet jejich aktivity. Leto\u0161n\u00edho ro\u010dn\u00edku Give &amp; Gain Day se v \u010cesk\u00e9 republice z\u00fa\u010dastnilo na 700 zam\u011bstnanc\u016f z v\u00edce jak 30 spole\u010dnost\u00ed a pomohli okolo 76 organizac\u00edm.<\/p>\n<p>Firemn\u00ed dobrovolnictv\u00ed se v posledn\u00edch letech st\u00e1v\u00e1 neodmyslitelnou sou\u010d\u00e1st\u00ed politiky odpov\u011bdn\u00fdch firem, kter\u00fdm nen\u00ed lhostejn\u00e9 prost\u0159ed\u00ed a lid\u00e9 za branami jejich podniku. To, \u017ee pomoc neziskov\u00fdm organizac\u00edm d\u00e1v\u00e1 smysl ukazuje den firemn\u00edho dobrovolnictv\u00ed Give &amp; Gain Day, kter\u00fd letos ji\u017e poosm\u00e9 prob\u011bhl v p\u00e1tek 18. kv\u011btna. B\u011bhem uplynul\u00fdch osmi let se do Give &amp; Gain Day v \u010cesk\u00e9 republice zapojilo celkem 6 287 firemn\u00edch dobrovoln\u00edk\u016f, kte\u0159\u00ed odpracovali 50 196 hodin pr\u00e1ce pro ve\u0159ejn\u011b prosp\u011b\u0161n\u00e9 instituce. \u201eDo leto\u0161n\u00edho ro\u010dn\u00edku Give &amp; Gain Day se zapojilo na 700 zam\u011bstnanc\u016f, kte\u0159\u00ed spole\u010dn\u011b pom\u00e1hali v\u00edce jak 76 organizac\u00edm. Jsme moc r\u00e1di, \u017ee maj\u00ed firemn\u00ed dobrovoln\u00edci st\u00e1le v\u011bt\u0161\u00ed z\u00e1jem pom\u00e1hat nejen manu\u00e1ln\u011b, ale i spole\u010densky, nap\u0159\u00edklad soci\u00e1ln\u00edm kontaktem s klienty r\u016fzn\u00fdch zdravotnick\u00fdch za\u0159\u00edzen\u00ed a organizac\u00ed,\u201c uv\u00e1d\u00ed Lucie Va\u0148ouskov\u00e1 programov\u00e1 koordin\u00e1torka firemn\u00edho dobrovolnictv\u00ed z Byznys pro spole\u010dnost.<\/p>\n<p>Svoji \u00fa\u010dast na Give &amp; Gain Day firmy potvrzovaly prost\u0159ednictv\u00edm port\u00e1lu Zapojimse.cz, kde si mohly vyb\u00edrat z des\u00edtek neziskov\u00fdch a ve\u0159ejn\u011b prosp\u011b\u0161n\u00fdch organizac\u00ed po cel\u00e9 \u010cesk\u00e9 republice. Nejv\u011bt\u0161\u00ed z\u00e1jem byl tradi\u010dn\u011b o lokality Praha, n\u00e1sledn\u011b Kr\u00e1lov\u00e9hradeck\u00fd a St\u0159edo\u010desk\u00fd kraj, ale pom\u00e1halo se po cel\u00e9m \u010cesku.<\/p>\n<p>\u201eOsobn\u011b jsem se z\u00fa\u010dastnila \u00faklidu v okol\u00ed vodn\u00edho toku Rokytka. T\u00e9ma ekologie je mi velmi bl\u00edzk\u00e9 a by\u0165 se situace za posledn\u00edch n\u011bkolik let zlep\u0161ila, st\u00e1le v p\u0159\u00edrod\u011b i cestou do pr\u00e1ce denn\u011b nar\u00e1\u017e\u00edm na odhozen\u00e9 pap\u00edrky od cukrovinek, plastov\u00e9 lahve od limon\u00e1d, odlo\u017een\u00e9 star\u00e9 pneumatiky u les\u016f apod. P\u00e1tek 18. kv\u011btna vid\u00edm jako hezkou p\u0159\u00edle\u017eitost vr\u00e1tit zp\u011bt na\u0161\u00ed krajin\u011b to, co n\u00e1m poskytuje ona,\u201c uvedla jedna z dobrovolnic V\u00e1clava Svobodov\u00e1, specialistka intern\u00ed a extern\u00ed komunikace Rossmann.<\/p>\n<p>N\u011bkte\u0159\u00ed zam\u011bstnanci se do programu firemn\u00edho dobrovolnictv\u00ed hl\u00e1s\u00ed opakovan\u011b a vedle dobr\u00e9ho pocitu jsou odm\u011bn\u011bni titulem Give &amp; Gain Hero, tedy hrdinov\u00e9, pro kter\u00e9 je pomoc druh\u00fdm sou\u010d\u00e1st\u00ed b\u011b\u017en\u00e9ho pracovn\u00edho \u017eivota. V leto\u0161n\u00edm roce putovalo ocen\u011bn\u00ed 27 pravideln\u00fdm firemn\u00edm dobrovoln\u00edk\u016fm.<\/p>\n<p>Za spole\u010dnost Johnson &amp; Johnson se leto\u0161n\u00ed iniciativy Give &amp; Gain Day z\u00fa\u010dastnila t\u00e9m\u011b\u0159 sedmdes\u00e1tka zam\u011bstnanc\u016f. \u201eV \u0161irok\u00e9 \u0161k\u00e1le aktivit, kter\u00e9 si moji kolegov\u00e9 vybrali, m\u016f\u017eeme nej\u010dast\u011bji naj\u00edt \u00fapravu venkovn\u00edch prostor, jako nap\u0159\u00edklad \u00faklid kolem potoku Rokytka nebo \u00faprava parku v psychiatrick\u00e9 nemocnici v Bohnic\u00edch. N\u011bkte\u0159\u00ed z koleg\u016f naopak volili pr\u00e1ci v kojeneck\u00e9m \u00fastavu v Kr\u010di, nebo se rozhodli pom\u00e1hat p\u0159i procesu adopc\u00ed d\u011bt\u00ed ze zahrani\u010d\u00ed,\u201c \u0159\u00edk\u00e1 Nina Sou\u010dkov\u00e1, Mana\u017eerka profesn\u00edho vzd\u011bl\u00e1v\u00e1n\u00ed pro \u010ceskou republiku, Slovensko a Ma\u010farsko z Johnson &amp; Johnson.<\/p>\n<p>\u010cesk\u00fdm firm\u00e1m a jejich zam\u011bstnanc\u016fm na jejich okol\u00ed rozhodn\u011b z\u00e1le\u017e\u00ed i proto se v r\u00e1mci leto\u0161n\u00edho ro\u010dn\u00edku Give &amp; Gain Day rozhodli pom\u00e1hat des\u00edtky spole\u010dnost\u00ed.<\/p>\n<p>\u201eDo projektu Give and Gain jsme se letos zapojili u\u017e po \u010dtvrt\u00e9 a op\u011bt s velkou chut\u00ed. Bav\u00ed n\u00e1s nejen to, \u017ee m\u00e1me ka\u017ed\u00fd rok mo\u017enost podpo\u0159it n\u011bkoho, kdo to pot\u0159ebuje, ale i to, \u017ee se p\u0159itom sezn\u00e1m\u00edme s ostatn\u00edmi dobrovoln\u00edky a str\u00e1v\u00edme prima den jinou prac\u00ed, ne\u017e je pro n\u00e1s obvykl\u00e9. N\u011bkte\u0159\u00ed vyrazili t\u0159eba okop\u00e1vat vinohrad, co\u017e by se jim p\u0159ed po\u010d\u00edta\u010dem jist\u011b nepo\u0161t\u011bstilo. Jin\u00ed kolegov\u00e9 \u0161li naopak vypom\u00e1hat do zv\u00ed\u0159ec\u00edho \u00fatulku nebo t\u0159eba do mate\u0159sk\u00e9 \u0161kolky. Za cel\u00fd t\u00fdm mohu \u0159\u00edct, \u017ee Give and Gain je akc\u00ed, na kterou se v\u017edy t\u011b\u0161\u00edme a jsme hrd\u00ed na to, \u017ee na\u0161e spole\u010dnost podobn\u00e9 projekty podporuje,\u201c \u0159\u00edk\u00e1 Patricie \u010c\u00ed\u017eov\u00e1, vedouc\u00ed odd\u011blen\u00ed HR Cofidis.<\/p>\n<p>A co bylo vlastn\u011b hnac\u00ed silou v\u0161ech dne\u0161n\u00edch firemn\u00edch dobrovoln\u00edk\u016f? To shrnula Martina Lambert, Senior mana\u017eerka CSR a komunikace Moneta Money Bank: \u201eV\u017edy n\u00e1m z\u00e1le\u017eelo na tom, abychom \u00fa\u010dinn\u011b pom\u00e1hali tam, kde \u017eij\u00ed a pracuj\u00ed na\u0161i klienti a zam\u011bstnanci. Mezin\u00e1rodn\u00ed den dobrovolnictv\u00ed je ide\u00e1ln\u00ed p\u0159\u00edle\u017eitost\u00ed, jak tento z\u00e1jem o podporu komunit sd\u00edlet s podobn\u011b sm\u00fd\u0161lej\u00edc\u00edmi lidmi z mnoha r\u016fzn\u00fdch firem. Na\u0161i zam\u011bstnanci mohou s dobrovoln\u00edky z jin\u00fdch spole\u010densky odpov\u011bdn\u00fdch firem pomoci dobr\u00e9 v\u011bci a vym\u011bnit si mezi sebou zku\u0161enosti.\u201c<\/p>\n<p>\u201eGive &amp; Gain pro n\u00e1s v Novartisu znamen\u00e1 osv\u011b\u017euj\u00edc\u00ed vytr\u017een\u00ed z pracovn\u00ed rutiny, kter\u00e9 nav\u00edc pom\u00e1h\u00e1 tam, kde je to skute\u010dn\u011b pot\u0159eba. Je \u00fa\u017easn\u00e9 sledovat re\u00e1ln\u00e9 v\u00fdsledky, kter\u00fdch lze za p\u00e1r hodin aktivn\u00ed pr\u00e1ce dos\u00e1hnout. Na leto\u0161n\u00ed ro\u010dn\u00edk m\u00e1me od na\u0161ich zam\u011bstnanc\u016f velmi pozitivn\u00ed odezvu. D\u011bkujeme organiz\u00e1tor\u016fm za tuto p\u0159\u00edle\u017eitost a dob\u0159e zvl\u00e1dnutou organizaci,\u201c \u0159\u00edk\u00e1 Tuba Albayrak, Country President Czech Republic.<\/p>\n<p>Tiskov\u00e1 zpr\u00e1va<\/p>\n","protected":false},"excerpt":{"rendered":"<div class=\"mh-excerpt\"><p>P\u00e1tek 18. kv\u011btna se nesl ve znamen\u00ed firemn\u00edho dobrovolnictv\u00ed. V r\u00e1mci akce Give &amp; Gain Day pom\u00e1hali zam\u011bstnanci soukrom\u00e9ho sektoru tomu neziskov\u00e9mu a odpracovali dohromady <a class=\"mh-excerpt-more\" href=\"https:\/\/www.invarena.cz\/?p=30497\" title=\"Firemn\u00ed dobrovoln\u00edci v r\u00e1mci Give &#038; Gain Day odpracovali 18. kv\u011btna v \u010cesk\u00e9 republice 5312 hodin\">[&#8230;]<\/a><\/p>\n<\/div>","protected":false},"author":1,"featured_media":30500,"comment_status":"open","ping_status":"closed","sticky":false,"template":"","format":"standard","meta":{"footnotes":""},"categories":[9],"tags":[],"class_list":["post-30497","post","type-post","status-publish","format-standard","has-post-thumbnail","hentry","category-zpravy"],"_links":{"self":[{"href":"https:\/\/www.invarena.cz\/index.php?rest_route=\/wp\/v2\/posts\/30497","targetHints":{"allow":["GET"]}}],"collection":[{"href":"https:\/\/www.invarena.cz\/index.php?rest_route=\/wp\/v2\/posts"}],"about":[{"href":"https:\/\/www.invarena.cz\/index.php?rest_route=\/wp\/v2\/types\/post"}],"author":[{"embeddable":true,"href":"https:\/\/www.invarena.cz\/index.php?rest_route=\/wp\/v2\/users\/1"}],"replies":[{"embeddable":true,"href":"https:\/\/www.invarena.cz\/index.php?rest_route=%2Fwp%2Fv2%2Fcomments&post=30497"}],"version-history":[{"count":0,"href":"https:\/\/www.invarena.cz\/index.php?rest_route=\/wp\/v2\/posts\/30497\/revisions"}],"wp:featuredmedia":[{"embeddable":true,"href":"https:\/\/www.invarena.cz\/index.php?rest_route=\/wp\/v2\/media\/30500"}],"wp:attachment":[{"href":"https:\/\/www.invarena.cz\/index.php?rest_route=%2Fwp%2Fv2%2Fmedia&parent=30497"}],"wp:term":[{"taxonomy":"category","embeddable":true,"href":"https:\/\/www.invarena.cz\/index.php?rest_route=%2Fwp%2Fv2%2Fcategories&post=30497"},{"taxonomy":"post_tag","embeddable":true,"href":"https:\/\/www.invarena.cz\/index.php?rest_route=%2Fwp%2Fv2%2Ftags&post=30497"}],"curies":[{"name":"wp","href":"https:\/\/api.w.org\/{rel}","templated":true}]}}