{"id":30508,"date":"2018-05-23T17:43:01","date_gmt":"2018-05-23T15:43:01","guid":{"rendered":"http:\/\/www.invarena.cz\/?p=30508"},"modified":"2018-05-23T17:43:01","modified_gmt":"2018-05-23T15:43:01","slug":"take-letos-probehne-v-kromerizi-neslychane-zabavny-vecer-s-popularnimi-umelci","status":"publish","type":"post","link":"https:\/\/www.invarena.cz\/?p=30508","title":{"rendered":"Tak\u00e9 letos prob\u011bhne v Krom\u011b\u0159\u00ed\u017ei Nesl\u00fdchan\u011b z\u00e1bavn\u00fd ve\u010der s popul\u00e1rn\u00edmi um\u011blci"},"content":{"rendered":"<p><strong>Poradensk\u00e9 centrum pro sluchov\u011b posti\u017een\u00e9 Krom\u011b\u0159\u00ed\u017e, o. p. s. po\u0159\u00e1d\u00e1 letos u\u017e t\u0159et\u00ed ro\u010dn\u00edk koncertu Nesl\u00fdchan\u011b z\u00e1bavn\u00fd ve\u010der. Ten bude vyvrcholen\u00edm T\u00fddne sluchov\u011b posti\u017een\u00fdch ve Zl\u00ednsk\u00e9m kraji. V r\u00e1mci ve\u010dera, kter\u00fd prob\u011bhne 14. z\u00e1\u0159\u00ed v Dom\u011b kultury v Krom\u011b\u0159\u00ed\u017ei, vystoup\u00ed \u0159ada zn\u00e1m\u00fdch um\u011blc\u016f.<\/strong><!--more--><\/p>\n<p>Cel\u00fd \u010dl\u00e1nek <a href=\"https:\/\/www.novinky.cz\/vase-zpravy\/zlinsky-kraj\/kromeriz\/3440-50572-take-letos-probehne-v-kromerizi-neslychane-zabavny-vecer-s-popularnimi-umelci.html\">ZDE<\/a><\/p>\n","protected":false},"excerpt":{"rendered":"<div class=\"mh-excerpt\"><p>Poradensk\u00e9 centrum pro sluchov\u011b posti\u017een\u00e9 Krom\u011b\u0159\u00ed\u017e, o. p. s. po\u0159\u00e1d\u00e1 letos u\u017e t\u0159et\u00ed ro\u010dn\u00edk koncertu Nesl\u00fdchan\u011b z\u00e1bavn\u00fd ve\u010der. Ten bude vyvrcholen\u00edm T\u00fddne sluchov\u011b posti\u017een\u00fdch ve <a class=\"mh-excerpt-more\" href=\"https:\/\/www.invarena.cz\/?p=30508\" title=\"Tak\u00e9 letos prob\u011bhne v Krom\u011b\u0159\u00ed\u017ei Nesl\u00fdchan\u011b z\u00e1bavn\u00fd ve\u010der s popul\u00e1rn\u00edmi um\u011blci\">[&#8230;]<\/a><\/p>\n<\/div>","protected":false},"author":1,"featured_media":6341,"comment_status":"open","ping_status":"closed","sticky":false,"template":"","format":"standard","meta":{"footnotes":""},"categories":[9],"tags":[],"class_list":["post-30508","post","type-post","status-publish","format-standard","has-post-thumbnail","hentry","category-zpravy"],"_links":{"self":[{"href":"https:\/\/www.invarena.cz\/index.php?rest_route=\/wp\/v2\/posts\/30508","targetHints":{"allow":["GET"]}}],"collection":[{"href":"https:\/\/www.invarena.cz\/index.php?rest_route=\/wp\/v2\/posts"}],"about":[{"href":"https:\/\/www.invarena.cz\/index.php?rest_route=\/wp\/v2\/types\/post"}],"author":[{"embeddable":true,"href":"https:\/\/www.invarena.cz\/index.php?rest_route=\/wp\/v2\/users\/1"}],"replies":[{"embeddable":true,"href":"https:\/\/www.invarena.cz\/index.php?rest_route=%2Fwp%2Fv2%2Fcomments&post=30508"}],"version-history":[{"count":0,"href":"https:\/\/www.invarena.cz\/index.php?rest_route=\/wp\/v2\/posts\/30508\/revisions"}],"wp:featuredmedia":[{"embeddable":true,"href":"https:\/\/www.invarena.cz\/index.php?rest_route=\/wp\/v2\/media\/6341"}],"wp:attachment":[{"href":"https:\/\/www.invarena.cz\/index.php?rest_route=%2Fwp%2Fv2%2Fmedia&parent=30508"}],"wp:term":[{"taxonomy":"category","embeddable":true,"href":"https:\/\/www.invarena.cz\/index.php?rest_route=%2Fwp%2Fv2%2Fcategories&post=30508"},{"taxonomy":"post_tag","embeddable":true,"href":"https:\/\/www.invarena.cz\/index.php?rest_route=%2Fwp%2Fv2%2Ftags&post=30508"}],"curies":[{"name":"wp","href":"https:\/\/api.w.org\/{rel}","templated":true}]}}