{"id":30509,"date":"2018-05-23T17:52:58","date_gmt":"2018-05-23T15:52:58","guid":{"rendered":"http:\/\/www.invarena.cz\/?p=30509"},"modified":"2018-05-23T17:52:58","modified_gmt":"2018-05-23T15:52:58","slug":"po-hodine-a-pul-hluchoty-jsem-si-pripadala-vyclenena-ze-spolecnosti","status":"publish","type":"post","link":"https:\/\/www.invarena.cz\/?p=30509","title":{"rendered":"&#8222;Po hodin\u011b a p\u016fl &#8222;hluchoty&#8220; jsem si p\u0159ipadala vy\u010dlen\u011bn\u00e1 ze spole\u010dnosti&#8220;"},"content":{"rendered":"<p><strong>Jak\u00e9 je to \u017e\u00edt s hluchotou, za\u017eila mlad\u00e1 \u00fa\u0159ednice jabloneck\u00e9ho \u00fa\u0159adu pr\u00e1ce. V r\u00e1mci semin\u00e1\u0159e o tom, jak jednat s lidmi se zdravotn\u00edm posti\u017een\u00edm, si na vlastn\u00ed k\u016f\u017ei postupn\u011b vyzkou\u0161ela, jak se c\u00edt\u00ed \u010dlov\u011bk, kter\u00fd nesly\u0161\u00ed, nevid\u00ed nebo je odk\u00e1zan\u00fd na invalidn\u00ed voz\u00edk.<\/strong> <!--more--><\/p>\n<p>Jablonec nad Nisou \u2013 &#8222;M\u011bla jsem na u\u0161\u00edch speci\u00e1ln\u00ed sluch\u00e1tka, dokonce jsem s nimi \u0161la i na ob\u011bd, a po hodin\u011b a p\u016fl jsem si p\u0159ipadala \u00fapln\u011b vy\u010dlen\u011bn\u00e1 ze spole\u010dnosti. Ale \u00fapln\u011b! Sed\u011bla jsem tam, p\u0159i\u0161la \u010d\u00ed\u0161nice, na n\u011bco se ptala, kolegyn\u011b j\u00ed odpov\u00eddaly, kolem se bavili lid\u00e9 a j\u00e1 nev\u011bd\u011bla, co se d\u011bje, p\u0159ipadala jsem si jako za clonou, jako naprost\u00fd vyvr\u017eenec,&#8220; popisuje.<\/p>\n<p>Vyzkou\u0161ela si p\u0159itom pocity i dal\u0161\u00edch posti\u017een\u00fdch.<\/p>\n<p>T\u0159eba s pomoc\u00ed br\u00fdl\u00ed, kter\u00e9 simuluj\u00ed nejr\u016fzn\u011bj\u0161\u00ed vady zraku nebo \u00faplnou slepotu, jezdila i na invalidn\u00edm voz\u00edku.<\/p>\n<p>Hluchota v\u0161ak podle n\u00ed byla nejhor\u0161\u00ed. &#8222;A to ani nemluv\u00edm o lidech, kte\u0159\u00ed jsou nejen hlu\u0161\u00ed, ale z\u00e1rove\u0148 slep\u00ed a n\u011bm\u00ed. S t\u011bmi se m\u016f\u017eete dorozum\u00edvat jen vy\u0165uk\u00e1v\u00e1n\u00edm p\u00edsmen do dlan\u011b. To \u0161kolen\u00ed \u00fapln\u011b zm\u011bnilo m\u016fj p\u0159\u00edstup k lidem,&#8220; sv\u011b\u0159uje se.<\/p>\n<p>&#8222;P\u0159i ka\u017edodenn\u00edm jedn\u00e1n\u00ed s klienty na p\u0159ep\u00e1\u017ece si si n\u011bkdy \u0159\u00edk\u00e1te: To je ale protiva! Jen\u017ee nemus\u00ed j\u00edt o &#8222;prudi\u010de&#8220;, ale o p\u0159\u00edmo modelov\u00fd popis chov\u00e1n\u00ed \u010dlov\u011bka s poruchou psychiky. Najednou se na lidi za\u010dnete d\u00edvat jinak. Uv\u011bdomila jsem si tak\u00e9, \u017ee zeptat se klienta, jestli \u0161patn\u011b sly\u0161\u00ed nebo vid\u00ed, p\u0159\u00edpadn\u011b m\u00e1 jin\u00fd probl\u00e9m, nen\u00ed neslu\u0161nost, ale naopak podan\u00e1 ruka,&#8220; d\u011bl\u00ed se o vlastn\u00ed zku\u0161enost.<\/p>\n<p>&#8222;Je \u0161koda, \u017ee podobn\u00fd z\u00e1\u017eitek si nemohou vyzkou\u0161et u\u017e d\u011bti na z\u00e1kladn\u00ed \u0161kole. Mysl\u00edm, \u017ee by je to nau\u010dilo chovat se k sob\u011b navz\u00e1jem l\u00edp,&#8220; uzav\u00edr\u00e1.<\/p>\n<p>Libereck\u00fd den\u00edk<br \/>\n<a href=\"http:\/\/www.liberecky.denik.cz\/\">http:\/\/www.liberecky.denik.cz\/<\/a><\/p>\n","protected":false},"excerpt":{"rendered":"<div class=\"mh-excerpt\"><p>Jak\u00e9 je to \u017e\u00edt s hluchotou, za\u017eila mlad\u00e1 \u00fa\u0159ednice jabloneck\u00e9ho \u00fa\u0159adu pr\u00e1ce. V r\u00e1mci semin\u00e1\u0159e o tom, jak jednat s lidmi se zdravotn\u00edm posti\u017een\u00edm, si <a class=\"mh-excerpt-more\" href=\"https:\/\/www.invarena.cz\/?p=30509\" title=\"&#8222;Po hodin\u011b a p\u016fl &#8222;hluchoty&#8220; jsem si p\u0159ipadala vy\u010dlen\u011bn\u00e1 ze spole\u010dnosti&#8220;\">[&#8230;]<\/a><\/p>\n<\/div>","protected":false},"author":1,"featured_media":0,"comment_status":"open","ping_status":"closed","sticky":false,"template":"","format":"standard","meta":{"footnotes":""},"categories":[9],"tags":[],"class_list":["post-30509","post","type-post","status-publish","format-standard","hentry","category-zpravy"],"_links":{"self":[{"href":"https:\/\/www.invarena.cz\/index.php?rest_route=\/wp\/v2\/posts\/30509","targetHints":{"allow":["GET"]}}],"collection":[{"href":"https:\/\/www.invarena.cz\/index.php?rest_route=\/wp\/v2\/posts"}],"about":[{"href":"https:\/\/www.invarena.cz\/index.php?rest_route=\/wp\/v2\/types\/post"}],"author":[{"embeddable":true,"href":"https:\/\/www.invarena.cz\/index.php?rest_route=\/wp\/v2\/users\/1"}],"replies":[{"embeddable":true,"href":"https:\/\/www.invarena.cz\/index.php?rest_route=%2Fwp%2Fv2%2Fcomments&post=30509"}],"version-history":[{"count":0,"href":"https:\/\/www.invarena.cz\/index.php?rest_route=\/wp\/v2\/posts\/30509\/revisions"}],"wp:attachment":[{"href":"https:\/\/www.invarena.cz\/index.php?rest_route=%2Fwp%2Fv2%2Fmedia&parent=30509"}],"wp:term":[{"taxonomy":"category","embeddable":true,"href":"https:\/\/www.invarena.cz\/index.php?rest_route=%2Fwp%2Fv2%2Fcategories&post=30509"},{"taxonomy":"post_tag","embeddable":true,"href":"https:\/\/www.invarena.cz\/index.php?rest_route=%2Fwp%2Fv2%2Ftags&post=30509"}],"curies":[{"name":"wp","href":"https:\/\/api.w.org\/{rel}","templated":true}]}}