{"id":30511,"date":"2018-05-23T18:06:18","date_gmt":"2018-05-23T16:06:18","guid":{"rendered":"http:\/\/www.invarena.cz\/?p=30511"},"modified":"2018-05-23T18:06:18","modified_gmt":"2018-05-23T16:06:18","slug":"bez-letenek-do-australie-zaci-se-vydali-do-zeme-protinozcu","status":"publish","type":"post","link":"https:\/\/www.invarena.cz\/?p=30511","title":{"rendered":"Bez letenek do Austr\u00e1lie. \u017d\u00e1ci se vydali do zem\u011b protino\u017ec\u016f"},"content":{"rendered":"<p><strong>Na programu N\u00e1chodsk\u00e9 Prima sez\u00f3ny byl tak\u00e9 u\u017e IX. ro\u010dn\u00edk Hudebn\u011b-divadeln\u00edho festivalu pro \u017e\u00e1ky speci\u00e1ln\u00edch \u0161kol regionu s mezin\u00e1rodn\u00ed \u00fa\u010dast\u00ed.<\/strong><!--more--><\/p>\n<p>Cel\u00fd \u010dl\u00e1nek <a href=\"https:\/\/nachodsky.denik.cz\/zpravy_region\/bez-letenek-do-australie-zaci-se-vydali-do-zeme-protinozcu-20180522.html\">ZDE<\/a><\/p>\n","protected":false},"excerpt":{"rendered":"<div class=\"mh-excerpt\"><p>Na programu N\u00e1chodsk\u00e9 Prima sez\u00f3ny byl tak\u00e9 u\u017e IX. ro\u010dn\u00edk Hudebn\u011b-divadeln\u00edho festivalu pro \u017e\u00e1ky speci\u00e1ln\u00edch \u0161kol regionu s mezin\u00e1rodn\u00ed \u00fa\u010dast\u00ed.<\/p>\n<\/div>","protected":false},"author":1,"featured_media":0,"comment_status":"open","ping_status":"closed","sticky":false,"template":"","format":"standard","meta":{"footnotes":""},"categories":[9],"tags":[],"class_list":["post-30511","post","type-post","status-publish","format-standard","hentry","category-zpravy"],"_links":{"self":[{"href":"https:\/\/www.invarena.cz\/index.php?rest_route=\/wp\/v2\/posts\/30511","targetHints":{"allow":["GET"]}}],"collection":[{"href":"https:\/\/www.invarena.cz\/index.php?rest_route=\/wp\/v2\/posts"}],"about":[{"href":"https:\/\/www.invarena.cz\/index.php?rest_route=\/wp\/v2\/types\/post"}],"author":[{"embeddable":true,"href":"https:\/\/www.invarena.cz\/index.php?rest_route=\/wp\/v2\/users\/1"}],"replies":[{"embeddable":true,"href":"https:\/\/www.invarena.cz\/index.php?rest_route=%2Fwp%2Fv2%2Fcomments&post=30511"}],"version-history":[{"count":0,"href":"https:\/\/www.invarena.cz\/index.php?rest_route=\/wp\/v2\/posts\/30511\/revisions"}],"wp:attachment":[{"href":"https:\/\/www.invarena.cz\/index.php?rest_route=%2Fwp%2Fv2%2Fmedia&parent=30511"}],"wp:term":[{"taxonomy":"category","embeddable":true,"href":"https:\/\/www.invarena.cz\/index.php?rest_route=%2Fwp%2Fv2%2Fcategories&post=30511"},{"taxonomy":"post_tag","embeddable":true,"href":"https:\/\/www.invarena.cz\/index.php?rest_route=%2Fwp%2Fv2%2Ftags&post=30511"}],"curies":[{"name":"wp","href":"https:\/\/api.w.org\/{rel}","templated":true}]}}