{"id":30527,"date":"2018-05-25T11:35:03","date_gmt":"2018-05-25T09:35:03","guid":{"rendered":"http:\/\/www.invarena.cz\/?p=30527"},"modified":"2018-05-25T11:35:03","modified_gmt":"2018-05-25T09:35:03","slug":"originalni-video-fokusu-chce-bourat-predsudky-vuci-dusevne-nemocnym","status":"publish","type":"post","link":"https:\/\/www.invarena.cz\/?p=30527","title":{"rendered":"Origin\u00e1ln\u00ed video FOKUSU chce bourat p\u0159edsudky v\u016f\u010di du\u0161evn\u011b nemocn\u00fdm"},"content":{"rendered":"<p><strong>S origin\u00e1ln\u00edm n\u00e1padem p\u0159i\u0161el FOKUS Vyso\u010dina v Havl\u00ed\u010dkov\u011b Brod\u011b. P\u0159ipravil takzvan\u00e9 destigmatiza\u010dn\u00ed video, kde se sna\u017e\u00ed uk\u00e1zat, s jak\u00fdmi p\u0159edsudky se musej\u00ed ve spole\u010dnosti pot\u00fdkat lid\u00e9 t\u011blesn\u011b \u010di du\u0161evn\u011b posti\u017een\u00ed.<\/strong> <!--more--><\/p>\n<p>Cel\u00fd \u010dl\u00e1nek <a href=\"https:\/\/havlickobrodsky.denik.cz\/zpravy_region\/originalni-video-fokusu-chce-bourat-predsudky-vuci-dusevne-nemocnym-20180524.html\">ZDE<\/a><\/p>\n","protected":false},"excerpt":{"rendered":"<div class=\"mh-excerpt\"><p>S origin\u00e1ln\u00edm n\u00e1padem p\u0159i\u0161el FOKUS Vyso\u010dina v Havl\u00ed\u010dkov\u011b Brod\u011b. P\u0159ipravil takzvan\u00e9 destigmatiza\u010dn\u00ed video, kde se sna\u017e\u00ed uk\u00e1zat, s jak\u00fdmi p\u0159edsudky se musej\u00ed ve spole\u010dnosti pot\u00fdkat <a class=\"mh-excerpt-more\" href=\"https:\/\/www.invarena.cz\/?p=30527\" title=\"Origin\u00e1ln\u00ed video FOKUSU chce bourat p\u0159edsudky v\u016f\u010di du\u0161evn\u011b nemocn\u00fdm\">[&#8230;]<\/a><\/p>\n<\/div>","protected":false},"author":1,"featured_media":21147,"comment_status":"open","ping_status":"closed","sticky":false,"template":"","format":"standard","meta":{"footnotes":""},"categories":[9],"tags":[],"class_list":["post-30527","post","type-post","status-publish","format-standard","has-post-thumbnail","hentry","category-zpravy"],"_links":{"self":[{"href":"https:\/\/www.invarena.cz\/index.php?rest_route=\/wp\/v2\/posts\/30527","targetHints":{"allow":["GET"]}}],"collection":[{"href":"https:\/\/www.invarena.cz\/index.php?rest_route=\/wp\/v2\/posts"}],"about":[{"href":"https:\/\/www.invarena.cz\/index.php?rest_route=\/wp\/v2\/types\/post"}],"author":[{"embeddable":true,"href":"https:\/\/www.invarena.cz\/index.php?rest_route=\/wp\/v2\/users\/1"}],"replies":[{"embeddable":true,"href":"https:\/\/www.invarena.cz\/index.php?rest_route=%2Fwp%2Fv2%2Fcomments&post=30527"}],"version-history":[{"count":0,"href":"https:\/\/www.invarena.cz\/index.php?rest_route=\/wp\/v2\/posts\/30527\/revisions"}],"wp:featuredmedia":[{"embeddable":true,"href":"https:\/\/www.invarena.cz\/index.php?rest_route=\/wp\/v2\/media\/21147"}],"wp:attachment":[{"href":"https:\/\/www.invarena.cz\/index.php?rest_route=%2Fwp%2Fv2%2Fmedia&parent=30527"}],"wp:term":[{"taxonomy":"category","embeddable":true,"href":"https:\/\/www.invarena.cz\/index.php?rest_route=%2Fwp%2Fv2%2Fcategories&post=30527"},{"taxonomy":"post_tag","embeddable":true,"href":"https:\/\/www.invarena.cz\/index.php?rest_route=%2Fwp%2Fv2%2Ftags&post=30527"}],"curies":[{"name":"wp","href":"https:\/\/api.w.org\/{rel}","templated":true}]}}