{"id":30568,"date":"2018-06-04T18:54:05","date_gmt":"2018-06-04T16:54:05","guid":{"rendered":"http:\/\/www.invarena.cz\/?p=30568"},"modified":"2018-06-04T18:54:05","modified_gmt":"2018-06-04T16:54:05","slug":"komu-je-dlouhodobe-osetrovne-urceno-a-kdo-novou-davku-muze-cerpat","status":"publish","type":"post","link":"https:\/\/www.invarena.cz\/?p=30568","title":{"rendered":"Komu je dlouhodob\u00e9 o\u0161et\u0159ovn\u00e9 ur\u010deno a kdo novou d\u00e1vku m\u016f\u017ee \u010derpat?"},"content":{"rendered":"<p><strong>Letos od 1. \u010dervna si lze poprv\u00e9 po\u017e\u00e1dat o novou d\u00e1vku nemocensk\u00e9ho poji\u0161t\u011bn\u00ed \u2013 dlouhodob\u00e9 o\u0161et\u0159ovn\u00e9. Tato a\u017e 90denn\u00ed d\u00e1vka umo\u017en\u00ed lidem z\u016fstat doma v situaci, kdy budou pe\u010dovat o \u010dlena rodiny, kter\u00fd byl hospitalizov\u00e1n po dobu nejm\u00e9n\u011b 7 dn\u00ed a u kter\u00e9ho o\u0161et\u0159uj\u00edc\u00ed l\u00e9ka\u0159 zdravotnick\u00e9ho za\u0159\u00edzen\u00ed poskytuj\u00edc\u00edho l\u016f\u017ekovou p\u00e9\u010di (zpravidla nemocnice) rozhodl, \u017ee jeho zdravotn\u00ed stav vy\u017eaduje po propu\u0161t\u011bn\u00ed z hospitalizace dom\u00e1c\u00ed celodenn\u00ed p\u00e9\u010di po dobu nejm\u00e9n\u011b 30 dn\u00ed.<\/strong><br \/>\n<!--more--><br \/>\n\u201eAby v\u016fbec vznikl na dlouhodob\u00e9 o\u0161et\u0159ovn\u00e9 n\u00e1rok, mus\u00ed b\u00fdt spln\u011bny z\u00e1konem dan\u00e9 podm\u00ednky. A ty se vztahuj\u00ed jak na osoby, kter\u00e9 podle rozhodnut\u00ed l\u00e9ka\u0159e nemocnice pot\u0159ebuj\u00ed dlouhodobou p\u00e9\u010di, tak na pe\u010duj\u00edc\u00ed osoby,\u201c sd\u011blil zastupuj\u00edc\u00ed \u00fast\u0159edn\u00ed \u0159editel \u010cSSZ Pavel Krej\u010d\u00ed a doplnil: \u201eVzhledem k tomu, \u017ee l\u00e9ka\u0159 nebude moci rozhodnut\u00ed o pot\u0159eb\u011b dlouhodob\u00e9 p\u00e9\u010de vydat zp\u011btn\u011b, doporu\u010duje se po\u017e\u00e1dat o n\u011b p\u0159i propu\u0161t\u011bn\u00ed z hospitalizace, kter\u00e1 trvala nejm\u00e9n\u011b 7 dn\u00ed, v\u017edy kdy\u017e l\u00e9ka\u0159 usoud\u00ed, \u017ee zdravotn\u00ed stav o\u0161et\u0159ovan\u00e9 osoby bude vy\u017eadovat celodenn\u00ed p\u00e9\u010di alespo\u0148 dal\u0161\u00edch 30 kalend\u00e1\u0159n\u00edch dn\u016f.\u201c Plat\u00ed to i v p\u0159\u00edpad\u011b, kdy m\u00e1 p\u00e9\u010di v dom\u00e1c\u00edm prost\u0159ed\u00ed poskytovat prvotn\u011b o\u0161et\u0159uj\u00edc\u00ed osoba, kter\u00e9 se nebude dlouhodob\u00e9 o\u0161et\u0159ovn\u00e9 vypl\u00e1cet (nap\u0159. z d\u016fvodu, \u017ee nen\u00ed zam\u011bstn\u00e1na). V budoucnu v\u0161ak m\u016f\u017ee doj\u00edt k vyst\u0159\u00edd\u00e1n\u00ed pe\u010duj\u00edc\u00edch osob a bez vystaven\u00e9ho rozhodnut\u00ed o pot\u0159eb\u011b dlouhodob\u00e9 p\u00e9\u010de by dal\u0161\u00ed st\u0159\u00eddaj\u00edc\u00ed osoby nemohly na d\u00e1vku uplatnit n\u00e1rok.<\/p>\n<p>V jak\u00fdch situac\u00edch l\u00e9ka\u0159 vystav\u00ed rozhodnut\u00ed o pot\u0159eb\u011b dlouhodob\u00e9 p\u00e9\u010de?<\/p>\n<p>V p\u0159\u00edpad\u011b z\u00e1va\u017en\u00e9ho zhor\u0161en\u00ed zdravotn\u00edho stavu z d\u016fvodu v\u00e1\u017en\u00e9 nenad\u00e1l\u00e9 nemoci nebo \u00farazu, po n\u011bm\u017e n\u00e1sledovala hospitalizace ve zdravotnick\u00e9m za\u0159\u00edzen\u00ed, kter\u00e1 trvala alespo\u0148 7 kalend\u00e1\u0159n\u00edch dn\u016f po sob\u011b jdouc\u00edch, a sou\u010dasn\u011b o\u0161et\u0159uj\u00edc\u00ed l\u00e9ka\u0159 zdravotnick\u00e9ho za\u0159\u00edzen\u00ed poskytuj\u00edc\u00edho l\u016f\u017ekovou p\u00e9\u010di usoudil, \u017ee zdravotn\u00ed stav propou\u0161t\u011bn\u00e9 osoby do dom\u00e1c\u00edho prost\u0159ed\u00ed bude nezbytn\u011b vy\u017eadovat poskytov\u00e1n\u00ed celodenn\u00ed p\u00e9\u010de alespo\u0148 po dobu n\u00e1sleduj\u00edc\u00edch 30 kalend\u00e1\u0159n\u00edch dn\u016f. Smyslem dlouhodob\u00e9ho o\u0161et\u0159ovn\u00e9ho je usnadnit p\u00e9\u010di o v\u00e1\u017en\u011b nemocn\u00e9 a zdravotn\u011b posti\u017een\u00e9 osoby, u kter\u00fdch nastalo z\u00e1va\u017en\u00e9 akutn\u00ed zhor\u0161en\u00ed zdravotn\u00edho stavu. Nen\u00ed prim\u00e1rn\u011b ur\u010deno pro situace, kdy doch\u00e1z\u00ed ke kol\u00edsav\u00e9mu zhor\u0161ov\u00e1n\u00ed chronick\u00e9ho nep\u0159\u00edzniv\u00e9ho zdravotn\u00edho stavu nebo je nap\u0159. zah\u00e1jena rekonvalescence po pl\u00e1novan\u00fdch v\u00fdkonech (jako nap\u0159. v\u00fdm\u011bna kloubu, transplantace apod.).<\/p>\n<p>Poprv\u00e9 budou moci o\u0161et\u0159uj\u00edc\u00ed l\u00e9ka\u0159i zdravotnick\u00e9ho za\u0159\u00edzen\u00ed poskytuj\u00edc\u00edho l\u016f\u017ekovou p\u00e9\u010di vystavit rozhodnut\u00ed o pot\u0159eb\u011b dlouhodob\u00e9 p\u00e9\u010de 1. \u010dervna, av\u0161ak za p\u0159edpokladu, \u017ee jde alespo\u0148 o sedm\u00fd den hospitalizace propou\u0161t\u011bn\u00e9 osoby.<\/p>\n<p>Jak\u00e9 jsou podm\u00ednky pro n\u00e1rok na dlouhodob\u00e9 o\u0161et\u0159ovn\u00e9?<\/p>\n<p>Aby mohla b\u00fdt d\u00e1vka o\u0161et\u0159uj\u00edc\u00ed osob\u011b vypl\u00e1cena, je z\u00e1kladn\u00ed podm\u00ednkou jej\u00ed \u00fa\u010dast na nemocensk\u00e9m poji\u0161t\u011bn\u00ed, tj. nap\u0159. trv\u00e1n\u00ed zam\u011bstn\u00e1n\u00ed, kter\u00e9 zalo\u017eilo \u00fa\u010dast na poji\u0161t\u011bn\u00ed v dob\u011b n\u00e1stupu na tuto d\u00e1vku (z p\u0159\u00edjmu ze zam\u011bstn\u00e1n\u00ed je odv\u00e1d\u011bno pojistn\u00e9 na soci\u00e1ln\u00ed zabezpe\u010den\u00ed). P\u0159itom plat\u00ed, \u017ee p\u0159ed za\u010d\u00e1tkem \u010derp\u00e1n\u00ed d\u00e1vky trvala \u00fa\u010dast na nemocensk\u00e9m poji\u0161t\u011bn\u00ed u zam\u011bstnance alespo\u0148 po dobu 90 kalend\u00e1\u0159n\u00edch dn\u016f v posledn\u00edch 4 m\u011bs\u00edc\u00edch. U osob samostatn\u011b v\u00fdd\u011ble\u010dn\u011b \u010dinn\u00fdch (OSV\u010c) mus\u00ed b\u00fdt pro n\u00e1rok na d\u00e1vku spln\u011bna podm\u00ednka dobrovoln\u00e9 \u00fa\u010dasti na nemocensk\u00e9m poji\u0161t\u011bn\u00ed OSV\u010c alespo\u0148 po dobu 3 m\u011bs\u00edc\u016f bezprost\u0159edn\u011b p\u0159edch\u00e1zej\u00edc\u00edch dni n\u00e1stupu na dlouhodob\u00e9 o\u0161et\u0159ovn\u00e9. OSV\u010c nesm\u00ed v dob\u011b pob\u00edr\u00e1n\u00ed t\u00e9to d\u00e1vky vykon\u00e1vat osobn\u011b samostatnou v\u00fdd\u011ble\u010dnou \u010dinnost.<\/p>\n<p>Specifickou podm\u00ednkou pro n\u00e1rok na dlouhodob\u00e9 o\u0161et\u0159ovn\u00e9 je, \u017ee o\u0161et\u0159ovan\u00e1 osoba ud\u011blila souhlas s poskytov\u00e1n\u00edm dlouhodob\u00e9 p\u00e9\u010de o\u0161et\u0159uj\u00edc\u00ed osob\u011b, a to na tiskopise \u017e\u00e1dosti o d\u00e1vku. U nezletil\u00fdch osob, kter\u00e9 nenabyly pln\u00e9 sv\u00e9pr\u00e1vnosti, se ud\u011blen\u00ed souhlasu s poskytov\u00e1n\u00edm dlouhodob\u00e9 p\u00e9\u010de nevy\u017eaduje.<\/p>\n<p>Komu budou okresn\u00ed spr\u00e1vy soci\u00e1ln\u00edho zabezpe\u010den\u00ed vypl\u00e1cet dlouhodob\u00e9 o\u0161et\u0159ovn\u00e9?<\/p>\n<p>Okruh osob, kter\u00e9 mohou br\u00e1t dlouhodob\u00e9 o\u0161et\u0159ovn\u00e9 z d\u016fvodu poskytov\u00e1n\u00ed dlouhodob\u00e9 p\u00e9\u010de, je pom\u011brn\u011b \u0161irok\u00fd. Mohou jimi b\u00fdt p\u0159\u00edbuzn\u00ed (nap\u0159. man\u017eelka, dosp\u011bl\u00fd potomek, tchyn\u011b, \u0161vagr, nete\u0159 nebo snacha apod.) osoby vy\u017eaduj\u00edc\u00ed dlouhodobou p\u00e9\u010di. D\u00e1le to tak\u00e9 m\u016f\u017ee b\u00fdt druh nebo dru\u017eka o\u0161et\u0159ovan\u00e9 osoby anebo osoba \u017eij\u00edc\u00ed s o\u0161et\u0159ovanou osobou v dom\u00e1cnosti. U osob bez p\u0159\u00edm\u00e9ho p\u0159\u00edbuzensk\u00e9ho vztahu je z\u00e1konem stanovena podm\u00ednka spole\u010dn\u00e9ho m\u00edsta trval\u00e9ho pobytu s osobou, kter\u00e9 je poskytov\u00e1na celodenn\u00ed p\u00e9\u010de.<\/p>\n<p>Jak\u00e9 doklady jsou pot\u0159eba a jak se o d\u00e1vku \u017e\u00e1d\u00e1?<\/p>\n<p>N\u00e1rok na dlouhodob\u00e9 o\u0161et\u0159ovn\u00e9 se bude uplat\u0148ovat prost\u0159ednictv\u00edm n\u011bkolika p\u0159edepsan\u00fdch tiskopis\u016f, n\u011bkter\u00e9 vystavuje pouze o\u0161et\u0159uj\u00edc\u00ed l\u00e9ka\u0159 zdravotnick\u00e9ho za\u0159\u00edzen\u00ed l\u016f\u017ekov\u00e9 \u010di ambulantn\u00ed p\u00e9\u010de, jin\u00e9 vypln\u00ed \u017eadatel o d\u00e1vku spolu s osobou, o kterou bude pe\u010dovat. OSV\u010c doklady p\u0159ed\u00e1vaj\u00ed p\u0159\u00edmo \u201esv\u00e9\u201c OSSZ, u kter\u00e9 jsou registrov\u00e1ny, zam\u011bstnanec je OSSZ p\u0159ed\u00e1 prost\u0159ednictv\u00edm sv\u00e9ho zam\u011bstnavatele.<\/p>\n<p>Jak je to s omluven\u00edm nep\u0159\u00edtomnosti v pr\u00e1ci po dobu dlouhodob\u00e9 p\u00e9\u010de?<\/p>\n<p>Podle z\u00e1kon\u00edku pr\u00e1ce ud\u011bluje zam\u011bstnavatel zam\u011bstnanci souhlas s nep\u0159\u00edtomnost\u00ed v pr\u00e1ci k poskytov\u00e1n\u00ed dlouhodob\u00e9 p\u00e9\u010de. Zpravidla tak u\u010din\u00ed na z\u00e1klad\u011b p\u0159edlo\u017een\u00e9ho tiskopisu \u017d\u00e1dost o dlouhodob\u00e9 o\u0161et\u0159ovn\u00e9. Zam\u011bstnavatel nen\u00ed povinen tento souhlas ud\u011blit jen v p\u0159\u00edpad\u011b, \u017ee tomu br\u00e1n\u00ed v\u00e1\u017en\u00e9 provozn\u00ed probl\u00e9my. Neud\u011blen\u00ed souhlasu zam\u011bstnavatel ozn\u00e1m\u00ed a zd\u016fvodn\u00ed zam\u011bstnanci p\u00edsemn\u011b. Pokud zam\u011bstnanec bude m\u00edt za to, \u017ee zam\u011bstnavatelem uveden\u00e9 provozn\u00ed d\u016fvody by ud\u011blen\u00ed souhlasu nem\u011bly br\u00e1nit, m\u00e1 mo\u017enost obr\u00e1tit se na oblastn\u00ed inspektor\u00e1t pr\u00e1ce.<\/p>\n<p>Po jak dlouhou dobu je dlouhodob\u00e9 o\u0161et\u0159ovn\u00e9 vypl\u00e1ceno a je mo\u017en\u00e9 se vyst\u0159\u00eddat?<\/p>\n<p>D\u00e1vka se poskytuje maxim\u00e1ln\u011b 90 kalend\u00e1\u0159n\u00edch dn\u016f ode dne vzniku pot\u0159eby dlouhodob\u00e9 p\u00e9\u010de, tj. nejd\u0159\u00edve od sedm\u00e9ho dne hospitalizace. V p\u0159\u00edpad\u011b, \u017ee je o\u0161et\u0159ovan\u00e1 osoba op\u011btovn\u011b hospitalizovan\u00e1, nebude o\u0161et\u0159uj\u00edc\u00ed osob\u011b za dobu hospitalizace (s v\u00fdjimkou prvn\u00edho a posledn\u00edho dne hospitalizace) dlouhodob\u00e9 o\u0161et\u0159ovn\u00e9 vyplaceno. B\u011bhem \u010derp\u00e1n\u00ed dlouhodob\u00e9ho o\u0161et\u0159ovn\u00e9ho je mo\u017en\u00e9 se vyst\u0159\u00eddat nap\u0159. s jin\u00fdm \u010dlenem rodiny, av\u0161ak v\u017edy pouze po cel\u00fdch dnech a se souhlasem osoby, kter\u00e9 je p\u00e9\u010de poskytov\u00e1na. V p\u0159\u00edpad\u011b pravideln\u00e9ho st\u0159\u00edd\u00e1n\u00ed o\u0161et\u0159uj\u00edc\u00ed osoba k \u017e\u00e1dosti o d\u00e1vku p\u0159ilo\u017e\u00ed rozpis (harmonogram), ve kter\u00fdch dnech bude poskytovat p\u00e9\u010di; i na rozpisu mus\u00ed b\u00fdt uveden souhlas o\u0161et\u0159ovan\u00e9 osoby.<\/p>\n<p>O\u0161et\u0159uj\u00edc\u00ed osob\u011b m\u016f\u017ee dal\u0161\u00ed n\u00e1rok na dlouhodob\u00e9 o\u0161et\u0159ovn\u00e9 (u t\u00e9ho\u017e \u010di jin\u00e9ho \u010dlena rodiny) vzniknout nejd\u0159\u00edve po uplynut\u00ed 12 m\u011bs\u00edc\u016f ode dne, za kter\u00fd m\u011bla naposledy vyplaceno dlouhodob\u00e9 o\u0161et\u0159ovn\u00e9.<\/p>\n<p>Kalkula\u010dka pro v\u00fdpo\u010det v\u00fd\u0161e d\u00e1vky je k dispozici na webu MPSV (<a href=\"http:\/\/www.mpsv.cz\/cs\/11580\">www.mpsv.cz\/cs\/11580<\/a>). Dal\u0161\u00ed praktick\u00e9 informace shrnuje let\u00e1k, kter\u00fd je dostupn\u00fd na webu \u010cSSZ nebo na OSSZ.<\/p>\n<p>Vladim\u00edr \u0158epka<br \/>\ntiskov\u00fd mluv\u010d\u00ed a vedouc\u00ed tiskov\u00e9ho odd\u011blen\u00ed Ministerstva pr\u00e1ce a soci\u00e1ln\u00edch v\u011bc\u00ed<\/p>\n<p>Jana Bura\u0148ov\u00e1<br \/>\ntiskov\u00e1 mluv\u010d\u00ed<br \/>\n\u010cesk\u00e9 spr\u00e1vy soci\u00e1ln\u00edho zabezpe\u010den\u00ed<\/p>\n","protected":false},"excerpt":{"rendered":"<div class=\"mh-excerpt\"><p>Letos od 1. \u010dervna si lze poprv\u00e9 po\u017e\u00e1dat o novou d\u00e1vku nemocensk\u00e9ho poji\u0161t\u011bn\u00ed \u2013 dlouhodob\u00e9 o\u0161et\u0159ovn\u00e9. Tato a\u017e 90denn\u00ed d\u00e1vka umo\u017en\u00ed lidem z\u016fstat doma v <a class=\"mh-excerpt-more\" href=\"https:\/\/www.invarena.cz\/?p=30568\" title=\"Komu je dlouhodob\u00e9 o\u0161et\u0159ovn\u00e9 ur\u010deno a kdo novou d\u00e1vku m\u016f\u017ee \u010derpat?\">[&#8230;]<\/a><\/p>\n<\/div>","protected":false},"author":1,"featured_media":17515,"comment_status":"open","ping_status":"closed","sticky":false,"template":"","format":"standard","meta":{"footnotes":""},"categories":[1,9],"tags":[],"class_list":["post-30568","post","type-post","status-publish","format-standard","has-post-thumbnail","hentry","category-nezarazene","category-zpravy"],"_links":{"self":[{"href":"https:\/\/www.invarena.cz\/index.php?rest_route=\/wp\/v2\/posts\/30568","targetHints":{"allow":["GET"]}}],"collection":[{"href":"https:\/\/www.invarena.cz\/index.php?rest_route=\/wp\/v2\/posts"}],"about":[{"href":"https:\/\/www.invarena.cz\/index.php?rest_route=\/wp\/v2\/types\/post"}],"author":[{"embeddable":true,"href":"https:\/\/www.invarena.cz\/index.php?rest_route=\/wp\/v2\/users\/1"}],"replies":[{"embeddable":true,"href":"https:\/\/www.invarena.cz\/index.php?rest_route=%2Fwp%2Fv2%2Fcomments&post=30568"}],"version-history":[{"count":0,"href":"https:\/\/www.invarena.cz\/index.php?rest_route=\/wp\/v2\/posts\/30568\/revisions"}],"wp:featuredmedia":[{"embeddable":true,"href":"https:\/\/www.invarena.cz\/index.php?rest_route=\/wp\/v2\/media\/17515"}],"wp:attachment":[{"href":"https:\/\/www.invarena.cz\/index.php?rest_route=%2Fwp%2Fv2%2Fmedia&parent=30568"}],"wp:term":[{"taxonomy":"category","embeddable":true,"href":"https:\/\/www.invarena.cz\/index.php?rest_route=%2Fwp%2Fv2%2Fcategories&post=30568"},{"taxonomy":"post_tag","embeddable":true,"href":"https:\/\/www.invarena.cz\/index.php?rest_route=%2Fwp%2Fv2%2Ftags&post=30568"}],"curies":[{"name":"wp","href":"https:\/\/api.w.org\/{rel}","templated":true}]}}