{"id":30592,"date":"2018-06-12T11:20:24","date_gmt":"2018-06-12T09:20:24","guid":{"rendered":"http:\/\/www.invarena.cz\/?p=30592"},"modified":"2018-06-13T11:33:47","modified_gmt":"2018-06-13T09:33:47","slug":"deti-z-tuchlova-vyrazily-na-kolech-k-baltu-jde-o-charitu","status":"publish","type":"post","link":"https:\/\/www.invarena.cz\/?p=30592","title":{"rendered":"D\u011bti z Tuchlova vyrazily na kolech k Baltu. Jde o charitu"},"content":{"rendered":"<p><strong>Cestu k Baltu na kolech letos po vzoru D\u011btsk\u00e9ho domova v Krompachu absolvuj\u00ed d\u011bti z D\u011btsk\u00e9ho domova Tuchlov.<\/strong> <!--more--><\/p>\n<p>B\u00edlinsko \u2013 Patrik, Tom\u00e1\u0161, Nikol, Josef a Radek ve v\u011bku od \u010dtrn\u00e1cti do dvaadvaceti let za doprovodu str\u00fdc\u016f se rozhodli, \u017ee ve ve\u0159ejn\u00e9 sb\u00edrce, kter\u00e1 je s &#8222;v\u00fdletem&#8220; spojena, vyberou co nejv\u00edce pen\u011bz pro Milo\u0161e \u2013 v\u00fdrobce hanbikov\u00fdch kol pro posti\u017een\u00e9 d\u011bti a Domov d\u016fchodc\u016f v Byst\u0159anech.<\/p>\n<p>V\u010dera r\u00e1no se pos\u00e1dka s podporou filantropa Tom\u00e1\u0161e Slavaty vydala na cestu dlouhou 580 km sm\u011brem k Baltsk\u00e9mu mo\u0159i. Akci podporuje Nada\u010dn\u00ed fond pomoci, kter\u00fd vybranou \u010d\u00e1stku zdvojn\u00e1sob\u00ed zlat\u00fdm \u0159ezem. P\u011btici odv\u00e1\u017elivc\u016f spolu s herci Cirk La Putyka lze sledovat na facebookov\u00e9 ud\u00e1losti Cesta k Baltu Volume II. Ve\u0159ejn\u00e1 sb\u00edrka prob\u00edh\u00e1 na str\u00e1nk\u00e1ch Nada\u010dn\u00edho fondu pomoci. <a href=\"http:\/\/www.nfpomoci.cz\" target=\"_blank\" rel=\"noopener noreferrer\">www.nfpomoci.cz<\/a>.<\/p>\n<p>Teplick\u00fd den\u00edk<br \/>\n<a href=\"http:\/\/www.teplicky.denik.cz\/\" target=\"_blank\" rel=\"noopener noreferrer\">http:\/\/www.teplicky.denik.cz\/<\/a><\/p>\n","protected":false},"excerpt":{"rendered":"<div class=\"mh-excerpt\"><p>Cestu k Baltu na kolech letos po vzoru D\u011btsk\u00e9ho domova v Krompachu absolvuj\u00ed d\u011bti z D\u011btsk\u00e9ho domova Tuchlov.<\/p>\n<\/div>","protected":false},"author":1,"featured_media":23431,"comment_status":"open","ping_status":"closed","sticky":false,"template":"","format":"standard","meta":{"footnotes":""},"categories":[9],"tags":[],"class_list":["post-30592","post","type-post","status-publish","format-standard","has-post-thumbnail","hentry","category-zpravy"],"_links":{"self":[{"href":"https:\/\/www.invarena.cz\/index.php?rest_route=\/wp\/v2\/posts\/30592","targetHints":{"allow":["GET"]}}],"collection":[{"href":"https:\/\/www.invarena.cz\/index.php?rest_route=\/wp\/v2\/posts"}],"about":[{"href":"https:\/\/www.invarena.cz\/index.php?rest_route=\/wp\/v2\/types\/post"}],"author":[{"embeddable":true,"href":"https:\/\/www.invarena.cz\/index.php?rest_route=\/wp\/v2\/users\/1"}],"replies":[{"embeddable":true,"href":"https:\/\/www.invarena.cz\/index.php?rest_route=%2Fwp%2Fv2%2Fcomments&post=30592"}],"version-history":[{"count":0,"href":"https:\/\/www.invarena.cz\/index.php?rest_route=\/wp\/v2\/posts\/30592\/revisions"}],"wp:featuredmedia":[{"embeddable":true,"href":"https:\/\/www.invarena.cz\/index.php?rest_route=\/wp\/v2\/media\/23431"}],"wp:attachment":[{"href":"https:\/\/www.invarena.cz\/index.php?rest_route=%2Fwp%2Fv2%2Fmedia&parent=30592"}],"wp:term":[{"taxonomy":"category","embeddable":true,"href":"https:\/\/www.invarena.cz\/index.php?rest_route=%2Fwp%2Fv2%2Fcategories&post=30592"},{"taxonomy":"post_tag","embeddable":true,"href":"https:\/\/www.invarena.cz\/index.php?rest_route=%2Fwp%2Fv2%2Ftags&post=30592"}],"curies":[{"name":"wp","href":"https:\/\/api.w.org\/{rel}","templated":true}]}}