{"id":30595,"date":"2018-06-13T12:47:21","date_gmt":"2018-06-13T10:47:21","guid":{"rendered":"http:\/\/www.invarena.cz\/?p=30595"},"modified":"2018-06-13T12:47:21","modified_gmt":"2018-06-13T10:47:21","slug":"vesela-mathilda-sobotni-soutez-pro-nevidome-a-jejich-psy","status":"publish","type":"post","link":"https:\/\/www.invarena.cz\/?p=30595","title":{"rendered":"Vesel\u00e1 Mathilda. Sobotn\u00ed sout\u011b\u017e pro nevidom\u00e9 a jejich psy"},"content":{"rendered":"<p><strong>V sobotu 16. \u010dervna po\u0159\u00e1d\u00e1 Nada\u010dn\u00ed fond Mathilda t\u0159et\u00ed ro\u010dn\u00edk sout\u011b\u017ee pro nevidom\u00e9 a jejich vodic\u00ed psy. Na N\u00e1m\u011bst\u00ed M\u00edru v Praze 2 a v jeho okol\u00ed m\u016f\u017eete vid\u011bt pr\u00e1ci vodic\u00edch ps\u016f.<\/strong><!--more--><\/p>\n<p>Cel\u00fd \u010dl\u00e1nek <a href=\"https:\/\/www.prazskypatriot.cz\/vesela-mathilda-sobotni-soutez-pro-nevidome-a-jejich-psy\/\" target=\"_blank\" rel=\"noopener noreferrer\">ZDE<\/a><\/p>\n","protected":false},"excerpt":{"rendered":"<div class=\"mh-excerpt\"><p>V sobotu 16. \u010dervna po\u0159\u00e1d\u00e1 Nada\u010dn\u00ed fond Mathilda t\u0159et\u00ed ro\u010dn\u00edk sout\u011b\u017ee pro nevidom\u00e9 a jejich vodic\u00ed psy. Na N\u00e1m\u011bst\u00ed M\u00edru v Praze 2 a v <a class=\"mh-excerpt-more\" href=\"https:\/\/www.invarena.cz\/?p=30595\" title=\"Vesel\u00e1 Mathilda. Sobotn\u00ed sout\u011b\u017e pro nevidom\u00e9 a jejich psy\">[&#8230;]<\/a><\/p>\n<\/div>","protected":false},"author":1,"featured_media":21014,"comment_status":"open","ping_status":"closed","sticky":false,"template":"","format":"standard","meta":{"footnotes":""},"categories":[9],"tags":[],"class_list":["post-30595","post","type-post","status-publish","format-standard","has-post-thumbnail","hentry","category-zpravy"],"_links":{"self":[{"href":"https:\/\/www.invarena.cz\/index.php?rest_route=\/wp\/v2\/posts\/30595","targetHints":{"allow":["GET"]}}],"collection":[{"href":"https:\/\/www.invarena.cz\/index.php?rest_route=\/wp\/v2\/posts"}],"about":[{"href":"https:\/\/www.invarena.cz\/index.php?rest_route=\/wp\/v2\/types\/post"}],"author":[{"embeddable":true,"href":"https:\/\/www.invarena.cz\/index.php?rest_route=\/wp\/v2\/users\/1"}],"replies":[{"embeddable":true,"href":"https:\/\/www.invarena.cz\/index.php?rest_route=%2Fwp%2Fv2%2Fcomments&post=30595"}],"version-history":[{"count":0,"href":"https:\/\/www.invarena.cz\/index.php?rest_route=\/wp\/v2\/posts\/30595\/revisions"}],"wp:featuredmedia":[{"embeddable":true,"href":"https:\/\/www.invarena.cz\/index.php?rest_route=\/wp\/v2\/media\/21014"}],"wp:attachment":[{"href":"https:\/\/www.invarena.cz\/index.php?rest_route=%2Fwp%2Fv2%2Fmedia&parent=30595"}],"wp:term":[{"taxonomy":"category","embeddable":true,"href":"https:\/\/www.invarena.cz\/index.php?rest_route=%2Fwp%2Fv2%2Fcategories&post=30595"},{"taxonomy":"post_tag","embeddable":true,"href":"https:\/\/www.invarena.cz\/index.php?rest_route=%2Fwp%2Fv2%2Ftags&post=30595"}],"curies":[{"name":"wp","href":"https:\/\/api.w.org\/{rel}","templated":true}]}}