{"id":30599,"date":"2018-06-13T13:03:30","date_gmt":"2018-06-13T11:03:30","guid":{"rendered":"http:\/\/www.invarena.cz\/?p=30599"},"modified":"2018-06-13T13:03:30","modified_gmt":"2018-06-13T11:03:30","slug":"tvorime-domov-tem-kteri-nas-potrebuji-rika-o-centru-socialnich-sluzeb-praha-2-jeho-reditelka-polanska","status":"publish","type":"post","link":"https:\/\/www.invarena.cz\/?p=30599","title":{"rendered":"Tvo\u0159\u00edme domov t\u011bm, kte\u0159\u00ed n\u00e1s pot\u0159ebuj\u00ed, \u0159\u00edk\u00e1 o Centru soci\u00e1ln\u00edch slu\u017eeb Praha 2 jeho \u0159editelka Polansk\u00e1"},"content":{"rendered":"<p><strong>\u010c\u00edm se p\u0159edev\u0161\u00edm zab\u00fdv\u00e1 Centrum soci\u00e1ln\u00edch slu\u017eeb Praha 2? A v \u010dem spo\u010d\u00edv\u00e1 jeho unik\u00e1tnost? Jak\u00fd je p\u0159\u00edstup k t\u00e9to p\u0159\u00edsp\u011bvkov\u00e9 organizaci druh\u00e9 m\u011bstsk\u00e9 \u010d\u00e1sti? Na tyto a dal\u0161\u00ed ot\u00e1zky odpov\u00eddala \u0159editelka Centra Martina Polansk\u00e1.<\/strong> <!--more--><\/p>\n<p>Cel\u00fd \u010dl\u00e1nek <a href=\"https:\/\/www.prazskypatriot.cz\/tvorime-domov-tem-kteri-nas-potrebuji-rika-o-centru-socialnich-sluzeb-praha-2-jeho-reditelka-polanska\/\" target=\"_blank\" rel=\"noopener noreferrer\">ZDE<\/a><\/p>\n","protected":false},"excerpt":{"rendered":"<div class=\"mh-excerpt\"><p>\u010c\u00edm se p\u0159edev\u0161\u00edm zab\u00fdv\u00e1 Centrum soci\u00e1ln\u00edch slu\u017eeb Praha 2? A v \u010dem spo\u010d\u00edv\u00e1 jeho unik\u00e1tnost? Jak\u00fd je p\u0159\u00edstup k t\u00e9to p\u0159\u00edsp\u011bvkov\u00e9 organizaci druh\u00e9 m\u011bstsk\u00e9 \u010d\u00e1sti? <a class=\"mh-excerpt-more\" href=\"https:\/\/www.invarena.cz\/?p=30599\" title=\"Tvo\u0159\u00edme domov t\u011bm, kte\u0159\u00ed n\u00e1s pot\u0159ebuj\u00ed, \u0159\u00edk\u00e1 o Centru soci\u00e1ln\u00edch slu\u017eeb Praha 2 jeho \u0159editelka Polansk\u00e1\">[&#8230;]<\/a><\/p>\n<\/div>","protected":false},"author":1,"featured_media":0,"comment_status":"open","ping_status":"closed","sticky":false,"template":"","format":"standard","meta":{"footnotes":""},"categories":[9],"tags":[],"class_list":["post-30599","post","type-post","status-publish","format-standard","hentry","category-zpravy"],"_links":{"self":[{"href":"https:\/\/www.invarena.cz\/index.php?rest_route=\/wp\/v2\/posts\/30599","targetHints":{"allow":["GET"]}}],"collection":[{"href":"https:\/\/www.invarena.cz\/index.php?rest_route=\/wp\/v2\/posts"}],"about":[{"href":"https:\/\/www.invarena.cz\/index.php?rest_route=\/wp\/v2\/types\/post"}],"author":[{"embeddable":true,"href":"https:\/\/www.invarena.cz\/index.php?rest_route=\/wp\/v2\/users\/1"}],"replies":[{"embeddable":true,"href":"https:\/\/www.invarena.cz\/index.php?rest_route=%2Fwp%2Fv2%2Fcomments&post=30599"}],"version-history":[{"count":0,"href":"https:\/\/www.invarena.cz\/index.php?rest_route=\/wp\/v2\/posts\/30599\/revisions"}],"wp:attachment":[{"href":"https:\/\/www.invarena.cz\/index.php?rest_route=%2Fwp%2Fv2%2Fmedia&parent=30599"}],"wp:term":[{"taxonomy":"category","embeddable":true,"href":"https:\/\/www.invarena.cz\/index.php?rest_route=%2Fwp%2Fv2%2Fcategories&post=30599"},{"taxonomy":"post_tag","embeddable":true,"href":"https:\/\/www.invarena.cz\/index.php?rest_route=%2Fwp%2Fv2%2Ftags&post=30599"}],"curies":[{"name":"wp","href":"https:\/\/api.w.org\/{rel}","templated":true}]}}