{"id":30610,"date":"2018-06-20T18:05:49","date_gmt":"2018-06-20T16:05:49","guid":{"rendered":"http:\/\/www.invarena.cz\/?p=30610"},"modified":"2018-06-20T18:05:49","modified_gmt":"2018-06-20T16:05:49","slug":"dobrovolnici-loni-odpracovali-pro-fokus-pres-osm-tisic-hodin","status":"publish","type":"post","link":"https:\/\/www.invarena.cz\/?p=30610","title":{"rendered":"Dobrovoln\u00edci loni odpracovali pro Fokus p\u0159es osm tis\u00edc hodin"},"content":{"rendered":"<p><strong>Nejv\u00edc pr\u00e1ce odvedli na Pelh\u0159imovsku ve zdravotnick\u00fdch za\u0159\u00edzen\u00edch. Sv\u016fj z\u00e1b\u011br v\u0161ak letos ro\u0161i\u0159uj\u00ed<\/strong> <!--more--><\/p>\n<p>Pelh\u0159imov \u2013 Dobrovoln\u00edci, kte\u0159\u00ed p\u016fsob\u00ed v pelh\u0159imovsk\u00e9m dobrovolnick\u00e9m centru Fokusu Vyso\u010dina, odpracovali v lo\u0148sk\u00e9m roce na Pelh\u0159imovsku 8 255 hodin. Nejv\u00edc t\u00e9to pr\u00e1ce, za kterou nen\u00ed mzda, odvedli dobrovoln\u00edci ve zdravotnick\u00fdch za\u0159\u00edzen\u00edch.<\/p>\n<p>V leto\u0161n\u00edm roce dobrovolnick\u00fdch hodin nejsp\u00ed\u0161 p\u0159ibude, centrum, kter\u00e9 koordinuje dobrovoln\u00edky na cel\u00e9m pelh\u0159imovsk\u00e9m okrese, roz\u0161\u00ed\u0159ilo sv\u016fj z\u00e1b\u011br do dal\u0161\u00edch organizac\u00ed. &#8222;Prvn\u00ed dobrovolnice za\u010d\u00edn\u00e1 doch\u00e1zet do Domova senior\u016f \u2013 domova d\u016fchodc\u016f Pacov, kde jsme se p\u0159ed n\u011bkolika t\u00fddny dohodli na spolupr\u00e1ci, zahajujeme spolupr\u00e1ci s Nemocnic\u00ed Po\u010d\u00e1tky, s. r. o., kde budou dobrovoln\u00edci pom\u00e1hat v l\u00e9\u010debn\u011b dlouhodob\u011b nemocn\u00fdch a v takzvan\u00e9m domov\u011b se zvl\u00e1\u0161tn\u00edm re\u017eimem,&#8220; pouk\u00e1zala na novinky koordin\u00e1torka dobrovolnick\u00e9ho centra v regionu Pelh\u0159imova Vla\u010fka Br\u00e1vkov\u00e1.<\/p>\n<p>Tradi\u010dn\u00ed c\u00edlovou skupinou dobrovolnick\u00e9 pr\u00e1ce jsou a i loni byli senio\u0159i. &#8222;Dobrovoln\u00edci pom\u00e1haj\u00ed v na\u0161em regionu zejm\u00e9na senior\u016fm, zdravotn\u011b posti\u017een\u00fdm a dlouhodob\u011b nemocn\u00fdm, lidem s du\u0161evn\u00edm onemocn\u011bn\u00edm,&#8220; up\u0159esnila Br\u00e1vkov\u00e1.<\/p>\n<p>Sou\u010dasn\u011b dodala, \u017ee se dobrovoln\u00edci zapojovali tak\u00e9 do akc\u00ed pro d\u011bti a ml\u00e1de\u017e nebo do ekologick\u00fdch aktivit. V domovech pro seniory a nemocnic\u00edch tak\u00e9 loni p\u0159ich\u00e1zeli dobrovoln\u00edci za obyvateli \u010di pacienty t\u0159eba jen kv\u016fli tomu, aby si s nimi popov\u00eddali, p\u0159ed\u010d\u00edtali jim z novin a knih, doprov\u00e1zeli je p\u0159i proch\u00e1zk\u00e1ch. &#8222;V takov\u00fdch p\u0159\u00edpadech se jedn\u00e1 o pravideln\u00e9 dlouhodob\u00e9 dobrovolnictv\u00ed. N\u011bkte\u0159\u00ed na\u0161i stabiln\u00ed dobrovoln\u00edci ji\u017e n\u011bkolik let doch\u00e1zej\u00ed jednou t\u00fddn\u011b nap\u0159\u00edklad na odd\u011blen\u00ed pro dlouhodob\u011b nemocn\u00e9,&#8220; p\u0159ibl\u00ed\u017eila jednu z podob dobrovolnick\u00e9 pr\u00e1ce Vla\u010fka Br\u00e1vkov\u00e1.<\/p>\n<p>V\u00cdC HODIN P\u0158INESE V\u00cdC DOBROVOLN\u00cdK\u016e<\/p>\n<p>Centrum ale koordinovalo dobrovolnickou \u010dinnost rovn\u011b\u017e p\u0159i jednor\u00e1zov\u00fdch akc\u00edch, jak\u00fdmi jsou nap\u0159\u00edklad koncerty, prezentace, sportovn\u00ed akce, d\u011btsk\u00e9 dny nebo t\u0159eba kurzy va\u0159en\u00ed pro u\u017eivatele soci\u00e1ln\u00edch slu\u017eeb.<\/p>\n<p>Dobrovolnick\u00e9 centrum na Pelh\u0159imovsku vzniklo v roce 2002 a v sou\u010dasnosti spolupracuje s dvaceti neziskov\u00fdmi nebo ve\u0159ejn\u011b prosp\u011b\u0161n\u00fdmi organizacemi. &#8222;Do pomoci pot\u0159ebn\u00fdm lidem se ka\u017edoro\u010dn\u011b zapojuje kolem stovky dobrovoln\u00edk\u016f, n\u011bkte\u0159\u00ed z nich p\u016fsob\u00ed i ve v\u00edce organizac\u00edch z\u00e1rove\u0148,&#8220; p\u0159ipomn\u011bla Vla\u010fka Br\u00e1vkov\u00e1. U\u017e te\u010f je jist\u00e9, \u017ee s o\u010dek\u00e1van\u00fdm leto\u0161n\u00edm n\u00e1r\u016fstem po\u010dtu dobrovolnick\u00fdch hodin vzroste i po\u010det dobrovoln\u00edk\u016f. &#8222;U\u017e te\u010f v pololet\u00ed m\u00e1me v\u00edce dobrovoln\u00edk\u016f ne\u017e za cel\u00fd minul\u00fd rok,&#8220; pochlubila se koordin\u00e1torka pelh\u0159imovsk\u00e9ho dobrovolnick\u00e9ho centra.<\/p>\n<p>Do \u0159ad dobrovoln\u00edk\u016f se na Pelh\u0159imovsku st\u00e1le hl\u00e1s\u00ed nov\u00ed z\u00e1jemci o pr\u00e1ci. &#8222;P\u0159ich\u00e1zej\u00ed studenti st\u0159edn\u00edch a vysok\u00fdch \u0161kol, maminky na mate\u0159sk\u00e9 dovolen\u00e9 a tradi\u010dn\u011b velkou skupinu tvo\u0159\u00ed \u010derstv\u00ed senio\u0159i,&#8220; dodala Vla\u010fka Br\u00e1vkov\u00e1.<\/p>\n<p>JI\u0158\u00cd J\u00cdRA<br \/>\nJihlavsk\u00fd den\u00edk<br \/>\n<a href=\"http:\/\/www.jihlavsky.denik.cz\/\" target=\"_blank\" rel=\"noopener noreferrer\">http:\/\/www.jihlavsky.denik.cz\/<\/a><\/p>\n","protected":false},"excerpt":{"rendered":"<div class=\"mh-excerpt\"><p>Nejv\u00edc pr\u00e1ce odvedli na Pelh\u0159imovsku ve zdravotnick\u00fdch za\u0159\u00edzen\u00edch. Sv\u016fj z\u00e1b\u011br v\u0161ak letos ro\u0161i\u0159uj\u00ed<\/p>\n<\/div>","protected":false},"author":1,"featured_media":0,"comment_status":"open","ping_status":"closed","sticky":false,"template":"","format":"standard","meta":{"footnotes":""},"categories":[9],"tags":[],"class_list":["post-30610","post","type-post","status-publish","format-standard","hentry","category-zpravy"],"_links":{"self":[{"href":"https:\/\/www.invarena.cz\/index.php?rest_route=\/wp\/v2\/posts\/30610","targetHints":{"allow":["GET"]}}],"collection":[{"href":"https:\/\/www.invarena.cz\/index.php?rest_route=\/wp\/v2\/posts"}],"about":[{"href":"https:\/\/www.invarena.cz\/index.php?rest_route=\/wp\/v2\/types\/post"}],"author":[{"embeddable":true,"href":"https:\/\/www.invarena.cz\/index.php?rest_route=\/wp\/v2\/users\/1"}],"replies":[{"embeddable":true,"href":"https:\/\/www.invarena.cz\/index.php?rest_route=%2Fwp%2Fv2%2Fcomments&post=30610"}],"version-history":[{"count":0,"href":"https:\/\/www.invarena.cz\/index.php?rest_route=\/wp\/v2\/posts\/30610\/revisions"}],"wp:attachment":[{"href":"https:\/\/www.invarena.cz\/index.php?rest_route=%2Fwp%2Fv2%2Fmedia&parent=30610"}],"wp:term":[{"taxonomy":"category","embeddable":true,"href":"https:\/\/www.invarena.cz\/index.php?rest_route=%2Fwp%2Fv2%2Fcategories&post=30610"},{"taxonomy":"post_tag","embeddable":true,"href":"https:\/\/www.invarena.cz\/index.php?rest_route=%2Fwp%2Fv2%2Ftags&post=30610"}],"curies":[{"name":"wp","href":"https:\/\/api.w.org\/{rel}","templated":true}]}}