{"id":30612,"date":"2018-06-20T18:15:47","date_gmt":"2018-06-20T16:15:47","guid":{"rendered":"http:\/\/www.invarena.cz\/?p=30612"},"modified":"2018-06-20T18:15:47","modified_gmt":"2018-06-20T16:15:47","slug":"denni-stacionar-se-presune-nevyhovuje-totiz-normam","status":"publish","type":"post","link":"https:\/\/www.invarena.cz\/?p=30612","title":{"rendered":"Denn\u00ed stacion\u00e1\u0159 se p\u0159esune. Nevyhovuje toti\u017e norm\u00e1m"},"content":{"rendered":"<p><strong>Denn\u00ed stacion\u00e1\u0159 M\u00e1ja se bude p\u0159esouvat do mate\u0159sk\u00e9 \u0161koly do chebsk\u00e9 Bezru\u010dovy ulice. Ve zm\u00edn\u011bn\u00e9 \u0161kolce je k dispozici jeden cel\u00fd pavilon.<\/strong> <!--more--><\/p>\n<p>Cheb \u2013 Ten mus\u00ed ale je\u0161t\u011b stavebn\u00ed firma zrekonstruovat. V tuto chv\u00edli p\u0159ipravuje podobu rekonstrukce projektant. Oprava pavilonu vyjde zhruba na p\u016fl milionu korun. Konkr\u00e9tn\u011bj\u0161\u00ed \u010d\u00e1stka bude zn\u00e1m\u00e1 po dokon\u010den\u00ed projektu. Klienti domova se musej\u00ed p\u0159em\u00edstit, proto\u017ee podle Krajsk\u00e9ho \u00fa\u0159adu Karlovarsk\u00e9ho kraje nejsou dosavadn\u00ed prostory vyhovuj\u00edc\u00ed a neodpov\u00eddaj\u00ed sou\u010dasn\u00fdm norm\u00e1m. P\u016fvodn\u011b zam\u00fd\u0161len\u00fd panelov\u00fd objekt Kamenn\u00e1 40 se jevil jako zcela nevyhovuj\u00edc\u00ed.<\/p>\n<p>D\u016fvodem byla nevhodn\u00e1 lokalita i technick\u00fd stav domu a p\u0159edev\u0161\u00edm absence zahrady, kter\u00e1 je pro klienty stacion\u00e1\u0159e velmi d\u016fle\u017eit\u00e1. &#8222;Veden\u00ed m\u011bsta vytipovalo mate\u0159skou \u0161kolu v Bezru\u010dov\u011b ulici, kde se nach\u00e1z\u00ed voln\u00fd pavilon se samostatn\u00fdm vchodem z ulice Riegrova,&#8220; informovala m\u00edstostarostka Eva Horn\u00e1.<\/p>\n<p>Stavebn\u00ed pr\u00e1ce v objektu nebudou nikterak rozs\u00e1hl\u00e9. &#8222;P\u016fjde nap\u0159\u00edklad o v\u00fdm\u011bnu za\u0159\u00edzen\u00ed toalet a um\u00fdv\u00e1rny, kter\u00e9 jsou uzp\u016fsobeny pouze pro nejmen\u0161\u00ed d\u011bti,&#8220; podotkla Horn\u00e1. Pot\u0159ebn\u00e9 \u00fapravy by se pak mohly zrealizovat b\u011bhem letn\u00edch pr\u00e1zdnin.<\/p>\n<p>Klienti denn\u00edho stacion\u00e1\u0159e by prostory v mate\u0159sk\u00e9 \u0161kole mohli za\u010d\u00edt vyu\u017e\u00edvat u\u017e na za\u010d\u00e1tku nov\u00e9ho \u0161koln\u00edho roku. Kapacita nov\u011b upraven\u00fdch prostor by mohla slou\u017eit a\u017e pro deset klient\u016f ve v\u011bku od 7 do 26 let.<\/p>\n<p>&#8222;V za\u0159\u00edzen\u00ed M\u00e1ja v Dragounsk\u00e9 ulici funguj\u00ed v sou\u010dasn\u00e9 dob\u011b dv\u011b slu\u017eby, Domov pro osoby se zdravotn\u00edm posti\u017een\u00edm a denn\u00ed stacion\u00e1\u0159. Nad\u00e1le tam v\u0161ak spolu nemohou z\u016fstat. V\u00fdsledky pravideln\u00fdch kontrol uk\u00e1zaly, \u017ee v t\u00e9to podob\u011b u\u017e za\u0159\u00edzen\u00ed nespl\u0148uje takzvan\u00e9 materi\u00e1ln\u011b-technick\u00e9 standardy,&#8220; vysv\u011btlila Eva Horn\u00e1. Jedna z v\u00fdtek se t\u00fdkala nap\u0159\u00edklad toho, \u017ee klienti domova nemaj\u00ed dostatek soukrom\u00ed. P\u0159esunut\u00ed denn\u00edho stacion\u00e1\u0159e se proto mus\u00ed urychlen\u011b vy\u0159e\u0161it, jinak by mohla b\u00fdt ohro\u017eena samotn\u00e1 dal\u0161\u00ed existence t\u011bchto slu\u017eeb ve m\u011bst\u011b, kde je o n\u011b velk\u00fd z\u00e1jem.<\/p>\n<p>Od 1. ledna 2008 za\u0159\u00edzen\u00ed M\u00e1ja od Karlovarsk\u00e9ho kraje p\u0159evzala Spr\u00e1va zdravotn\u00edch a soci\u00e1ln\u00edch slu\u017eeb Cheb, p\u0159\u00edsp\u011bvkov\u00e1 organizace. Soci\u00e1ln\u00ed slu\u017eby za\u0159\u00edzen\u00ed M\u00e1ja byly roz\u0161\u00ed\u0159eny o novou slu\u017ebu Domov pro osoby se zdravotn\u00edm posti\u017een\u00edm s celoro\u010dn\u00edm pobytem klient\u016f, v\u010detn\u011b u\u017eivatel\u016f se soudn\u011b na\u0159\u00edzenou \u00fastavn\u00ed v\u00fdchovou. Od roku 2015 Karlovarsk\u00fd kraj p\u0159estal finan\u010dn\u011b podporovat t\u00fddenn\u00ed stacion\u00e1\u0159 pro osoby s ment\u00e1ln\u00edm nebo kombinovan\u00fdm posti\u017een\u00edm a z toho d\u016fvodu byli klienti t\u00fddenn\u00edho stacion\u00e1\u0159e p\u0159evedeni do slu\u017eby Domov pro osoby se zdravotn\u00edm posti\u017een\u00edm. Prost\u0159ednictv\u00edm pobytov\u00e9 slu\u017eby ve stacion\u00e1\u0159i je poskytov\u00e1na pomoc a podpora d\u011btem a ml\u00e1de\u017ei, kter\u00e9 maj\u00ed sn\u00ed\u017eenou sob\u011bsta\u010dnost z d\u016fvodu zdravotn\u00edho posti\u017een\u00ed a jejich\u017e situace vy\u017eaduje pravidelnou pomoc jin\u00e9 fyzick\u00e9 osoby. Rozsahem a formou poskytovan\u00e9 soci\u00e1ln\u00ed slu\u017eby je zachov\u00e1na d\u016fstojnost u\u017eivatel\u016f, vytv\u00e1\u0159eno vhodn\u00e9 z\u00e1zem\u00ed pro u\u017eivatele s ohledem na jejich pot\u0159eby.<\/p>\n<p>Sokolovsk\u00fd den\u00edk<br \/>\n<a href=\"http:\/\/sokolovsky.denik.cz\/\" target=\"_blank\" rel=\"noopener noreferrer\">http:\/\/sokolovsky.denik.cz\/<\/a><\/p>\n","protected":false},"excerpt":{"rendered":"<div class=\"mh-excerpt\"><p>Denn\u00ed stacion\u00e1\u0159 M\u00e1ja se bude p\u0159esouvat do mate\u0159sk\u00e9 \u0161koly do chebsk\u00e9 Bezru\u010dovy ulice. Ve zm\u00edn\u011bn\u00e9 \u0161kolce je k dispozici jeden cel\u00fd pavilon.<\/p>\n<\/div>","protected":false},"author":1,"featured_media":0,"comment_status":"open","ping_status":"closed","sticky":false,"template":"","format":"standard","meta":{"footnotes":""},"categories":[9],"tags":[],"class_list":["post-30612","post","type-post","status-publish","format-standard","hentry","category-zpravy"],"_links":{"self":[{"href":"https:\/\/www.invarena.cz\/index.php?rest_route=\/wp\/v2\/posts\/30612","targetHints":{"allow":["GET"]}}],"collection":[{"href":"https:\/\/www.invarena.cz\/index.php?rest_route=\/wp\/v2\/posts"}],"about":[{"href":"https:\/\/www.invarena.cz\/index.php?rest_route=\/wp\/v2\/types\/post"}],"author":[{"embeddable":true,"href":"https:\/\/www.invarena.cz\/index.php?rest_route=\/wp\/v2\/users\/1"}],"replies":[{"embeddable":true,"href":"https:\/\/www.invarena.cz\/index.php?rest_route=%2Fwp%2Fv2%2Fcomments&post=30612"}],"version-history":[{"count":0,"href":"https:\/\/www.invarena.cz\/index.php?rest_route=\/wp\/v2\/posts\/30612\/revisions"}],"wp:attachment":[{"href":"https:\/\/www.invarena.cz\/index.php?rest_route=%2Fwp%2Fv2%2Fmedia&parent=30612"}],"wp:term":[{"taxonomy":"category","embeddable":true,"href":"https:\/\/www.invarena.cz\/index.php?rest_route=%2Fwp%2Fv2%2Fcategories&post=30612"},{"taxonomy":"post_tag","embeddable":true,"href":"https:\/\/www.invarena.cz\/index.php?rest_route=%2Fwp%2Fv2%2Ftags&post=30612"}],"curies":[{"name":"wp","href":"https:\/\/api.w.org\/{rel}","templated":true}]}}