{"id":30618,"date":"2018-06-20T18:57:37","date_gmt":"2018-06-20T16:57:37","guid":{"rendered":"http:\/\/www.invarena.cz\/?p=30618"},"modified":"2018-06-20T18:57:37","modified_gmt":"2018-06-20T16:57:37","slug":"trebicsky-stacionar-ma-nove-auto","status":"publish","type":"post","link":"https:\/\/www.invarena.cz\/?p=30618","title":{"rendered":"T\u0159eb\u00ed\u010dsk\u00fd stacion\u00e1\u0159 m\u00e1 nov\u00e9 auto"},"content":{"rendered":"<p><strong>V p\u016flce kv\u011btna 2018 dostal Denn\u00ed rehabilita\u010dn\u00ed stacion\u00e1\u0159 pro t\u011blesn\u011b a ment\u00e1ln\u011b posti\u017een\u00e9 T\u0159eb\u00ed\u010d nov\u00e9 svozov\u00e9 auto.<\/strong> <!--more--><\/p>\n<p>T\u0159eb\u00ed\u010d \u2013 St\u00e1vaj\u00edc\u00ed Ford Transit, kter\u00fd slou\u017eil k rozvozu klient\u016f stacion\u00e1\u0159e od roku 2003, doslou\u017eil. Na nov\u00fd modern\u00ed v\u016fz op\u011bt zna\u010dky Ford Transit se slo\u017eily Nadace Agrofert, Rotary klub T\u0159eb\u00ed\u010d, Hlouch Motors T\u0159eb\u00ed\u010d a M\u011bsto T\u0159eb\u00ed\u010d.<\/p>\n<p>D\u00edky t\u00e9to nemal\u00e9 finan\u010dn\u00ed pomoci se mohou klienti stacion\u00e1\u0159e bezpe\u010dn\u011b dopravit do stacion\u00e1\u0159e a zp\u011bt dom\u016f nebo v r\u00e1mci z\u00e1kladn\u00edch \u010dinnost\u00ed do knihovny, na kulturn\u00ed a sportovn\u00ed akce, letn\u00ed pobyt apod. Mnoz\u00ed z nich by bez svozu nemohli stacion\u00e1\u0159 nav\u0161t\u011bvovat. Vozidlo je nav\u00edc vybaveno rampou a kotven\u00edm pro dva invalidn\u00ed voz\u00edky, co\u017e umo\u017e\u0148uje i p\u0159epravu t\u011b\u017ece handicapovan\u00fdm klient\u016fm.<\/p>\n<p>Pevn\u011b v\u011b\u0159\u00edme, \u017ee vozidlo bude slou\u017eit sv\u00e9mu \u00fa\u010delu alespo\u0148 tak dlouho jako vozidlo p\u0159edchoz\u00ed. V\u0161em d\u00e1rc\u016fm d\u011bkujeme.<\/p>\n<p>Jana Van\u00ed\u010dkov\u00e1<br \/>\nT\u0159eb\u00ed\u010dsk\u00fd den\u00edk<br \/>\n<a href=\"http:\/\/www.trebicsky.denik.cz\/\" target=\"_blank\" rel=\"noopener noreferrer\">http:\/\/www.trebicsky.denik.cz\/<\/a><\/p>\n","protected":false},"excerpt":{"rendered":"<div class=\"mh-excerpt\"><p>V p\u016flce kv\u011btna 2018 dostal Denn\u00ed rehabilita\u010dn\u00ed stacion\u00e1\u0159 pro t\u011blesn\u011b a ment\u00e1ln\u011b posti\u017een\u00e9 T\u0159eb\u00ed\u010d nov\u00e9 svozov\u00e9 auto.<\/p>\n<\/div>","protected":false},"author":1,"featured_media":1015,"comment_status":"open","ping_status":"closed","sticky":false,"template":"","format":"standard","meta":{"footnotes":""},"categories":[9],"tags":[],"class_list":["post-30618","post","type-post","status-publish","format-standard","has-post-thumbnail","hentry","category-zpravy"],"_links":{"self":[{"href":"https:\/\/www.invarena.cz\/index.php?rest_route=\/wp\/v2\/posts\/30618","targetHints":{"allow":["GET"]}}],"collection":[{"href":"https:\/\/www.invarena.cz\/index.php?rest_route=\/wp\/v2\/posts"}],"about":[{"href":"https:\/\/www.invarena.cz\/index.php?rest_route=\/wp\/v2\/types\/post"}],"author":[{"embeddable":true,"href":"https:\/\/www.invarena.cz\/index.php?rest_route=\/wp\/v2\/users\/1"}],"replies":[{"embeddable":true,"href":"https:\/\/www.invarena.cz\/index.php?rest_route=%2Fwp%2Fv2%2Fcomments&post=30618"}],"version-history":[{"count":0,"href":"https:\/\/www.invarena.cz\/index.php?rest_route=\/wp\/v2\/posts\/30618\/revisions"}],"wp:featuredmedia":[{"embeddable":true,"href":"https:\/\/www.invarena.cz\/index.php?rest_route=\/wp\/v2\/media\/1015"}],"wp:attachment":[{"href":"https:\/\/www.invarena.cz\/index.php?rest_route=%2Fwp%2Fv2%2Fmedia&parent=30618"}],"wp:term":[{"taxonomy":"category","embeddable":true,"href":"https:\/\/www.invarena.cz\/index.php?rest_route=%2Fwp%2Fv2%2Fcategories&post=30618"},{"taxonomy":"post_tag","embeddable":true,"href":"https:\/\/www.invarena.cz\/index.php?rest_route=%2Fwp%2Fv2%2Ftags&post=30618"}],"curies":[{"name":"wp","href":"https:\/\/api.w.org\/{rel}","templated":true}]}}