{"id":30627,"date":"2018-06-25T19:29:29","date_gmt":"2018-06-25T17:29:29","guid":{"rendered":"http:\/\/www.invarena.cz\/?p=30627"},"modified":"2018-06-25T19:29:29","modified_gmt":"2018-06-25T17:29:29","slug":"z-decaku-dojeli-az-k-baltu","status":"publish","type":"post","link":"https:\/\/www.invarena.cz\/?p=30627","title":{"rendered":"Z &#8222;d\u011bc\u00e1ku&#8220; dojeli a\u017e k Baltu"},"content":{"rendered":"<p><strong>\u010cty\u0159i kluci a jedna d\u00edvka dok\u00e1zali, \u017ee cht\u011bj\u00ed pom\u00e1hat.<\/strong> <!--more--><\/p>\n<p>\u00dasteck\u00fd kraj \u2013 Nohy je bolely, na rukou m\u011bli mozoly a \u017ealudek v\u011bt\u0161inu cesty \u0161\u00e1lili t\u011bstovinami. N\u011bkolikr\u00e1t byli fyzicky na dn\u011b, ale nedali se. Vp\u0159ed toti\u017e tyto d\u011bti hnala touha pomoci. Zdolat na kole 550 kilometr\u016f k Baltu a dok\u00e1zat v\u0161em, \u017ee i d\u011bti z d\u011btsk\u00e9ho domova Tuchlov v Kostomlatech pod Mile\u0161ovkou maj\u00ed dobr\u00e1 srdce.<\/p>\n<p>D\u00edky akci Cesta k Baltu II, kter\u00e9 se aktivn\u011b \u00fa\u010dastnila Nikola (16 let), Radek (17), Patrik (14), Pepa (15), Tom\u00e1\u0161 (22), se t\u0159eba d\u016fchodci z Byst\u0159an pod\u00edvaj\u00ed do divadla \u010di handicapovan\u00fd sportovec dostane speci\u00e1ln\u00ed handbike kolo.<\/p>\n<p>Start cyklov\u00fdletu byl symbolicky v Krompachu. Pr\u00e1v\u011b d\u011bti z tam\u011bj\u0161\u00edho d\u011btsk\u00e9ho domova podobnou cestu absolvovaly loni. Leto\u0161n\u00ed sestava k Baltu \u010d\u00edtala krom\u011b d\u011bt\u00ed i herce z Cirk La Putyka. Do c\u00edle vedla zhruba 550 kilometr\u016f dlouh\u00e1 cesta. Na jej\u00ed poko\u0159en\u00ed m\u011bli \u00fa\u010dastn\u00edci p\u011bt dn\u016f. V\u0161ichni bez rozd\u00edlu museli tedy denn\u011b ujet 125 kilometr\u016f.<\/p>\n<p>&#8222;Bylo to n\u00e1ro\u010dn\u00e9. Je\u0161t\u011b nikdy p\u0159edt\u00edm \u017e\u00e1dn\u00e9 z d\u011bt\u00ed neu\u0161lapalo v\u00edce ne\u017e 40 kilometr\u016f v jednom dni,&#8220; popsala za organiz\u00e1tory Cesty k Baltu II Pavl\u00edna Pol\u00e1kov\u00e1.<\/p>\n<p>Nejv\u011bt\u0161\u00ed krizi m\u011bly d\u011bti asi \u010dtvrt\u00fd den. Nikol bolelo koleno, zbytek Tuchlov\u00e1k\u016f bojoval s fyzi\u010dkou. Tam, kde nepomohly energetick\u00e9 ty\u010dinky, nastoupila psychick\u00e1 pomoc od herc\u016f \u010di organiz\u00e1tor\u016f. Nakonec v\u0161echny d\u011bti Balt poko\u0159ily. P\u0159i koup\u00e1n\u00ed v mo\u0159i z jejich \u00fast zn\u011blo: &#8222;To ne my, d\u011bti z d\u011btsk\u00e9ho domova, pot\u0159ebujeme pomoci, my jsme mlad\u00ed a siln\u00ed. My chceme pomoci.\u201d Projekt Cesta k Baltu II spojen\u00fd s crowdfundingovou sb\u00edrkou inicioval \u010desk\u00fd filantrop Tom\u00e1\u0161 Slavata.<\/p>\n<p>&#8222;Sb\u00edrka pro Denisu, kter\u00e1 se chce postarat o sv\u00e9 sourozence, aby neskon\u010dili v d\u011btsk\u00e9m domov\u011b, a Milo\u0161e, kter\u00fd m\u00e1 d\u00edlnu na v\u00fdrobu speci\u00e1ln\u00edch kol pro zdravotn\u011b posti\u017een\u00e9 d\u011bti, st\u00e1le b\u011b\u017e\u00ed. Moment\u00e1ln\u011b je na kont\u011b asi 100 tis\u00edc korun.<\/p>\n<p>V p\u0159\u00edpad\u011b, \u017ee se vybere \u010d\u00e1stka vy\u0161\u0161\u00ed ne\u017e c\u00edlov\u00fdch 200 tis\u00edc, investujeme sumu nad tuto hranici na dopravu a vstupenky na p\u0159edstaven\u00ed Cirk La Putyka v Praze pro Domov d\u016fchodc\u016f v Byst\u0159anech,&#8220; \u0159ekl Slavata.<\/p>\n<p>P\u0159ekon\u00e1n\u00edm sebe sama cht\u011bly d\u011bti z tuchlovsk\u00e9ho domova mimo jin\u00e9 upozornit na pr\u00e1ci Milo\u0161e C\u00edsa\u0159e. Sb\u00edrka m\u00e1 pomoct koupit mu n\u00e1\u0159ad\u00ed do jeho d\u00edlny, kter\u00e1 umo\u017e\u0148uje posti\u017een\u00fdm sportovc\u016fm jezdit na kole.<\/p>\n<p>P\u0159isp\u011bt m\u016f\u017ee kdokoliv, a to p\u0159es web Nada\u010dn\u00edho fondu pomoci Karla Jane\u010dka, kter\u00fd projekt podporuje.<\/p>\n<p>MARTIN KO\u0160\u0164\u00c1L<br \/>\n\u017dateck\u00fd a lounsk\u00fd den\u00edk<br \/>\n<a href=\"http:\/\/www.zatecky.denik.cz\/\" target=\"_blank\" rel=\"noopener noreferrer\">http:\/\/www.zatecky.denik.cz\/<\/a><\/p>\n","protected":false},"excerpt":{"rendered":"<div class=\"mh-excerpt\"><p>\u010cty\u0159i kluci a jedna d\u00edvka dok\u00e1zali, \u017ee cht\u011bj\u00ed pom\u00e1hat.<\/p>\n<\/div>","protected":false},"author":1,"featured_media":23431,"comment_status":"open","ping_status":"closed","sticky":false,"template":"","format":"standard","meta":{"footnotes":""},"categories":[9],"tags":[],"class_list":["post-30627","post","type-post","status-publish","format-standard","has-post-thumbnail","hentry","category-zpravy"],"_links":{"self":[{"href":"https:\/\/www.invarena.cz\/index.php?rest_route=\/wp\/v2\/posts\/30627","targetHints":{"allow":["GET"]}}],"collection":[{"href":"https:\/\/www.invarena.cz\/index.php?rest_route=\/wp\/v2\/posts"}],"about":[{"href":"https:\/\/www.invarena.cz\/index.php?rest_route=\/wp\/v2\/types\/post"}],"author":[{"embeddable":true,"href":"https:\/\/www.invarena.cz\/index.php?rest_route=\/wp\/v2\/users\/1"}],"replies":[{"embeddable":true,"href":"https:\/\/www.invarena.cz\/index.php?rest_route=%2Fwp%2Fv2%2Fcomments&post=30627"}],"version-history":[{"count":0,"href":"https:\/\/www.invarena.cz\/index.php?rest_route=\/wp\/v2\/posts\/30627\/revisions"}],"wp:featuredmedia":[{"embeddable":true,"href":"https:\/\/www.invarena.cz\/index.php?rest_route=\/wp\/v2\/media\/23431"}],"wp:attachment":[{"href":"https:\/\/www.invarena.cz\/index.php?rest_route=%2Fwp%2Fv2%2Fmedia&parent=30627"}],"wp:term":[{"taxonomy":"category","embeddable":true,"href":"https:\/\/www.invarena.cz\/index.php?rest_route=%2Fwp%2Fv2%2Fcategories&post=30627"},{"taxonomy":"post_tag","embeddable":true,"href":"https:\/\/www.invarena.cz\/index.php?rest_route=%2Fwp%2Fv2%2Ftags&post=30627"}],"curies":[{"name":"wp","href":"https:\/\/api.w.org\/{rel}","templated":true}]}}