{"id":30647,"date":"2018-06-28T15:23:31","date_gmt":"2018-06-28T13:23:31","guid":{"rendered":"http:\/\/www.invarena.cz\/?p=30647"},"modified":"2018-06-28T15:23:31","modified_gmt":"2018-06-28T13:23:31","slug":"nadace-jedlickova-ustavu-slavi-28-let-od-sveho-zalozeni-pomaha-postizenym","status":"publish","type":"post","link":"https:\/\/www.invarena.cz\/?p=30647","title":{"rendered":"Nadace Jedli\u010dkov\u00e1 \u00fastavu slav\u00ed 28 let od sv\u00e9ho zalo\u017een\u00ed. Pom\u00e1h\u00e1 posti\u017een\u00fdm"},"content":{"rendered":"<p><strong>Nadaci Jedli\u010dkova \u00fastavu nejsp\u00ed\u0161e nebude pot\u0159eba p\u0159\u00edli\u0161 zdlouhav\u011b p\u0159edstavovat. Dlouhodob\u011b pom\u00e1h\u00e1 d\u011btem a mlad\u00fdm lidem s posti\u017een\u00fdm, konkr\u00e9tn\u011b s jejich integrac\u00ed do spole\u010dnosti, vysv\u011btluje Irena Fodorov\u00e1, kter\u00e1 p\u016fsob\u00ed jako v\u00fdkonn\u00e1 \u0159editelka Nadace Jedli\u010dkova \u00fastavu. Jak konkr\u00e9tn\u011b lidem Nadace pom\u00e1h\u00e1 a jak se neziskov\u00fdm spole\u010dnostem v dne\u0161n\u00ed dob\u011b \u017eije, n\u00e1m \u0159ekla v na\u0161em rozhovoru.<\/strong> <!--more--><\/p>\n<p>&#8211; Mohla byste p\u0159edstavit, \u010d\u00edm se va\u0161e neziskov\u00e1 spole\u010dnost zab\u00fdv\u00e1?<\/p>\n<p>Nadace Jedli\u010dkovu \u00fastavu oslav\u00ed na podzim ji\u017e 28. v\u00fdro\u010d\u00ed sv\u00e9ho zalo\u017een\u00ed. Za dobu sv\u00e9ho p\u016fsoben\u00ed c\u00edlen\u011b rozd\u011blila podporu ve v\u00fd\u0161i v\u00edce ne\u017e 100 milion\u016f korun. Posl\u00e1n\u00ed nadace sm\u011b\u0159uje k pomoci a integraci d\u011bt\u00ed a mlad\u00fdch lid\u00ed s t\u011blesn\u00fdm posti\u017een\u00edm do spole\u010dnosti. Finan\u010dn\u00ed prost\u0159edky putuj\u00ed na podporu student\u016f a klient\u016f Jedli\u010dkova \u00fastavu a \u0161kol, bezbari\u00e9rovou dopravu, osobn\u00ed asistenci nebo nap\u0159\u00edklad na kompenza\u010dn\u00ed pom\u016fcky.<\/p>\n<p>&#8211; Komu konkr\u00e9tn\u011b pom\u00e1h\u00e1, v jak\u00fdch p\u0159\u00edpadech dok\u00e1\u017eete poskytnout pomoc?<\/p>\n<p>Aby k integraci mlad\u00fdch lid\u00ed s handicapem do spole\u010dnosti mohlo doj\u00edt, je t\u0159eba poskytnout komplex slu\u017eeb, kter\u00e9 spolu souvisej\u00ed a vz\u00e1jemn\u011b se dopl\u0148uj\u00ed. Dle jednotliv\u00fdch oblast\u00ed specifick\u00e9ho spektra \u017eivota lid\u00ed s posti\u017een\u00edm se zam\u011b\u0159ujeme na podporu z\u00e1jmov\u00fdch skupin klient\u016f Jedli\u010dkova \u00fastavu a \u0161kol, soci\u00e1ln\u00ed integraci do spole\u010densk\u00e9ho \u017eivota a pracovn\u00ed rehabilitaci na pracovn\u00edm trhu, zabezpe\u010den\u00ed pravideln\u00e9 bezbari\u00e9rov\u00e9 dopravy pro klienty z Prahy a okol\u00ed, osobn\u00ed asistenci ve specifick\u00fdch i ka\u017edodenn\u00edch situac\u00edch, \u0161irokou paletu volno\u010dasov\u00fdch aktivit a l\u00e9\u010debn\u00e9 terapie, rehabilita\u010dn\u00ed a kompenza\u010dn\u00ed pom\u016fcky.<\/p>\n<p>&#8211; M\u016f\u017eete uv\u00e9st n\u011bjak\u00e9 p\u0159\u00edklady, komu nadace pomohla?<\/p>\n<p>Pro p\u0159edstavu, kde konkr\u00e9tn\u011b je pomoc Nadace a d\u00e1rc\u016f pot\u0159eba, m\u016f\u017eeme uv\u00e9st n\u00e1sleduj\u00edc\u00ed p\u0159\u00edklady klientek Anny a Veroniky.<\/p>\n<p>&#8211; Jak\u00fd je p\u0159\u00edb\u011bh Anny?<\/p>\n<p>Anna je kv\u016fli zdravotn\u00edm pot\u00ed\u017e\u00edm na invalidn\u00edm voz\u00edku. Aktu\u00e1ln\u011b je \u017e\u00e1kyn\u00ed jazykov\u00e9 \u0161koly a t\u00fddenn\u00edho stacion\u00e1\u0159e. V pr\u016fb\u011bhu studia ud\u011blala d\u00edky sv\u00e9 odvaze velk\u00e9 pokroky v samostatnosti a zvl\u00e1dla i \u00fasp\u011b\u0161n\u011b slo\u017eit maturitn\u00ed zkou\u0161ku. T\u00edm si Anna splnila jeden ze sv\u00fdch sn\u016f. Jej\u00edm dal\u0161\u00edm snem je m\u00edt vlastn\u00ed domov a dom\u00e1cnost. K tomu sm\u011b\u0159uje postupn\u00fdm odpout\u00e1v\u00e1n\u00edm se od pobytov\u00e9 soci\u00e1ln\u00ed slu\u017eby. O v\u00edkendech vyu\u017e\u00edv\u00e1 pomoci osobn\u00edho asistenta. Proto jsme j\u00ed jako Nadace pomohli finan\u010dn\u00edm p\u0159\u00edsp\u011bvkem, kter\u00fd pokryje pr\u00e1v\u011b n\u00e1klady spojen\u00e9 s osobn\u00ed asistenc\u00ed, proto\u017ee na pomoc rodiny se v t\u00e9to chv\u00edli spolehnout nem\u016f\u017ee.<\/p>\n<p>&#8211; Co Veronika?<\/p>\n<p>D\u00e1le bychom r\u00e1di podpo\u0159ili Veroniku, kter\u00e1 studuje prvn\u00ed ro\u010dn\u00edk u\u010debn\u00edho oboru keramick\u00e1 v\u00fdroba. Pohyb j\u00ed usnad\u0148uje mechanick\u00fd voz\u00edk, ale ten u\u017e je po \u0161esti letech slu\u017eby nevyhovuj\u00edc\u00ed. Ve voln\u00e9m \u010dase se v\u011bnuje lukost\u0159elb\u011b, ly\u017euje a r\u00e1da plave. Je to velice aktivn\u00ed d\u00edvka, proto by pot\u0159ebovala i aktivn\u00ed \u2013 sportovn\u00ed voz\u00edk, kter\u00fd by j\u00ed pomohl l\u00e9pe zvl\u00e1dat ka\u017edodenn\u00ed p\u0159esuny ve \u0161kole, ale z\u00e1rove\u0148 by podpo\u0159il i aktivn\u00edho ducha, kter\u00e9ho v sob\u011b Veronika m\u00e1.<\/p>\n<p>&#8211; Uva\u017eujete o z\u0159izov\u00e1n\u00ed n\u011bjak\u00e9 nov\u00e9 formy pomoci, po kter\u00e9 je aktu\u00e1ln\u011b popt\u00e1vka?<\/p>\n<p>Sna\u017e\u00edme se vyu\u017e\u00edvat v\u0161echny formy pomoci jako je dobrovolnictv\u00ed, finan\u010dn\u00ed a v\u011bcn\u00e9 dary od partner\u016f, sponzor\u016f i d\u00e1rc\u016f z \u0159ad ve\u0159ejnosti. Vyu\u017e\u00edv\u00e1me mnoho mo\u017enost\u00ed finan\u010dn\u00edch p\u0159\u00edsp\u011bvk\u016f \u2013 od klasick\u00fdch dar\u016f do na\u0161ich nada\u010dn\u00edch kasi\u010dek a\u017e po modern\u00ed on-line d\u00e1rcovstv\u00ed. Aktu\u00e1ln\u011b na\u0161e kampan\u011b c\u00edl\u00edme na finan\u010dn\u00ed p\u0159\u00edsp\u011bvky formou DMS prost\u0159ednictv\u00edm mobiln\u00edch telefon\u016f a na on-line platby na transparentn\u00ed \u00fa\u010det Nadace.<\/p>\n<p>&#8211; Jak se v sou\u010dasn\u00e9 dob\u011b \u017eije neziskov\u00fdm organizac\u00edm podle va\u0161\u00ed zku\u0161enosti?<\/p>\n<p>Neziskov\u00fdm organizac\u00edm, kter\u00e9 jsou ochotny p\u0159izp\u016fsobit se v\u00fdvoji spole\u010dnosti, nov\u00fdm form\u00e1m komunikace jak sv\u00e9 vlastn\u00ed, tak sm\u011brem k d\u00e1rc\u016fm, se podle na\u0161eho pohledu st\u00e1le da\u0159\u00ed. St\u00e1le n\u00e1m p\u0159ich\u00e1z\u00ed p\u0159\u00edle\u017eitosti, kter\u00e9 je pot\u0159eba p\u0159ijmout a vyu\u017e\u00edt. Ka\u017edop\u00e1dn\u011b je za t\u00edm hodn\u011b spole\u010dn\u00e9 pr\u00e1ce t\u00fdmu lid\u00ed, kte\u0159\u00ed cht\u011bj\u00ed d\u00e1t sv\u00e9 pr\u00e1ci smysl.<\/p>\n<p>&#8211; Jsou v sou\u010dasn\u00e9 dob\u011b probl\u00e9my s financov\u00e1n\u00edm, administrativou, sh\u00e1n\u011bn\u00edm nov\u00fdch koleg\u016f?<\/p>\n<p>Pr\u016fb\u011b\u017en\u00e9 probl\u00e9my se sna\u017e\u00edme v\u017edy efektivn\u011b \u0159e\u0161it a v tuto chv\u00edli nevn\u00edm\u00e1me nic, co by se nedalo p\u0159ekonat. Ur\u010dit\u011b ale budeme r\u00e1di za jakoukoli podporu, kter\u00e1 n\u00e1m v napl\u0148ov\u00e1n\u00ed na\u0161eho posl\u00e1n\u00ed \u2013 pom\u00e1hat d\u011btem a mlad\u00fdm lidem s t\u011blesn\u00fdm posti\u017een\u00edm \u2013 pom\u016f\u017ee.<\/p>\n<p>&#8211; Mohou lid\u00e9 n\u011bjak pomoci?<\/p>\n<p>Chcete-li pomoci Veronice nebo dal\u0161\u00edm \u017eadatel\u016fm s podobn\u00fdmi p\u0159\u00edb\u011bhy, p\u0159isp\u011bjte, budeme moc r\u00e1di. M\u016f\u017eete tak u\u010dinit n\u00e1sleduj\u00edc\u00edmi zp\u016fsoby: Ode\u0161lete jednor\u00e1zovou d\u00e1rcovskou SMS ve tvaru: DMS PROJEDLICKU 90 na \u010d\u00edslo 87 777. Nastavte si trvalou d\u00e1rcovskou SMS ve tvaru: DMS TRV PROJEDLICKU 90 na \u010d\u00edslo 87 777. Po\u0161lete sv\u016fj p\u0159\u00edsp\u011bvek na transparentn\u00ed sb\u00edrkov\u00fd \u00fa\u010det: 350350\/5500.<\/p>\n<p>JAKUB \u0160\u0164\u00c1STKA<br \/>\nPra\u017esk\u00fd den\u00edk<br \/>\n<a href=\"http:\/\/www.prazsky.denik.cz\/\" target=\"_blank\" rel=\"noopener noreferrer\">http:\/\/www.prazsky.denik.cz\/<\/a><\/p>\n","protected":false},"excerpt":{"rendered":"<div class=\"mh-excerpt\"><p>Nadaci Jedli\u010dkova \u00fastavu nejsp\u00ed\u0161e nebude pot\u0159eba p\u0159\u00edli\u0161 zdlouhav\u011b p\u0159edstavovat. Dlouhodob\u011b pom\u00e1h\u00e1 d\u011btem a mlad\u00fdm lidem s posti\u017een\u00fdm, konkr\u00e9tn\u011b s jejich integrac\u00ed do spole\u010dnosti, vysv\u011btluje Irena <a class=\"mh-excerpt-more\" href=\"https:\/\/www.invarena.cz\/?p=30647\" title=\"Nadace Jedli\u010dkov\u00e1 \u00fastavu slav\u00ed 28 let od sv\u00e9ho zalo\u017een\u00ed. Pom\u00e1h\u00e1 posti\u017een\u00fdm\">[&#8230;]<\/a><\/p>\n<\/div>","protected":false},"author":1,"featured_media":22864,"comment_status":"open","ping_status":"closed","sticky":false,"template":"","format":"standard","meta":{"footnotes":""},"categories":[9],"tags":[],"class_list":["post-30647","post","type-post","status-publish","format-standard","has-post-thumbnail","hentry","category-zpravy"],"_links":{"self":[{"href":"https:\/\/www.invarena.cz\/index.php?rest_route=\/wp\/v2\/posts\/30647","targetHints":{"allow":["GET"]}}],"collection":[{"href":"https:\/\/www.invarena.cz\/index.php?rest_route=\/wp\/v2\/posts"}],"about":[{"href":"https:\/\/www.invarena.cz\/index.php?rest_route=\/wp\/v2\/types\/post"}],"author":[{"embeddable":true,"href":"https:\/\/www.invarena.cz\/index.php?rest_route=\/wp\/v2\/users\/1"}],"replies":[{"embeddable":true,"href":"https:\/\/www.invarena.cz\/index.php?rest_route=%2Fwp%2Fv2%2Fcomments&post=30647"}],"version-history":[{"count":0,"href":"https:\/\/www.invarena.cz\/index.php?rest_route=\/wp\/v2\/posts\/30647\/revisions"}],"wp:featuredmedia":[{"embeddable":true,"href":"https:\/\/www.invarena.cz\/index.php?rest_route=\/wp\/v2\/media\/22864"}],"wp:attachment":[{"href":"https:\/\/www.invarena.cz\/index.php?rest_route=%2Fwp%2Fv2%2Fmedia&parent=30647"}],"wp:term":[{"taxonomy":"category","embeddable":true,"href":"https:\/\/www.invarena.cz\/index.php?rest_route=%2Fwp%2Fv2%2Fcategories&post=30647"},{"taxonomy":"post_tag","embeddable":true,"href":"https:\/\/www.invarena.cz\/index.php?rest_route=%2Fwp%2Fv2%2Ftags&post=30647"}],"curies":[{"name":"wp","href":"https:\/\/api.w.org\/{rel}","templated":true}]}}