{"id":30657,"date":"2018-07-04T22:31:37","date_gmt":"2018-07-04T20:31:37","guid":{"rendered":"http:\/\/www.invarena.cz\/?p=30657"},"modified":"2018-07-04T22:35:27","modified_gmt":"2018-07-04T20:35:27","slug":"nepripada-si-zbytecna-pomaha-detem","status":"publish","type":"post","link":"https:\/\/www.invarena.cz\/?p=30657","title":{"rendered":"Nep\u0159ipad\u00e1 si zbyte\u010dn\u00e1, pom\u00e1h\u00e1 d\u011btem"},"content":{"rendered":"<p><strong>&#8222;V\u016fbec to nen\u00ed depresivn\u00ed. To si mysl\u00ed hodn\u011b lid\u00ed, ale nen\u00ed to tak. Tam p\u0159ijde\u0161 a je tam tolik energie a tolik l\u00e1sky, to t\u011bm d\u011btem nikdy nevr\u00e1t\u00ed\u0161. <\/strong><!--more--><\/p>\n<p>Ty d\u011bti i jejich maminky jsou \u00fa\u017easn\u00e9. Bu\u010f to vn\u00edm\u00e1m jinak, ale ty d\u011bti ti daj\u00ed o hodn\u011b v\u00edc, ne\u017e ty jim m\u016f\u017ee\u0161 d\u00e1t. Nep\u0159ipad\u00e1m si te\u010f zbyte\u010dn\u00e1,&#8220; \u0159\u00edk\u00e1 pan\u00ed V\u011bra z Lomnice. U\u017e t\u00e9m\u011b\u0159 dva roky spolupracuje s nada\u010dn\u00edm fondem \u0160ance onkol\u00e1\u010dk\u016fm, p\u0159esto\u017ee je sama v invalidn\u00edm d\u016fchodu kv\u016fli z\u00e1va\u017en\u00e9 nemoci.<\/p>\n<p>Jej\u00ed pomoc d\u011btem s onkologick\u00fdm onemocn\u011bn\u00edm za\u010dala t\u00edm, \u017ee pos\u00edlala sv\u00e9 v\u00fdrobky na charitativn\u00ed jarmarky v P\u0159\u00edbrami a P\u0159e\u0161tic\u00edch, kter\u00e9 nadace po\u0159\u00e1d\u00e1.<br \/>\nPak si vyhledala webov\u00e9 str\u00e1nky a p\u0159e\u010detla p\u0159\u00edb\u011bhy d\u011bt\u00ed, kter\u00e9 jsou tam zve\u0159ejn\u011bn\u00e9.<br \/>\n&#8222;Vybrala jsem si Viktorku.<br \/>\nDoj\u00ed\u017ed\u011bla jsem za n\u00ed do Motola, pos\u00edlala j\u00ed pot\u0159ebn\u00e9 v\u011bci,&#8220; p\u0159ibl\u00ed\u017eila, jak se postupn\u011b v\u00edc za\u010dala seznamovat s prost\u0159ed\u00edm a \u017eivotem t\u011bchto d\u011bt\u00ed a jejich rodin.<br \/>\nDo Motola za\u010dala jezdit pravideln\u011b a v\u017edy veze d\u011btem n\u011bjak\u00e9 d\u00e1rky, sladkosti, vyr\u00e1b\u00ed pro n\u011b.<br \/>\n&#8222;Po\u0159\u00e1d se mi to ale zd\u00e1lo m\u00e1lo,&#8220; pokra\u010duje, &#8222;tak m\u011b napadlo ud\u011blat v\u011bt\u0161\u00ed akci pro d\u011bti. A v\u00fdt\u011b\u017eek by \u0161el pr\u00e1v\u011b na konto fondu.&#8220; A od slov nebylo daleko k \u010din\u016fm. Prostory poskytl hrad Hartenberg, d\u011bti si tu u\u017eily d\u00edlni\u010dky, sout\u011b\u017ee, divadlo, dostaly voucher na ob\u010derstven\u00ed. Pro jejich rodi\u010de byl ur\u010den\u00fd koncert Michala \u0160indel\u00e1\u0159e. &#8222;V\u00fdt\u011b\u017eek z akce byl 20 583 korun, kter\u00e9 jsem poslala na \u00fa\u010det. \u0158editelka nadace Lenka Klasnov\u00e1, kter\u00e1 se taky p\u0159ijela pod\u00edvat, nadace vlastn\u011b tuto akci za\u0161t\u00edtila, si pak je\u0161t\u011b odvezla zape\u010det\u011bn\u00e9 pokladni\u010dky s dal\u0161\u00edmi p\u0159\u00edsp\u011bvky n\u00e1v\u0161t\u011bvn\u00edk\u016f,&#8220; uvedla V\u011brka. Sou\u010d\u00e1st\u00ed akce byl i b\u011bh, kter\u00fd po\u0159\u00e1dalo \u017div\u00e9 Sokolovsko.<br \/>\n&#8222;Pos\u00edlali jsme 50 korun z ka\u017ed\u00e9ho startovn\u00e9ho, dohromady 1600 korun,&#8220; doplnila Iveta M\u00fcllerov\u00e1. Hra\u010dky i dobroty, kter\u00e9 z akce zbyly, pak putovaly tak\u00e9 d\u011btem do Motola. V\u011br\u010dina pomoc t\u00edm rozhodn\u011b nekon\u010d\u00ed, naopak, v hlav\u011b sp\u0159\u00e1d\u00e1 dal\u0161\u00ed n\u00e1pady, jak d\u011btem ud\u011blat radost. A do sv\u00fdch pl\u00e1n\u016f zbl\u00e1znila celou svoji rodinu a kamar\u00e1dky.<br \/>\nNada\u010dn\u00ed fond \u0160ance onkol\u00e1\u010dk\u016fm se rozhodla zalo\u017eit maminka mal\u00e9ho Maty\u00e1\u0161ka Lenka Klasnov\u00e1. Tomu l\u00e9ka\u0159i v 9 m\u011bs\u00edc\u00edch diagnostikovali zhoubn\u00fd d\u011btsk\u00fd n\u00e1dor. Do pomoci v na\u0161em kraji se zapojila nap\u0159\u00edklad i Petra \u0160etele: &#8222;Zorganizovala jsem v\u00e1no\u010dn\u00ed jarmark. Oslovila jsem des\u00edtky handmade v\u00fdrobc\u016f, zda by nezaslali sv\u00e9 v\u00fdrobky. Ty se pak prod\u00e1valy. A ud\u011blala jsem aukci s deseti z nich a v\u00fdt\u011b\u017eek jsem poslala na \u00fa\u010det. Bylo to t\u00e9m\u011b\u0159 120 tis\u00edc.&#8220; <\/p>\n<p>&#8212; <\/p>\n<p>\u0160ance onkol\u00e1\u010dk\u016fm <\/p>\n<p>&#8211; neziskov\u00e1 organizace \u0160ance onkol\u00e1\u010dk\u016fm vznikla v roce 2014 se z\u00e1m\u011brem materi\u00e1ln\u011b a finan\u010dn\u011b pom\u00e1hat d\u011btem s vrozen\u00fdmi vadami, onkologick\u00fdm nebo jin\u00fdm z\u00e1va\u017en\u00fdm onemocn\u011bn\u00edm a 2 roky po ukon\u010den\u00ed l\u00e9\u010dby.<br \/>\n&#8211; do dne\u0161n\u00edho dne pomohla nebo zprost\u0159edkovala pomoc 450 d\u011btem v onkologick\u00e9 l\u00e9\u010db\u011b a skoro 150 d\u011btem s jin\u00fdm z\u00e1va\u017en\u00fdm onemocn\u011bn\u00edm.<br \/>\nV\u00edce informac\u00ed: www.nfsanceonkolackum.cz www.facebook.<br \/>\ncom\/sanceonkolackum sanceonkolackum@seznam.<br \/>\ncz transparentn\u00ed \u00fa\u010det: 2600717725\/2010<\/p>\n<p>LUCIE \u017dIPPAIOV\u00c1<br \/>\nChebsk\u00fd den\u00edk<br \/>\nhttp:\/\/chebsky.denik.cz\/ <\/p>\n","protected":false},"excerpt":{"rendered":"<div class=\"mh-excerpt\"><p>&#8222;V\u016fbec to nen\u00ed depresivn\u00ed. To si mysl\u00ed hodn\u011b lid\u00ed, ale nen\u00ed to tak. Tam p\u0159ijde\u0161 a je tam tolik energie a tolik l\u00e1sky, to t\u011bm <a class=\"mh-excerpt-more\" href=\"https:\/\/www.invarena.cz\/?p=30657\" title=\"Nep\u0159ipad\u00e1 si zbyte\u010dn\u00e1, pom\u00e1h\u00e1 d\u011btem\">[&#8230;]<\/a><\/p>\n<\/div>","protected":false},"author":1,"featured_media":14138,"comment_status":"open","ping_status":"closed","sticky":false,"template":"","format":"standard","meta":{"footnotes":""},"categories":[9],"tags":[],"class_list":["post-30657","post","type-post","status-publish","format-standard","has-post-thumbnail","hentry","category-zpravy"],"_links":{"self":[{"href":"https:\/\/www.invarena.cz\/index.php?rest_route=\/wp\/v2\/posts\/30657","targetHints":{"allow":["GET"]}}],"collection":[{"href":"https:\/\/www.invarena.cz\/index.php?rest_route=\/wp\/v2\/posts"}],"about":[{"href":"https:\/\/www.invarena.cz\/index.php?rest_route=\/wp\/v2\/types\/post"}],"author":[{"embeddable":true,"href":"https:\/\/www.invarena.cz\/index.php?rest_route=\/wp\/v2\/users\/1"}],"replies":[{"embeddable":true,"href":"https:\/\/www.invarena.cz\/index.php?rest_route=%2Fwp%2Fv2%2Fcomments&post=30657"}],"version-history":[{"count":0,"href":"https:\/\/www.invarena.cz\/index.php?rest_route=\/wp\/v2\/posts\/30657\/revisions"}],"wp:featuredmedia":[{"embeddable":true,"href":"https:\/\/www.invarena.cz\/index.php?rest_route=\/wp\/v2\/media\/14138"}],"wp:attachment":[{"href":"https:\/\/www.invarena.cz\/index.php?rest_route=%2Fwp%2Fv2%2Fmedia&parent=30657"}],"wp:term":[{"taxonomy":"category","embeddable":true,"href":"https:\/\/www.invarena.cz\/index.php?rest_route=%2Fwp%2Fv2%2Fcategories&post=30657"},{"taxonomy":"post_tag","embeddable":true,"href":"https:\/\/www.invarena.cz\/index.php?rest_route=%2Fwp%2Fv2%2Ftags&post=30657"}],"curies":[{"name":"wp","href":"https:\/\/api.w.org\/{rel}","templated":true}]}}