{"id":30692,"date":"2018-07-19T14:43:49","date_gmt":"2018-07-19T12:43:49","guid":{"rendered":"http:\/\/www.invarena.cz\/?p=30692"},"modified":"2018-07-19T14:43:49","modified_gmt":"2018-07-19T12:43:49","slug":"tri-osobni-prani-se-splnila-standovi-blance-a-adelce","status":"publish","type":"post","link":"https:\/\/www.invarena.cz\/?p=30692","title":{"rendered":"T\u0159i osobn\u00ed p\u0159\u00e1n\u00ed se splnila Standovi, Blance a Ad\u00e9lce"},"content":{"rendered":"<p><strong>T\u0159et\u00ed ro\u010dn\u00edk festivalu Poz\u010fat\u00ednsk\u00e1 l\u00e1vka fest se vedle dobr\u00e9 muziky op\u011bt naplnil lidskou solidaritou. Na pot\u0159ebn\u00e9 pom\u016fcky pro trio mlad\u00fdch lid\u00ed s t\u011blesn\u00fdm posti\u017een\u00edm p\u0159isp\u011bli u\u017eivatel\u00e9 aplikace EPP \u2013 Pom\u00e1hej pohybem, \u00fa\u010dinkuj\u00edc\u00ed, kte\u0159\u00ed se z\u0159ekli honor\u00e1\u0159e, a v\u0161ichni, kte\u0159\u00ed si zakoupili vstupenku na festival. Dar poskytly i n\u011bkter\u00e9 firmy, obce a Mikroregion Hor\u00e1cko.<\/strong> <!--more--><\/p>\n<p>Poz\u010fat\u00edn \u2013 Malou obec Poz\u010fat\u00edn u T\u0159eb\u00ed\u010de rozezn\u011bly v p\u00e1tek 13. \u010dervence a n\u00e1sleduj\u00edc\u00ed sobotu po roce op\u011bt rockov\u00e9 t\u00f3ny. U\u017e pot\u0159et\u00ed se zde konal benefi\u010dn\u00ed festival Poz\u010fat\u00ednsk\u00e1 l\u00e1vka fest s p\u0159idru\u017eenou akc\u00ed Poz\u010fat\u00ednsk\u00e9 rockov\u00e1n\u00ed, kter\u00fd je n\u00e1v\u0161t\u011bvn\u00edky vyhled\u00e1v\u00e1n nejen pro hudebn\u00ed program, ale i pro rodinnou atmosf\u00e9ru a dobro\u010dinnost, se kterou se akce od sv\u00e9ho po\u010d\u00e1tku poj\u00ed.<\/p>\n<p>V\u00cdC NE\u017d 300 TIS\u00cdC<\/p>\n<p>Jako zlat\u00fd h\u0159eb ve\u010dera vystoupila legenda \u010desk\u00e9 hudebn\u00ed sc\u00e9ny Michal Ambro\u017e &amp; Hudba Praha.<\/p>\n<p>V p\u0159ede\u0161l\u00fdch dvou ro\u010dn\u00edc\u00edch se toti\u017e poda\u0159ilo shrom\u00e1\u017edit a p\u0159edat souhrnnou \u010d\u00e1stku p\u0159evy\u0161uj\u00edc\u00ed 300 tis\u00edc korun t\u011bm, kte\u0159\u00ed pomoc pot\u0159ebuj\u00ed.<\/p>\n<p>Letos schv\u00e1lila rada Mikroregionu Hor\u00e1cko t\u0159i kandid\u00e1ty na podporu: Ad\u00e9lu Pal\u00e1tovou z T\u0159ebenic, Blanku Chv\u00e1talovou z T\u0159ebenic a Stanislava H\u00e1jka z Rud\u00edkova. V\u0161ichni t\u0159i maj\u00ed konkr\u00e9tn\u00ed t\u011blesn\u00e9 posti\u017een\u00ed a jejich soci\u00e1ln\u00ed z\u00e1zem\u00ed jim neumo\u017e\u0148uje se finan\u010dn\u011b pod\u00edlet na n\u00e1kladech na pot\u0159ebn\u00e9 pom\u016fcky nebo \u00faprav\u00e1ch v m\u00edst\u011b bydli\u0161t\u011b pro kvalitn\u011bj\u0161\u00ed ka\u017edodenn\u00ed \u017eivot.<\/p>\n<p>&#8222;Pen\u00edze byly op\u011bt slo\u017eeny z p\u0159\u00edsp\u011bvk\u016f organiz\u00e1tora (minim\u00e1ln\u011b 30 korun z ka\u017ed\u00e9 zakoupen\u00e9 vstupenky), dal\u0161\u00ed prost\u0159edky v\u011bnovali n\u00e1v\u0161t\u011bvn\u00edci formou dobrovoln\u00fdch p\u0159\u00edsp\u011bvk\u016f. P\u0159isp\u011bly i n\u011bkter\u00e9 obce, soukrom\u00e9 firmy a Mikroregion Hor\u00e1cko,&#8220; poznamenal starosta Poz\u010fat\u00edna Franti\u0161ek Dundel.<\/p>\n<p>&#8222;Nadace \u010cEZ pomohla trojici mlad\u00fdch lid\u00ed \u010d\u00e1stkou 50 tis\u00edc korun, kterou pohybov\u00fdmi aktivitami dali v aplikaci EPP dohromady jej\u00ed u\u017eivatel\u00e9. T\u00edmto jim v\u0161em d\u011bkuji a t\u011b\u0161\u00ed m\u011b, \u017ee si poz\u010ftat\u00ednsk\u00fd festival dr\u017e\u00ed svou jedine\u010dnou atmosf\u00e9ru napln\u011bnou v\u016fl\u00ed pom\u00e1hat druh\u00fdm,&#8220; dodala \u0159editelka nadace Michaela Zikov\u00e1.<\/p>\n<p>Darovan\u00e1 \u010d\u00e1stka pom\u016f\u017ee za\u0159\u00eddit t\u0159eba bezbari\u00e9rov\u00fd p\u0159\u00edstup na zahradu, invalidn\u00ed WC a dal\u0161\u00ed stavebn\u00ed \u00fapravy u Blanky a Standy nebo speci\u00e1ln\u00ed zdravotnickou pom\u016fcku \u2013 komunik\u00e1tor pro Ad\u00e9lku.<\/p>\n<p>T\u0159eb\u00ed\u010dsk\u00fd den\u00edk<br \/>\n<a href=\"http:\/\/www.trebicsky.denik.cz\/\" target=\"_blank\" rel=\"noopener noreferrer\">http:\/\/www.trebicsky.denik.cz\/<\/a><\/p>\n","protected":false},"excerpt":{"rendered":"<div class=\"mh-excerpt\"><p>T\u0159et\u00ed ro\u010dn\u00edk festivalu Poz\u010fat\u00ednsk\u00e1 l\u00e1vka fest se vedle dobr\u00e9 muziky op\u011bt naplnil lidskou solidaritou. Na pot\u0159ebn\u00e9 pom\u016fcky pro trio mlad\u00fdch lid\u00ed s t\u011blesn\u00fdm posti\u017een\u00edm p\u0159isp\u011bli <a class=\"mh-excerpt-more\" href=\"https:\/\/www.invarena.cz\/?p=30692\" title=\"T\u0159i osobn\u00ed p\u0159\u00e1n\u00ed se splnila Standovi, Blance a Ad\u00e9lce\">[&#8230;]<\/a><\/p>\n<\/div>","protected":false},"author":1,"featured_media":7488,"comment_status":"open","ping_status":"closed","sticky":false,"template":"","format":"standard","meta":{"footnotes":""},"categories":[9],"tags":[],"class_list":["post-30692","post","type-post","status-publish","format-standard","has-post-thumbnail","hentry","category-zpravy"],"_links":{"self":[{"href":"https:\/\/www.invarena.cz\/index.php?rest_route=\/wp\/v2\/posts\/30692","targetHints":{"allow":["GET"]}}],"collection":[{"href":"https:\/\/www.invarena.cz\/index.php?rest_route=\/wp\/v2\/posts"}],"about":[{"href":"https:\/\/www.invarena.cz\/index.php?rest_route=\/wp\/v2\/types\/post"}],"author":[{"embeddable":true,"href":"https:\/\/www.invarena.cz\/index.php?rest_route=\/wp\/v2\/users\/1"}],"replies":[{"embeddable":true,"href":"https:\/\/www.invarena.cz\/index.php?rest_route=%2Fwp%2Fv2%2Fcomments&post=30692"}],"version-history":[{"count":0,"href":"https:\/\/www.invarena.cz\/index.php?rest_route=\/wp\/v2\/posts\/30692\/revisions"}],"wp:featuredmedia":[{"embeddable":true,"href":"https:\/\/www.invarena.cz\/index.php?rest_route=\/wp\/v2\/media\/7488"}],"wp:attachment":[{"href":"https:\/\/www.invarena.cz\/index.php?rest_route=%2Fwp%2Fv2%2Fmedia&parent=30692"}],"wp:term":[{"taxonomy":"category","embeddable":true,"href":"https:\/\/www.invarena.cz\/index.php?rest_route=%2Fwp%2Fv2%2Fcategories&post=30692"},{"taxonomy":"post_tag","embeddable":true,"href":"https:\/\/www.invarena.cz\/index.php?rest_route=%2Fwp%2Fv2%2Ftags&post=30692"}],"curies":[{"name":"wp","href":"https:\/\/api.w.org\/{rel}","templated":true}]}}