{"id":30744,"date":"2018-08-06T18:28:26","date_gmt":"2018-08-06T16:28:26","guid":{"rendered":"http:\/\/www.invarena.cz\/?p=30744"},"modified":"2018-08-06T18:28:26","modified_gmt":"2018-08-06T16:28:26","slug":"bezci-v-telci-pomohli-tem-kteri-se-uz-rozbehnout-nemohou","status":"publish","type":"post","link":"https:\/\/www.invarena.cz\/?p=30744","title":{"rendered":"B\u011b\u017eci v Tel\u010di pomohli t\u011bm, kte\u0159\u00ed se u\u017e rozb\u011bhnout nemohou"},"content":{"rendered":"<p><strong>Doj\u00edt si k l\u00e9ka\u0159i nebo si vyzvednout l\u00e9ky v l\u00e9k\u00e1rn\u011b? Pro n\u011bkoho naprosto b\u011b\u017en\u00e1 v\u011bc, pro jin\u00e9ho obrovsk\u00fd probl\u00e9m, a to obzvl\u00e1\u0161t\u011b pro lidi nemocn\u00e9 a nemohouc\u00ed. \u0158e\u0161it se to sna\u017e\u00ed sdru\u017een\u00ed Sd\u00edlen\u00ed, kter\u00e9 si vzalo za c\u00edl vybrat pen\u00edze na auto pro zdravotn\u00ed sestru, kter\u00e1 jezd\u00ed za pacienty v Tel\u010di a okol\u00ed.<\/strong> <!--more--><\/p>\n<p>Tel\u010d \u2013 Ji\u017e minul\u00fd rok se pracovn\u00edci ze sdru\u017een\u00ed Sd\u00edlen\u00ed rozhodli vybrat pen\u00edze pomoc\u00ed benefi\u010dn\u00edho b\u011bhu s n\u00e1zvem B\u011bh m\u011bstem \u0161\u0165astn\u00fdch l\u00e1sek. Konal se i letos.<\/p>\n<p>V\u010dera dopoledne tak b\u011b\u017eci startovali na tel\u010dsk\u00e9m n\u00e1m\u011bst\u00ed Zachari\u00e1\u0161e z Hradce. Mezi z\u00e1vodn\u00edky nechyb\u011bli v\u00e1\u0161niv\u00ed sportovci, d\u011bti, pejsci i lid\u00e9 na invalidn\u00edch voz\u00edc\u00edch. &#8222;B\u011bh byl ur\u010den pro v\u0161echny generace, nebylo nutn\u00e9 b\u011b\u017eet, ale z\u00fa\u010dastnit se. Motto leto\u0161n\u00edho ro\u010dn\u00edku bylo: Jsem v\u00edt\u011bz, b\u011b\u017e\u00edm pro hospic,&#8220; uvedla Jana B\u011bl\u00edkov\u00e1 ze sdru\u017een\u00ed Sd\u00edlen\u00ed.<\/p>\n<p>Z\u00e1jem o benefi\u010dn\u00ed akci byl opravdu velik\u00fd. Zat\u00edmco minul\u00fd rok byly registrov\u00e1ny necel\u00e9 dv\u011b stovky z\u00e1vodn\u00edk\u016f, letos organiz\u00e1to\u0159i je\u0161t\u011b p\u0159ed za\u010d\u00e1tkem z\u00e1vodu hl\u00e1sili, \u017ee \u0161est set medail\u00ed, kter\u00e9 m\u011bli p\u0159ipraven\u00e9 pro ka\u017ed\u00e9ho \u00fa\u010dastn\u00edka, nebude sta\u010dit. Lid\u00e9 mohli pomoci nejen zaplacen\u00edm startovn\u00e9ho, ale tak\u00e9 koup\u00ed oble\u010den\u00ed \u010di drobn\u00e9ho ob\u010derstven\u00ed. Leto\u0161n\u00ed ro\u010dn\u00edk nav\u00edc podpo\u0159ily dv\u011b velk\u00e9 nadace.<\/p>\n<p>&#8222;V\u00fdt\u011b\u017eek akce zdvojn\u00e1sob\u00ed a\u017e do v\u00fd\u0161e \u0161edes\u00e1t tis\u00edc korun nadace Divok\u00e9 husy a Nadace \u010cEZ,&#8220; doplnila B\u011bl\u00edkov\u00e1.<\/p>\n<p>Nadace \u010cEZ nav\u00edc p\u0159ivezla sv\u00e1 Oran\u017eov\u00e1 kola, kde mohli lid\u00e9 &#8222;vy\u0161lapat&#8220; pen\u00edze pro Sd\u00edlen\u00ed SDH Tel\u010d.<\/p>\n<p>Patronem akce byl i tentokr\u00e1t kulturista Jakub Caha, kter\u00fd se tak\u00e9 postavil do \u010dele z\u00e1vodu.<\/p>\n<p>MARK\u00c9TA JEL\u00cdNKOV\u00c1<br \/>\nJihlavsk\u00fd den\u00edk<br \/>\n<a href=\"http:\/\/www.jihlavsky.denik.cz\/\" target=\"_blank\" rel=\"noopener noreferrer\">http:\/\/www.jihlavsky.denik.cz\/<\/a><\/p>\n","protected":false},"excerpt":{"rendered":"<div class=\"mh-excerpt\"><p>Doj\u00edt si k l\u00e9ka\u0159i nebo si vyzvednout l\u00e9ky v l\u00e9k\u00e1rn\u011b? Pro n\u011bkoho naprosto b\u011b\u017en\u00e1 v\u011bc, pro jin\u00e9ho obrovsk\u00fd probl\u00e9m, a to obzvl\u00e1\u0161t\u011b pro lidi nemocn\u00e9 <a class=\"mh-excerpt-more\" href=\"https:\/\/www.invarena.cz\/?p=30744\" title=\"B\u011b\u017eci v Tel\u010di pomohli t\u011bm, kte\u0159\u00ed se u\u017e rozb\u011bhnout nemohou\">[&#8230;]<\/a><\/p>\n<\/div>","protected":false},"author":1,"featured_media":30386,"comment_status":"open","ping_status":"closed","sticky":false,"template":"","format":"standard","meta":{"footnotes":""},"categories":[9],"tags":[],"class_list":["post-30744","post","type-post","status-publish","format-standard","has-post-thumbnail","hentry","category-zpravy"],"_links":{"self":[{"href":"https:\/\/www.invarena.cz\/index.php?rest_route=\/wp\/v2\/posts\/30744","targetHints":{"allow":["GET"]}}],"collection":[{"href":"https:\/\/www.invarena.cz\/index.php?rest_route=\/wp\/v2\/posts"}],"about":[{"href":"https:\/\/www.invarena.cz\/index.php?rest_route=\/wp\/v2\/types\/post"}],"author":[{"embeddable":true,"href":"https:\/\/www.invarena.cz\/index.php?rest_route=\/wp\/v2\/users\/1"}],"replies":[{"embeddable":true,"href":"https:\/\/www.invarena.cz\/index.php?rest_route=%2Fwp%2Fv2%2Fcomments&post=30744"}],"version-history":[{"count":0,"href":"https:\/\/www.invarena.cz\/index.php?rest_route=\/wp\/v2\/posts\/30744\/revisions"}],"wp:featuredmedia":[{"embeddable":true,"href":"https:\/\/www.invarena.cz\/index.php?rest_route=\/wp\/v2\/media\/30386"}],"wp:attachment":[{"href":"https:\/\/www.invarena.cz\/index.php?rest_route=%2Fwp%2Fv2%2Fmedia&parent=30744"}],"wp:term":[{"taxonomy":"category","embeddable":true,"href":"https:\/\/www.invarena.cz\/index.php?rest_route=%2Fwp%2Fv2%2Fcategories&post=30744"},{"taxonomy":"post_tag","embeddable":true,"href":"https:\/\/www.invarena.cz\/index.php?rest_route=%2Fwp%2Fv2%2Ftags&post=30744"}],"curies":[{"name":"wp","href":"https:\/\/api.w.org\/{rel}","templated":true}]}}