{"id":30784,"date":"2018-08-15T13:39:22","date_gmt":"2018-08-15T11:39:22","guid":{"rendered":"http:\/\/www.invarena.cz\/?p=30784"},"modified":"2018-08-15T13:39:22","modified_gmt":"2018-08-15T11:39:22","slug":"barevny-svet-zastresi-chranene-bydleni-v-trebici","status":"publish","type":"post","link":"https:\/\/www.invarena.cz\/?p=30784","title":{"rendered":"Barevn\u00fd sv\u011bt zast\u0159e\u0161\u00ed chr\u00e1n\u011bn\u00e9 bydlen\u00ed v T\u0159eb\u00ed\u010di"},"content":{"rendered":"<p><strong>Nov\u00fdm provozovatelem chr\u00e1n\u011bn\u00e9ho bydlen\u00ed, kter\u00e9 vznik\u00e1 v b\u00fdval\u00e9 o\u010dn\u00ed \u0161kole v Demlov\u011b ulici, bude Denn\u00ed centrum Barevn\u00fd sv\u011bt. Ten stejnou slu\u017ebu provozuje ji\u017e p\u00e1t\u00fdm rokem v Hrotovic\u00edch.<\/strong><!--more--><\/p>\n<p>Cel\u00fd \u010dl\u00e1nek <a href=\"https:\/\/trebicsky.denik.cz\/zpravy_region\/barevny-svet-zastresi-chranene-bydleni-v-trebici-20180814.html\" target=\"_blank\" rel=\"noopener noreferrer\">ZDE<\/a><\/p>\n","protected":false},"excerpt":{"rendered":"<div class=\"mh-excerpt\"><p>Nov\u00fdm provozovatelem chr\u00e1n\u011bn\u00e9ho bydlen\u00ed, kter\u00e9 vznik\u00e1 v b\u00fdval\u00e9 o\u010dn\u00ed \u0161kole v Demlov\u011b ulici, bude Denn\u00ed centrum Barevn\u00fd sv\u011bt. Ten stejnou slu\u017ebu provozuje ji\u017e p\u00e1t\u00fdm rokem <a class=\"mh-excerpt-more\" href=\"https:\/\/www.invarena.cz\/?p=30784\" title=\"Barevn\u00fd sv\u011bt zast\u0159e\u0161\u00ed chr\u00e1n\u011bn\u00e9 bydlen\u00ed v T\u0159eb\u00ed\u010di\">[&#8230;]<\/a><\/p>\n<\/div>","protected":false},"author":1,"featured_media":5533,"comment_status":"open","ping_status":"closed","sticky":false,"template":"","format":"standard","meta":{"footnotes":""},"categories":[9],"tags":[],"class_list":["post-30784","post","type-post","status-publish","format-standard","has-post-thumbnail","hentry","category-zpravy"],"_links":{"self":[{"href":"https:\/\/www.invarena.cz\/index.php?rest_route=\/wp\/v2\/posts\/30784","targetHints":{"allow":["GET"]}}],"collection":[{"href":"https:\/\/www.invarena.cz\/index.php?rest_route=\/wp\/v2\/posts"}],"about":[{"href":"https:\/\/www.invarena.cz\/index.php?rest_route=\/wp\/v2\/types\/post"}],"author":[{"embeddable":true,"href":"https:\/\/www.invarena.cz\/index.php?rest_route=\/wp\/v2\/users\/1"}],"replies":[{"embeddable":true,"href":"https:\/\/www.invarena.cz\/index.php?rest_route=%2Fwp%2Fv2%2Fcomments&post=30784"}],"version-history":[{"count":0,"href":"https:\/\/www.invarena.cz\/index.php?rest_route=\/wp\/v2\/posts\/30784\/revisions"}],"wp:featuredmedia":[{"embeddable":true,"href":"https:\/\/www.invarena.cz\/index.php?rest_route=\/wp\/v2\/media\/5533"}],"wp:attachment":[{"href":"https:\/\/www.invarena.cz\/index.php?rest_route=%2Fwp%2Fv2%2Fmedia&parent=30784"}],"wp:term":[{"taxonomy":"category","embeddable":true,"href":"https:\/\/www.invarena.cz\/index.php?rest_route=%2Fwp%2Fv2%2Fcategories&post=30784"},{"taxonomy":"post_tag","embeddable":true,"href":"https:\/\/www.invarena.cz\/index.php?rest_route=%2Fwp%2Fv2%2Ftags&post=30784"}],"curies":[{"name":"wp","href":"https:\/\/api.w.org\/{rel}","templated":true}]}}