{"id":30794,"date":"2018-08-21T14:32:12","date_gmt":"2018-08-21T12:32:12","guid":{"rendered":"http:\/\/www.invarena.cz\/?p=30794"},"modified":"2018-08-21T14:32:12","modified_gmt":"2018-08-21T12:32:12","slug":"do-sbirky-pridal-zlata-z-dublinu","status":"publish","type":"post","link":"https:\/\/www.invarena.cz\/?p=30794","title":{"rendered":"Do sb\u00edrky p\u0159idal zlata z Dublinu"},"content":{"rendered":"<p><strong>Jeden z nej\u00fasp\u011b\u0161n\u011bj\u0161\u00edch hendikepovan\u00fdch sportovc\u016f \u010cesk\u00e9 republiky Arno\u0161t Petr\u00e1\u010dek vybojoval dal\u0161\u00ed medaili.<\/strong> <!--more--><\/p>\n<p>\u010cesk\u00e9 Bud\u011bjovice \u2013 Zlato se mu poda\u0159ilo vylovit v Dublinu, kde se konalo mistrovstv\u00ed Evropy.<\/p>\n<p>V Irsku nastoupil do z\u00e1vodu pades\u00e1t metr\u016f voln\u00fdm zp\u016fsobem v kategorii S4. Na konci baz\u00e9nu uk\u00e1zaly sympatick\u00e9mu Jiho\u010dechovi stopky osobn\u00ed rekord.<\/p>\n<p>\u010cas 40:40 rozpoutal oslavy a p\u0159ij\u00edm\u00e1n\u00ed zaslou\u017een\u00fdch gratulac\u00ed, ale paralympijsk\u00fd v\u00edt\u011bz Arno\u0161t Petr\u00e1\u010dek vybojoval na mistrovstv\u00ed Evropy v Dublinu je\u0161t\u011b dal\u0161\u00ed \u00fasp\u011bch.<\/p>\n<p>Podle o\u010dek\u00e1v\u00e1n\u00ed byl v Irsku nejlep\u0161\u00ed tak\u00e9 na trati 50 metr\u016f znak. Petr\u00e1\u010dek potvrdil vysokou v\u00fdkonnost.<\/p>\n<p>KAMIL J\u00c1\u0160A<br \/>\n\u010ceskobud\u011bjovick\u00fd den\u00edk<br \/>\n<a href=\"http:\/\/ceskobudejovicky.denik.cz\/\" target=\"_blank\" rel=\"noopener noreferrer\">http:\/\/ceskobudejovicky.denik.cz\/<\/a><\/p>\n","protected":false},"excerpt":{"rendered":"<div class=\"mh-excerpt\"><p>Jeden z nej\u00fasp\u011b\u0161n\u011bj\u0161\u00edch hendikepovan\u00fdch sportovc\u016f \u010cesk\u00e9 republiky Arno\u0161t Petr\u00e1\u010dek vybojoval dal\u0161\u00ed medaili.<\/p>\n<\/div>","protected":false},"author":1,"featured_media":21009,"comment_status":"open","ping_status":"closed","sticky":false,"template":"","format":"standard","meta":{"footnotes":""},"categories":[9],"tags":[],"class_list":["post-30794","post","type-post","status-publish","format-standard","has-post-thumbnail","hentry","category-zpravy"],"_links":{"self":[{"href":"https:\/\/www.invarena.cz\/index.php?rest_route=\/wp\/v2\/posts\/30794","targetHints":{"allow":["GET"]}}],"collection":[{"href":"https:\/\/www.invarena.cz\/index.php?rest_route=\/wp\/v2\/posts"}],"about":[{"href":"https:\/\/www.invarena.cz\/index.php?rest_route=\/wp\/v2\/types\/post"}],"author":[{"embeddable":true,"href":"https:\/\/www.invarena.cz\/index.php?rest_route=\/wp\/v2\/users\/1"}],"replies":[{"embeddable":true,"href":"https:\/\/www.invarena.cz\/index.php?rest_route=%2Fwp%2Fv2%2Fcomments&post=30794"}],"version-history":[{"count":0,"href":"https:\/\/www.invarena.cz\/index.php?rest_route=\/wp\/v2\/posts\/30794\/revisions"}],"wp:featuredmedia":[{"embeddable":true,"href":"https:\/\/www.invarena.cz\/index.php?rest_route=\/wp\/v2\/media\/21009"}],"wp:attachment":[{"href":"https:\/\/www.invarena.cz\/index.php?rest_route=%2Fwp%2Fv2%2Fmedia&parent=30794"}],"wp:term":[{"taxonomy":"category","embeddable":true,"href":"https:\/\/www.invarena.cz\/index.php?rest_route=%2Fwp%2Fv2%2Fcategories&post=30794"},{"taxonomy":"post_tag","embeddable":true,"href":"https:\/\/www.invarena.cz\/index.php?rest_route=%2Fwp%2Fv2%2Ftags&post=30794"}],"curies":[{"name":"wp","href":"https:\/\/api.w.org\/{rel}","templated":true}]}}