{"id":30823,"date":"2018-08-28T16:15:15","date_gmt":"2018-08-28T14:15:15","guid":{"rendered":"http:\/\/www.invarena.cz\/?p=30823"},"modified":"2018-08-28T16:15:15","modified_gmt":"2018-08-28T14:15:15","slug":"ostrava-klienti-ctyrlistku-ziskaji-lepsi-bydleni","status":"publish","type":"post","link":"https:\/\/www.invarena.cz\/?p=30823","title":{"rendered":"Ostrava: Klienti \u010cty\u0159l\u00edstku z\u00edskaj\u00ed lep\u0161\u00ed bydlen\u00ed"},"content":{"rendered":"<p><strong>Lid\u00e9 s ment\u00e1ln\u00edm a \u010dasto tak\u00e9 s t\u011blesn\u00fdm posti\u017een\u00edm \u017eij\u00ed v domovech p\u0159\u00edsp\u011bvkov\u00e9 organizace \u010cty\u0159l\u00edstek. Nov\u011b by nam\u00edsto hromadn\u00e9ho bydlen\u00ed m\u011bli \u017e\u00edt v dom\u00e1cnostech po \u0161esti lidech. V z\u00e1\u0159\u00ed za\u010dne v\u00fdstavba p\u011bti nov\u00fdch dom\u016f, prvn\u00ed obyvatel\u00e9 by se do nich mohli nast\u011bhovat za rok.<\/strong><!--more--><\/p>\n<p>Cel\u00fd \u010dl\u00e1nek <a href=\"https:\/\/www.parlamentnilisty.cz\/politika\/obce-volicum\/Ostrava-Klienti-Ctyrlistku-ziskaji-lepsi-bydleni-549300\" target=\"_blank\" rel=\"noopener noreferrer\">ZDE<\/a><\/p>\n","protected":false},"excerpt":{"rendered":"<div class=\"mh-excerpt\"><p>Lid\u00e9 s ment\u00e1ln\u00edm a \u010dasto tak\u00e9 s t\u011blesn\u00fdm posti\u017een\u00edm \u017eij\u00ed v domovech p\u0159\u00edsp\u011bvkov\u00e9 organizace \u010cty\u0159l\u00edstek. Nov\u011b by nam\u00edsto hromadn\u00e9ho bydlen\u00ed m\u011bli \u017e\u00edt v dom\u00e1cnostech po <a class=\"mh-excerpt-more\" href=\"https:\/\/www.invarena.cz\/?p=30823\" title=\"Ostrava: Klienti \u010cty\u0159l\u00edstku z\u00edskaj\u00ed lep\u0161\u00ed bydlen\u00ed\">[&#8230;]<\/a><\/p>\n<\/div>","protected":false},"author":1,"featured_media":4002,"comment_status":"open","ping_status":"closed","sticky":false,"template":"","format":"standard","meta":{"footnotes":""},"categories":[9],"tags":[],"class_list":["post-30823","post","type-post","status-publish","format-standard","has-post-thumbnail","hentry","category-zpravy"],"_links":{"self":[{"href":"https:\/\/www.invarena.cz\/index.php?rest_route=\/wp\/v2\/posts\/30823","targetHints":{"allow":["GET"]}}],"collection":[{"href":"https:\/\/www.invarena.cz\/index.php?rest_route=\/wp\/v2\/posts"}],"about":[{"href":"https:\/\/www.invarena.cz\/index.php?rest_route=\/wp\/v2\/types\/post"}],"author":[{"embeddable":true,"href":"https:\/\/www.invarena.cz\/index.php?rest_route=\/wp\/v2\/users\/1"}],"replies":[{"embeddable":true,"href":"https:\/\/www.invarena.cz\/index.php?rest_route=%2Fwp%2Fv2%2Fcomments&post=30823"}],"version-history":[{"count":0,"href":"https:\/\/www.invarena.cz\/index.php?rest_route=\/wp\/v2\/posts\/30823\/revisions"}],"wp:featuredmedia":[{"embeddable":true,"href":"https:\/\/www.invarena.cz\/index.php?rest_route=\/wp\/v2\/media\/4002"}],"wp:attachment":[{"href":"https:\/\/www.invarena.cz\/index.php?rest_route=%2Fwp%2Fv2%2Fmedia&parent=30823"}],"wp:term":[{"taxonomy":"category","embeddable":true,"href":"https:\/\/www.invarena.cz\/index.php?rest_route=%2Fwp%2Fv2%2Fcategories&post=30823"},{"taxonomy":"post_tag","embeddable":true,"href":"https:\/\/www.invarena.cz\/index.php?rest_route=%2Fwp%2Fv2%2Ftags&post=30823"}],"curies":[{"name":"wp","href":"https:\/\/api.w.org\/{rel}","templated":true}]}}