{"id":30865,"date":"2018-09-11T16:01:47","date_gmt":"2018-09-11T14:01:47","guid":{"rendered":"http:\/\/www.invarena.cz\/?p=30865"},"modified":"2018-09-11T16:01:47","modified_gmt":"2018-09-11T14:01:47","slug":"navzdory-hendikepu-jakub-zpiva-i-tancuje","status":"publish","type":"post","link":"https:\/\/www.invarena.cz\/?p=30865","title":{"rendered":"Navzdory hendikepu Jakub zp\u00edv\u00e1 i tancuje"},"content":{"rendered":"<p><strong>\u0160estadvacetilet\u00fd Jakub Malafa z Plzn\u011b je upout\u00e1n na invalidn\u00ed voz\u00edk, p\u0159esto \u017eije aktivn\u011b. O v\u00edkendu vystoupil spolu s Hudebn\u00ed laborato\u0159\u00ed na festivalu Na konci l\u00e9ta.<\/strong> <!--more--><\/p>\n<p>Plze\u0148 \u2013 P\u0159i porodu prod\u011blal mozkovou obrnu a je upout\u00e1n na invalidn\u00ed voz\u00edk. \u0160estadvacetilet\u00fd Jakub Malafa je ale bojovn\u00edk, a p\u0159esto\u017ee mu osud nep\u0159\u00e1l, \u017eije aktivn\u011b \u2013 zp\u00edv\u00e1 i tan\u010d\u00ed, jak p\u0159edvedl v sobotu na festivalu Na konci l\u00e9ta, kter\u00fd se konal v plze\u0148sk\u00e9 Proluce.<\/p>\n<p>&#8222;Moc se mi to l\u00edbilo, je to tady moc kr\u00e1sn\u00fd,&#8220; \u0159\u00edkal Kuba Malafa, kter\u00fd zp\u00edv\u00e1 za Hudebn\u00ed laborato\u0159. Ta funguje coby volno\u010dasov\u00fd krou\u017eek pod sdru\u017een\u00edm Ty a J\u00e1, je\u017e zalo\u017eili lid\u00e9 okolo zp\u011bv\u00e1ka a pedagoga Zde\u0148ka Lahody.<\/p>\n<p>&#8222;Sdru\u017een\u00ed vzniklo z iniciativy maminek, kter\u00e9 maj\u00ed hendikepovan\u00e1 d\u011bcka. Dneska u\u017e jsou to velc\u00ed chlapi,&#8220; usm\u00edv\u00e1 se Lahoda, kter\u00fd dlouhou dobu &#8222;hudebku&#8220; vedl. &#8222;Zn\u00e1m Kubu od \u0161esti let, obrnu prod\u011blal hned b\u011bhem porodu. Je to \u0161ikovn\u00fd kluk, je s n\u00edm sranda, pamatuje si texty a zp\u00edv\u00e1 jako o \u017eivot,&#8220; charakterizuje hendikepovan\u00e9ho um\u011blce Lahoda, kter\u00fd ve 12. ro\u010dn\u00edku festivalu na p\u00f3diu zp\u00edval i tan\u010dil.<\/p>\n<p>S Malafou se Lahoda poznal v roce 1998 ve sdru\u017een\u00ed Exodus v T\u0159emo\u0161n\u00e9, kde tehdy vyu\u010doval hudebn\u00ed v\u00fdchovu.<\/p>\n<p>V sou\u010dasn\u00e9 dob\u011b v\u0161ak v Hudebn\u00ed laborato\u0159i stabiln\u00ed vedouc\u00ed chyb\u00ed. &#8222;Je to trochu probl\u00e9m,&#8220; posteskl si Malafa.<\/p>\n<p>Hudebn\u00ed laborato\u0159 loni vydala novou desku slo\u017eenou jen z vlastn\u00edch p\u00edsni\u010dek, se kter\u00fdmi tak\u00e9 vystupuje na p\u00f3diu. &#8222;Zp\u00edv\u00e1me jen svoje p\u00edsni\u010dky,&#8220; usm\u00edv\u00e1 se Zden\u011bk Lahoda.<\/p>\n<p>MARTIN \u0160I\u0160KA<br \/>\nPlze\u0148sk\u00fd den\u00edk<br \/>\n<a href=\"http:\/\/plzensky.denik.cz\/\" target=\"_blank\" rel=\"noopener noreferrer\">http:\/\/plzensky.denik.cz\/<\/a><\/p>\n","protected":false},"excerpt":{"rendered":"<div class=\"mh-excerpt\"><p>\u0160estadvacetilet\u00fd Jakub Malafa z Plzn\u011b je upout\u00e1n na invalidn\u00ed voz\u00edk, p\u0159esto \u017eije aktivn\u011b. O v\u00edkendu vystoupil spolu s Hudebn\u00ed laborato\u0159\u00ed na festivalu Na konci l\u00e9ta.<\/p>\n<\/div>","protected":false},"author":1,"featured_media":0,"comment_status":"open","ping_status":"closed","sticky":false,"template":"","format":"standard","meta":{"footnotes":""},"categories":[9],"tags":[],"class_list":["post-30865","post","type-post","status-publish","format-standard","hentry","category-zpravy"],"_links":{"self":[{"href":"https:\/\/www.invarena.cz\/index.php?rest_route=\/wp\/v2\/posts\/30865","targetHints":{"allow":["GET"]}}],"collection":[{"href":"https:\/\/www.invarena.cz\/index.php?rest_route=\/wp\/v2\/posts"}],"about":[{"href":"https:\/\/www.invarena.cz\/index.php?rest_route=\/wp\/v2\/types\/post"}],"author":[{"embeddable":true,"href":"https:\/\/www.invarena.cz\/index.php?rest_route=\/wp\/v2\/users\/1"}],"replies":[{"embeddable":true,"href":"https:\/\/www.invarena.cz\/index.php?rest_route=%2Fwp%2Fv2%2Fcomments&post=30865"}],"version-history":[{"count":0,"href":"https:\/\/www.invarena.cz\/index.php?rest_route=\/wp\/v2\/posts\/30865\/revisions"}],"wp:attachment":[{"href":"https:\/\/www.invarena.cz\/index.php?rest_route=%2Fwp%2Fv2%2Fmedia&parent=30865"}],"wp:term":[{"taxonomy":"category","embeddable":true,"href":"https:\/\/www.invarena.cz\/index.php?rest_route=%2Fwp%2Fv2%2Fcategories&post=30865"},{"taxonomy":"post_tag","embeddable":true,"href":"https:\/\/www.invarena.cz\/index.php?rest_route=%2Fwp%2Fv2%2Ftags&post=30865"}],"curies":[{"name":"wp","href":"https:\/\/api.w.org\/{rel}","templated":true}]}}