{"id":30884,"date":"2018-09-24T13:36:33","date_gmt":"2018-09-24T11:36:33","guid":{"rendered":"http:\/\/www.invarena.cz\/?p=30884"},"modified":"2018-09-24T14:30:26","modified_gmt":"2018-09-24T12:30:26","slug":"diakonie-v-hradisti-slavi-dvacet-let","status":"publish","type":"post","link":"https:\/\/www.invarena.cz\/?p=30884","title":{"rendered":"Diakonie v Hradi\u0161ti slav\u00ed dvacet let"},"content":{"rendered":"<p><strong>Za\u010d\u00ednala na fa\u0159e u Moravn\u00edho n\u00e1b\u0159e\u017e\u00ed s jednou slu\u017ebou, a to denn\u00edm stacion\u00e1\u0159em, osmi klienty a \u010dty\u0159mi zam\u011bstnanci. U\u017e o rok pozd\u011bji se v\u0161ak st\u011bhuje do prostor b\u00fdval\u00e9 mate\u0159sk\u00e9 \u0161koly v ulici Na Stavidle, kde p\u016fsob\u00ed dodnes.<\/strong><!--more--><\/p>\n<p>Cel\u00fd \u010dl\u00e1nek najdete na Slov\u00e1ck\u00e9m den\u00edku: <a href=\"https:\/\/slovacky.denik.cz\/zpravy_region\/diakonie-v-hradisti-slavi-dvacet-let-20180919.html\" target=\"_blank\" rel=\"noopener noreferrer\">ZDE<\/a><\/p>\n","protected":false},"excerpt":{"rendered":"<div class=\"mh-excerpt\"><p>Za\u010d\u00ednala na fa\u0159e u Moravn\u00edho n\u00e1b\u0159e\u017e\u00ed s jednou slu\u017ebou, a to denn\u00edm stacion\u00e1\u0159em, osmi klienty a \u010dty\u0159mi zam\u011bstnanci. U\u017e o rok pozd\u011bji se v\u0161ak st\u011bhuje <a class=\"mh-excerpt-more\" href=\"https:\/\/www.invarena.cz\/?p=30884\" title=\"Diakonie v Hradi\u0161ti slav\u00ed dvacet let\">[&#8230;]<\/a><\/p>\n<\/div>","protected":false},"author":1,"featured_media":0,"comment_status":"open","ping_status":"closed","sticky":false,"template":"","format":"standard","meta":{"footnotes":""},"categories":[9],"tags":[],"class_list":["post-30884","post","type-post","status-publish","format-standard","hentry","category-zpravy"],"_links":{"self":[{"href":"https:\/\/www.invarena.cz\/index.php?rest_route=\/wp\/v2\/posts\/30884","targetHints":{"allow":["GET"]}}],"collection":[{"href":"https:\/\/www.invarena.cz\/index.php?rest_route=\/wp\/v2\/posts"}],"about":[{"href":"https:\/\/www.invarena.cz\/index.php?rest_route=\/wp\/v2\/types\/post"}],"author":[{"embeddable":true,"href":"https:\/\/www.invarena.cz\/index.php?rest_route=\/wp\/v2\/users\/1"}],"replies":[{"embeddable":true,"href":"https:\/\/www.invarena.cz\/index.php?rest_route=%2Fwp%2Fv2%2Fcomments&post=30884"}],"version-history":[{"count":0,"href":"https:\/\/www.invarena.cz\/index.php?rest_route=\/wp\/v2\/posts\/30884\/revisions"}],"wp:attachment":[{"href":"https:\/\/www.invarena.cz\/index.php?rest_route=%2Fwp%2Fv2%2Fmedia&parent=30884"}],"wp:term":[{"taxonomy":"category","embeddable":true,"href":"https:\/\/www.invarena.cz\/index.php?rest_route=%2Fwp%2Fv2%2Fcategories&post=30884"},{"taxonomy":"post_tag","embeddable":true,"href":"https:\/\/www.invarena.cz\/index.php?rest_route=%2Fwp%2Fv2%2Ftags&post=30884"}],"curies":[{"name":"wp","href":"https:\/\/api.w.org\/{rel}","templated":true}]}}