{"id":30887,"date":"2018-09-19T18:13:54","date_gmt":"2018-09-19T16:13:54","guid":{"rendered":"http:\/\/www.invarena.cz\/?p=30887"},"modified":"2018-09-19T18:13:54","modified_gmt":"2018-09-19T16:13:54","slug":"pacientu-s-alzheimerem-pribyva-za-poslednich-pet-let-o-40-procent","status":"publish","type":"post","link":"https:\/\/www.invarena.cz\/?p=30887","title":{"rendered":"Pacient\u016f s Alzheimerem p\u0159ib\u00fdv\u00e1, za posledn\u00edch p\u011bt let o 40 procent"},"content":{"rendered":"<p><strong>V\u00edce ne\u017e 1,1 miliardy korun vy\u010derpali v lo\u0148sk\u00e9m roce na svoji l\u00e9\u010dbu klienti VZP, jim\u017e l\u00e9ka\u0159i diagnostikovali Alzheimerovu chorobu. Je to v\u016fbec poprv\u00e9, co n\u00e1klady nejv\u011bt\u0161\u00ed zdravotn\u00ed poji\u0161\u0165ovny na tuto nemoc p\u0159es\u00e1hly jednu miliardu. P\u0159ib\u00fdv\u00e1 ale i nemocn\u00fdch touto chorobou, za posledn\u00edch p\u011bt let jich p\u0159ibylo v\u00edce ne\u017e 40 procent.<\/strong><!--more--><\/p>\n<p>Cel\u00fd \u010dl\u00e1nek <a href=\"https:\/\/www.denik.cz\/zdravi\/pacientu-s-alzheimerem-pribyva-za-poslednich-pet-let-o-40-procent-20180918.html\" target=\"_blank\" rel=\"noopener noreferrer\">ZDE<\/a><\/p>\n","protected":false},"excerpt":{"rendered":"<div class=\"mh-excerpt\"><p>V\u00edce ne\u017e 1,1 miliardy korun vy\u010derpali v lo\u0148sk\u00e9m roce na svoji l\u00e9\u010dbu klienti VZP, jim\u017e l\u00e9ka\u0159i diagnostikovali Alzheimerovu chorobu. Je to v\u016fbec poprv\u00e9, co n\u00e1klady <a class=\"mh-excerpt-more\" href=\"https:\/\/www.invarena.cz\/?p=30887\" title=\"Pacient\u016f s Alzheimerem p\u0159ib\u00fdv\u00e1, za posledn\u00edch p\u011bt let o 40 procent\">[&#8230;]<\/a><\/p>\n<\/div>","protected":false},"author":1,"featured_media":17515,"comment_status":"open","ping_status":"closed","sticky":false,"template":"","format":"standard","meta":{"footnotes":""},"categories":[9],"tags":[],"class_list":["post-30887","post","type-post","status-publish","format-standard","has-post-thumbnail","hentry","category-zpravy"],"_links":{"self":[{"href":"https:\/\/www.invarena.cz\/index.php?rest_route=\/wp\/v2\/posts\/30887","targetHints":{"allow":["GET"]}}],"collection":[{"href":"https:\/\/www.invarena.cz\/index.php?rest_route=\/wp\/v2\/posts"}],"about":[{"href":"https:\/\/www.invarena.cz\/index.php?rest_route=\/wp\/v2\/types\/post"}],"author":[{"embeddable":true,"href":"https:\/\/www.invarena.cz\/index.php?rest_route=\/wp\/v2\/users\/1"}],"replies":[{"embeddable":true,"href":"https:\/\/www.invarena.cz\/index.php?rest_route=%2Fwp%2Fv2%2Fcomments&post=30887"}],"version-history":[{"count":0,"href":"https:\/\/www.invarena.cz\/index.php?rest_route=\/wp\/v2\/posts\/30887\/revisions"}],"wp:featuredmedia":[{"embeddable":true,"href":"https:\/\/www.invarena.cz\/index.php?rest_route=\/wp\/v2\/media\/17515"}],"wp:attachment":[{"href":"https:\/\/www.invarena.cz\/index.php?rest_route=%2Fwp%2Fv2%2Fmedia&parent=30887"}],"wp:term":[{"taxonomy":"category","embeddable":true,"href":"https:\/\/www.invarena.cz\/index.php?rest_route=%2Fwp%2Fv2%2Fcategories&post=30887"},{"taxonomy":"post_tag","embeddable":true,"href":"https:\/\/www.invarena.cz\/index.php?rest_route=%2Fwp%2Fv2%2Ftags&post=30887"}],"curies":[{"name":"wp","href":"https:\/\/api.w.org\/{rel}","templated":true}]}}