{"id":30888,"date":"2018-09-19T18:16:15","date_gmt":"2018-09-19T16:16:15","guid":{"rendered":"http:\/\/www.invarena.cz\/?p=30888"},"modified":"2018-09-19T18:16:15","modified_gmt":"2018-09-19T16:16:15","slug":"tyden-plny-svetlusek-na-teplicku","status":"publish","type":"post","link":"https:\/\/www.invarena.cz\/?p=30888","title":{"rendered":"T\u00fdden pln\u00fd Sv\u011btlu\u0161ek na Teplicku"},"content":{"rendered":"<p><strong>M\u00edstn\u00ed skupina \u010cesk\u00e9ho \u010cerven\u00e9ho k\u0159\u00ed\u017ee Novosedlice, Dub\u00ed a Probo\u0161tov (MS \u010c\u010cK NDP) se ji\u017e t\u0159et\u00edm rokem zapojila do sb\u00edrky Nada\u010dn\u00edho fondu Sv\u011btlu\u0161ka. Letos m\u011bli \u010dleni MS \u010c\u010cK NDP na pilno, b\u011bhem t\u0159\u00ed dn\u00ed sb\u00edrali pen\u00edze na dobrou v\u011bc ve t\u0159ech severo\u010desk\u00fdch m\u011bstech.<\/strong><!--more--><\/p>\n<p>Cel\u00fd \u010dl\u00e1nek <a href=\"https:\/\/www.novinky.cz\/vase-zpravy\/ustecky-kraj\/teplice\/5752-52326-tyden-plny-svetlusek-na-teplicku.html\" target=\"_blank\" rel=\"noopener noreferrer\">ZDE<\/a><\/p>\n","protected":false},"excerpt":{"rendered":"<div class=\"mh-excerpt\"><p>M\u00edstn\u00ed skupina \u010cesk\u00e9ho \u010cerven\u00e9ho k\u0159\u00ed\u017ee Novosedlice, Dub\u00ed a Probo\u0161tov (MS \u010c\u010cK NDP) se ji\u017e t\u0159et\u00edm rokem zapojila do sb\u00edrky Nada\u010dn\u00edho fondu Sv\u011btlu\u0161ka. Letos m\u011bli \u010dleni <a class=\"mh-excerpt-more\" href=\"https:\/\/www.invarena.cz\/?p=30888\" title=\"T\u00fdden pln\u00fd Sv\u011btlu\u0161ek na Teplicku\">[&#8230;]<\/a><\/p>\n<\/div>","protected":false},"author":1,"featured_media":1944,"comment_status":"open","ping_status":"closed","sticky":false,"template":"","format":"standard","meta":{"footnotes":""},"categories":[9],"tags":[],"class_list":["post-30888","post","type-post","status-publish","format-standard","has-post-thumbnail","hentry","category-zpravy"],"_links":{"self":[{"href":"https:\/\/www.invarena.cz\/index.php?rest_route=\/wp\/v2\/posts\/30888","targetHints":{"allow":["GET"]}}],"collection":[{"href":"https:\/\/www.invarena.cz\/index.php?rest_route=\/wp\/v2\/posts"}],"about":[{"href":"https:\/\/www.invarena.cz\/index.php?rest_route=\/wp\/v2\/types\/post"}],"author":[{"embeddable":true,"href":"https:\/\/www.invarena.cz\/index.php?rest_route=\/wp\/v2\/users\/1"}],"replies":[{"embeddable":true,"href":"https:\/\/www.invarena.cz\/index.php?rest_route=%2Fwp%2Fv2%2Fcomments&post=30888"}],"version-history":[{"count":0,"href":"https:\/\/www.invarena.cz\/index.php?rest_route=\/wp\/v2\/posts\/30888\/revisions"}],"wp:featuredmedia":[{"embeddable":true,"href":"https:\/\/www.invarena.cz\/index.php?rest_route=\/wp\/v2\/media\/1944"}],"wp:attachment":[{"href":"https:\/\/www.invarena.cz\/index.php?rest_route=%2Fwp%2Fv2%2Fmedia&parent=30888"}],"wp:term":[{"taxonomy":"category","embeddable":true,"href":"https:\/\/www.invarena.cz\/index.php?rest_route=%2Fwp%2Fv2%2Fcategories&post=30888"},{"taxonomy":"post_tag","embeddable":true,"href":"https:\/\/www.invarena.cz\/index.php?rest_route=%2Fwp%2Fv2%2Ftags&post=30888"}],"curies":[{"name":"wp","href":"https:\/\/api.w.org\/{rel}","templated":true}]}}